{"id":574160,"date":"2025-12-02T23:26:12","date_gmt":"2025-12-02T23:26:12","guid":{"rendered":"https:\/\/www.europesays.com\/fr\/574160\/"},"modified":"2025-12-02T23:26:12","modified_gmt":"2025-12-02T23:26:12","slug":"le-quatrieme-membre-presume-du-commando-place-en-detention-provisoire","status":"publish","type":"post","link":"https:\/\/www.europesays.com\/fr\/574160\/","title":{"rendered":"Le quatri\u00e8me membre pr\u00e9sum\u00e9 du commando plac\u00e9 en d\u00e9tention provisoire"},"content":{"rendered":"<p>Le <a href=\"https:\/\/www.20minutes.fr\/justice\/4188647-20251128-cambriolage-louvre-donc-quatre-suspects-connus-commando\" class=\"c-link c-link--is-underlined\" target=\"_blank\" rel=\"noopener\">quatri\u00e8me membre pr\u00e9sum\u00e9 du commando<\/a> impliqu\u00e9 dans le casse du Louvre a \u00e9t\u00e9 plac\u00e9, ce mardi 2\u00a0d\u00e9cembre, en d\u00e9tention provisoire, \u00e0 l\u2019issue d\u2019un d\u00e9bat devant le juge des libert\u00e9s et de la d\u00e9tention \u00e0 <a href=\"https:\/\/www.20minutes.fr\/paris\/\" class=\"c-link c-link--is-underlined\" target=\"_blank\" rel=\"noopener\">Paris<\/a>. Il avait \u00e9t\u00e9 interpell\u00e9 une semaine plus t\u00f4t sur un chantier \u00e0 <a href=\"https:\/\/www.20minutes.fr\/dossier\/laval\" class=\"c-link c-link--is-underlined\" target=\"_blank\" rel=\"noopener\">Laval<\/a> (<a href=\"https:\/\/www.20minutes.fr\/dossier\/mayenne\" class=\"c-link c-link--is-underlined\" target=\"_blank\" rel=\"noopener\">Mayenne<\/a>), avant d\u2019\u00eatre mis en examen vendredi pour vol en bande organis\u00e9e et association de malfaiteurs en r\u00e9cidive par les juges de la Juridiction interr\u00e9gionale sp\u00e9cialis\u00e9e (Jirs).<\/p>\n<p>Ses avocates Mes M\u00e9nya Arab-Tigrine et Farida Cagniard ont imm\u00e9diatement annonc\u00e9 leur intention de contester cette incarc\u00e9ration. \u00ab\u00a0Nous interjetons appel de ce placement en d\u00e9tention que nous contestons\u00a0\u00bb, ont-elles d\u00e9clar\u00e9 \u00e0 l\u2019AFP, d\u00e9non\u00e7ant son placement \u00e0 l\u2019isolement \u00e0 la prison de <a href=\"https:\/\/www.20minutes.fr\/dossier\/fresnes\" class=\"c-link c-link--is-underlined\" target=\"_blank\" rel=\"noopener\">Fresnes<\/a> (<a href=\"https:\/\/www.20minutes.fr\/societe\/val-de-marne\/\" class=\"c-link c-link--is-underlined\" target=\"_blank\" rel=\"noopener\">Val-de-Marne<\/a>), \u00ab\u00a0o\u00f9 la dignit\u00e9 humaine est tous les jours en p\u00e9ril\u00a0\u00bb. Elles assurent qu\u2019\u00ab\u00a0aucun \u00e9l\u00e9ment ne permet de dire qu\u2019il \u00e9tait sur place\u00a0\u00bb.<\/p>\n<\/p>\n<p>Un lourd pass\u00e9 judiciaire<\/p>\n<p>\u00c2g\u00e9 de 39 ans, originaire de <a href=\"https:\/\/www.20minutes.fr\/societe\/seine-saint-denis\/\" class=\"c-link c-link--is-underlined\" target=\"_blank\" rel=\"noopener\">Seine-Saint-Denis<\/a>, le suspect pr\u00e9sente un lourd pass\u00e9 judiciaire\u00a0: six condamnations pour prox\u00e9n\u00e9tisme, conduite sans permis ou recel de vol, une infraction pour laquelle il avait \u00e9cop\u00e9 de deux mois de prison avec sursis en\u00a02010, a rappel\u00e9 la procureure de Paris Laure Beccuau.<\/p>\n<p>Avant cette derni\u00e8re arrestation, les enqu\u00eateurs de la Brigade de r\u00e9pression du banditisme (BRB) et de l\u2019Office central de lutte contre le trafic de biens culturels (OCBC) avaient d\u00e9j\u00e0 arr\u00eat\u00e9 trois autres membres pr\u00e9sum\u00e9s du commando, \u00e9galement mis en examen pour vol en bande organis\u00e9e et association de malfaiteurs.<\/p>\n<p><a href=\"https:\/\/www.20minutes.fr\/dossier\/louvre\" class=\"c-link c-btn c-btn--primary\" target=\"_blank\" rel=\"noopener\">Notre dossier sur le Mus\u00e9e du Louvre<\/a>Des commanditaires introuvables<\/p>\n<p>Selon les premiers \u00e9l\u00e9ments, deux suspects auraient p\u00e9n\u00e9tr\u00e9 le 19\u00a0octobre dans la galerie d\u2019Apollon, tandis que deux autres, dont celui plac\u00e9 en d\u00e9tention ce mardi, seraient rest\u00e9s \u00e0 l\u2019ext\u00e9rieur avant la fuite collective. Une cinqui\u00e8me personne, la compagne de l\u2019un des suspects, est poursuivie pour complicit\u00e9 mais a \u00e9t\u00e9 plac\u00e9e sous contr\u00f4le judiciaire.<\/p>\n<p>Agissant en plein jour, encagoul\u00e9s, \u00e9quip\u00e9s d\u2019un monte-charge de d\u00e9m\u00e9nageurs et arm\u00e9s de disqueuses, les malfaiteurs avaient r\u00e9ussi \u00e0 s\u2019emparer de bijoux d\u2019une valeur estim\u00e9e \u00e0 88\u00a0millions d\u2019euros. Un mois apr\u00e8s ce vol spectaculaire, ni les pi\u00e8ces d\u00e9rob\u00e9es ni les commanditaires n\u2019ont \u00e9t\u00e9 retrouv\u00e9s.<\/p>\n","protected":false},"excerpt":{"rendered":"Le quatri\u00e8me membre pr\u00e9sum\u00e9 du commando impliqu\u00e9 dans le casse du Louvre a \u00e9t\u00e9 plac\u00e9, ce mardi 2\u00a0d\u00e9cembre,&hellip;\n","protected":false},"author":2,"featured_media":574161,"comment_status":"","ping_status":"","sticky":false,"template":"","format":"standard","meta":{"footnotes":""},"categories":[4],"tags":[47,11,1174,118,658,1011,27,662,303,11274,12,626,25],"class_list":{"0":"post-574160","1":"post","2":"type-post","3":"status-publish","4":"format-standard","5":"has-post-thumbnail","7":"category-france","8":"tag-actualite","9":"tag-actualites","10":"tag-cambriolage","11":"tag-faits-divers","12":"tag-faits-divers-paris","13":"tag-fr","14":"tag-france","15":"tag-ile-de-france","16":"tag-justice","17":"tag-louvre","18":"tag-news","19":"tag-paris","20":"tag-republique-francaise"},"share_on_mastodon":{"url":"https:\/\/pubeurope.com\/@fr\/115652564509719186","error":""},"_links":{"self":[{"href":"https:\/\/www.europesays.com\/fr\/wp-json\/wp\/v2\/posts\/574160","targetHints":{"allow":["GET"]}}],"collection":[{"href":"https:\/\/www.europesays.com\/fr\/wp-json\/wp\/v2\/posts"}],"about":[{"href":"https:\/\/www.europesays.com\/fr\/wp-json\/wp\/v2\/types\/post"}],"author":[{"embeddable":true,"href":"https:\/\/www.europesays.com\/fr\/wp-json\/wp\/v2\/users\/2"}],"replies":[{"embeddable":true,"href":"https:\/\/www.europesays.com\/fr\/wp-json\/wp\/v2\/comments?post=574160"}],"version-history":[{"count":0,"href":"https:\/\/www.europesays.com\/fr\/wp-json\/wp\/v2\/posts\/574160\/revisions"}],"wp:featuredmedia":[{"embeddable":true,"href":"https:\/\/www.europesays.com\/fr\/wp-json\/wp\/v2\/media\/574161"}],"wp:attachment":[{"href":"https:\/\/www.europesays.com\/fr\/wp-json\/wp\/v2\/media?parent=574160"}],"wp:term":[{"taxonomy":"category","embeddable":true,"href":"https:\/\/www.europesays.com\/fr\/wp-json\/wp\/v2\/categories?post=574160"},{"taxonomy":"post_tag","embeddable":true,"href":"https:\/\/www.europesays.com\/fr\/wp-json\/wp\/v2\/tags?post=574160"}],"curies":[{"name":"wp","href":"https:\/\/api.w.org\/{rel}","templated":true}]}}