{"id":574171,"date":"2025-12-02T23:34:13","date_gmt":"2025-12-02T23:34:13","guid":{"rendered":"https:\/\/www.europesays.com\/fr\/574171\/"},"modified":"2025-12-02T23:34:13","modified_gmt":"2025-12-02T23:34:13","slug":"les-internationaux-du-rct-font-leur-grand-retour-pour-defier-edimbourg","status":"publish","type":"post","link":"https:\/\/www.europesays.com\/fr\/574171\/","title":{"rendered":"Les internationaux du RCT font leur grand retour pour d\u00e9fier Edimbourg !"},"content":{"rendered":"<p data-start=\"365\" data-end=\"719\">Trois jours apr\u00e8s son succ\u00e8s autoritaire face \u00e0 Montauban, Toulon a repris le chemin de l\u2019entra\u00eenement ce mardi 2 d\u00e9cembre. Et une chose saute aux yeux : le RCT retrouve enfin du monde.<\/p>\n<p data-start=\"365\" data-end=\"719\">\u00c0 l\u2019aube du d\u00e9but de la Champions Cup, le manager Toulonnais Pierre Mignoni peut compter sur un effectif presque au complet, avec plusieurs internationaux pr\u00eats \u00e0 r\u00e9int\u00e9grer le XV de d\u00e9part.<\/p>\n<p><strong data-start=\"724\" data-end=\"761\">Un entra\u00eenement court mais muscl\u00e9<\/strong><\/p>\n<p data-start=\"763\" data-end=\"899\">Ce mardi, les joueurs Varois ont travaill\u00e9 plusieurs phases de jeu pour pr\u00e9parer le match contre Edimbourg, programm\u00e9 dimanche apr\u00e8s-midi, en Ecosse.<\/p>\n<p data-start=\"763\" data-end=\"899\">On pense notamment au travail sur les sorties de camp et au jeu au pied pour mettre l\u2019adversaire sous pression.<\/p>\n<p data-start=\"763\" data-end=\"899\">L\u2019entra\u00eenement s\u2019est termin\u00e9 par une opposition rythm\u00e9e sur la fin de s\u00e9ance.<\/p>\n<p data-start=\"1046\" data-end=\"1150\">Apr\u00e8s plusieurs semaines pass\u00e9es \u00e0 jongler avec les absences li\u00e9es aux s\u00e9lections, Toulon respire enfin.<\/p>\n<p><strong data-start=\"1155\" data-end=\"1202\">Les internationaux de retour dans le groupe<\/strong><\/p>\n<p data-start=\"1204\" data-end=\"1373\">La semaine derni\u00e8re, plusieurs cadres avaient b\u00e9n\u00e9fici\u00e9 d\u2019une coupure bien m\u00e9rit\u00e9e. D\u00e9sormais, tous postulent pour le match de dimanche \u00e0 \u00c9dimbourg.<\/p>\n<p data-start=\"1204\" data-end=\"1373\"><strong>Sont concern\u00e9s :<\/strong><\/p>\n<ul data-start=\"1374\" data-end=\"1493\">\n<li data-start=\"1374\" data-end=\"1398\">\n<p data-start=\"1376\" data-end=\"1398\"><strong data-start=\"1376\" data-end=\"1395\">Charles Ollivon<\/strong>,<\/p>\n<\/li>\n<li data-start=\"1399\" data-end=\"1426\">\n<p data-start=\"1401\" data-end=\"1426\"><strong data-start=\"1401\" data-end=\"1423\">Jean-Baptiste Gros<\/strong>,<\/p>\n<\/li>\n<li data-start=\"1427\" data-end=\"1445\">\n<p data-start=\"1429\" data-end=\"1445\"><strong data-start=\"1429\" data-end=\"1442\">Ben White<\/strong>,<\/p>\n<\/li>\n<li data-start=\"1446\" data-end=\"1468\">\n<p data-start=\"1448\" data-end=\"1468\"><strong data-start=\"1448\" data-end=\"1465\">Paolo Garbisi<\/strong>,<\/p>\n<\/li>\n<li data-start=\"1469\" data-end=\"1493\">\n<p data-start=\"1471\" data-end=\"1493\"><strong data-start=\"1471\" data-end=\"1492\">Juan Ignacio Brex<\/strong>.<\/p>\n<\/li>\n<\/ul>\n<p data-start=\"1495\" data-end=\"1566\">Les deux internationaux fran\u00e7ais seront m\u00eame <strong data-start=\"1540\" data-end=\"1555\">titularis\u00e9s<\/strong> en \u00c9cosse comme l\u2019annonce <a href=\"https:\/\/www.rugbyrama.fr\/2025\/12\/02\/champions-cup-toulon-ollivon-et-gros-sont-de-retour-vers-une-surprise-sur-la-feuille-de-match-pour-edimbourg-13086111.php\" target=\"_blank\" rel=\"noopener\">Midi Olympique<\/a>.<\/p>\n<p><strong data-start=\"1571\" data-end=\"1604\">Jaminet et Nonu op\u00e9rationnels<\/strong><\/p>\n<p data-start=\"1606\" data-end=\"1639\"><strong>Bonne nouvelle suppl\u00e9mentaire :<\/strong><\/p>\n<p data-start=\"1642\" data-end=\"1754\"><strong data-start=\"1642\" data-end=\"1660\">Melvyn Jaminet<\/strong>, secou\u00e9 face au Stade Fran\u00e7ais, est totalement remis. Il portera le num\u00e9ro <strong data-start=\"1736\" data-end=\"1742\">15<\/strong> dimanche.<\/p>\n<p data-start=\"1757\" data-end=\"1852\">Par ailleurs,<strong data-start=\"1757\" data-end=\"1770\"> Ma\u2019a Nonu<\/strong>, lui aussi laiss\u00e9 au repos, a repris avec le groupe et est bien dans la rotation.<\/p>\n<p><strong data-start=\"1857\" data-end=\"1915\">Un RCT plus costaud pour lancer sa campagne europ\u00e9enne<\/strong><\/p>\n<p data-start=\"1917\" data-end=\"2174\">Avec un effectif plus dense et des cadres repos\u00e9s, Toulon arrive en \u00c9cosse avec des arguments solides.<\/p>\n<p data-start=\"1917\" data-end=\"2174\">Une dynamique bienvenue pour aborder la Champions Cup dans les meilleures conditions \u2014 loin des semaines compliqu\u00e9es v\u00e9cues lors des tests internationaux.<\/p>\n","protected":false},"excerpt":{"rendered":"Trois jours apr\u00e8s son succ\u00e8s autoritaire face \u00e0 Montauban, Toulon a repris le chemin de l\u2019entra\u00eenement ce mardi&hellip;\n","protected":false},"author":2,"featured_media":564470,"comment_status":"","ping_status":"","sticky":false,"template":"","format":"standard","meta":{"footnotes":""},"categories":[9619],"tags":[1111,11,1777,674,1011,27,12,882,25,2310],"class_list":{"0":"post-574171","1":"post","2":"type-post","3":"status-publish","4":"format-standard","5":"has-post-thumbnail","7":"category-toulon","8":"tag-actu","9":"tag-actualites","10":"tag-eu","11":"tag-europe","12":"tag-fr","13":"tag-france","14":"tag-news","15":"tag-provence-alpes-cote-dazur","16":"tag-republique-francaise","17":"tag-toulon"},"share_on_mastodon":{"url":"https:\/\/pubeurope.com\/@fr\/115652595862234671","error":""},"_links":{"self":[{"href":"https:\/\/www.europesays.com\/fr\/wp-json\/wp\/v2\/posts\/574171","targetHints":{"allow":["GET"]}}],"collection":[{"href":"https:\/\/www.europesays.com\/fr\/wp-json\/wp\/v2\/posts"}],"about":[{"href":"https:\/\/www.europesays.com\/fr\/wp-json\/wp\/v2\/types\/post"}],"author":[{"embeddable":true,"href":"https:\/\/www.europesays.com\/fr\/wp-json\/wp\/v2\/users\/2"}],"replies":[{"embeddable":true,"href":"https:\/\/www.europesays.com\/fr\/wp-json\/wp\/v2\/comments?post=574171"}],"version-history":[{"count":0,"href":"https:\/\/www.europesays.com\/fr\/wp-json\/wp\/v2\/posts\/574171\/revisions"}],"wp:featuredmedia":[{"embeddable":true,"href":"https:\/\/www.europesays.com\/fr\/wp-json\/wp\/v2\/media\/564470"}],"wp:attachment":[{"href":"https:\/\/www.europesays.com\/fr\/wp-json\/wp\/v2\/media?parent=574171"}],"wp:term":[{"taxonomy":"category","embeddable":true,"href":"https:\/\/www.europesays.com\/fr\/wp-json\/wp\/v2\/categories?post=574171"},{"taxonomy":"post_tag","embeddable":true,"href":"https:\/\/www.europesays.com\/fr\/wp-json\/wp\/v2\/tags?post=574171"}],"curies":[{"name":"wp","href":"https:\/\/api.w.org\/{rel}","templated":true}]}}