{"id":574172,"date":"2025-12-02T23:35:21","date_gmt":"2025-12-02T23:35:21","guid":{"rendered":"https:\/\/www.europesays.com\/fr\/574172\/"},"modified":"2025-12-02T23:35:21","modified_gmt":"2025-12-02T23:35:21","slug":"un-salon-reinvente-the-place-to-business","status":"publish","type":"post","link":"https:\/\/www.europesays.com\/fr\/574172\/","title":{"rendered":"un salon r\u00e9invent\u00e9, \u00ab\u00a0The Place to Business\u00a0\u00bb"},"content":{"rendered":"<p>                    Par<br \/>\n        <strong><br \/>\n            <a href=\"https:\/\/actu.fr\/auteur\/metropoop\" title=\"Consulter tous les articles de R\u00e9daction M\u00e9tropolitain\" target=\"_blank\" rel=\"noopener\">R\u00e9daction M\u00e9tropolitain<\/a><br \/>\n                    <\/strong><\/p>\n<p>        Publi\u00e9 le<\/p>\n<p>            2 d\u00e9c. 2025 \u00e0 16h59        <\/p>\n<p><strong>La Place Cr\u00e9ative<\/strong> fait son retour le <strong>mercredi 3\u00a0d\u00e9cembre<\/strong>, de 9h \u00e0 18h, au Parc Expo de Montpellier. Cet<strong> \u00e9v\u00e8nement majeur de l\u2019entrepreneuriat en Occitanie<\/strong> depuis plus de 25\u00a0ans, d\u00e9voile cette ann\u00e9e un <strong>positionnement renouvel\u00e9\u2009<\/strong>: un salon ouvert \u00e0 tous les profils entrepreneurs (cr\u00e9ateurs, repreneurs, startups, dirigeants de TPE\/PME, entreprises en croissance), et un lieu d\u00e9di\u00e9 \u00e0 la cr\u00e9ation, \u00e0 la croissance, \u00e0 l\u2019innovation, au financement aux services du d\u00e9veloppement \u00e9conomique local. Sous sa nouvelle signature \u201c<strong>The Place to Business<\/strong>\u201d, le salon devient un acc\u00e9l\u00e9rateur d\u2019opportunit\u00e9s, un point de rencontres inspirantes et un hub de solutions concr\u00e8tes pour toutes les phases de vie d\u2019une entreprise.<\/p>\n<p>Un nouveau format enrichi pour tous les entrepreneurs<\/p>\n<p class=\" wall-content\">Cette \u00e9dition s\u2019articule autour de <strong>quatre piliers cl\u00e9s<\/strong> essentiels \u00e0 la r\u00e9ussite entrepreneuriale\u2009:<\/p>\n<ul class=\" wall-content\">\n<li>La cr\u00e9ation\u2009: Tester son id\u00e9e, construire son projet, se former, rencontrer des experts.<\/li>\n<li>La croissance\u2009: Booster son activit\u00e9, identifier les leviers de d\u00e9veloppement, structurer son entreprise.<\/li>\n<li>L\u2019innovation\u2009: D\u00e9couvrir des outils innovants (IA, num\u00e9rique, solutions m\u00e9tiers), s\u2019inspirer et se transformer.<\/li>\n<li>Le financement\u2009: Explorer les dispositifs d\u2019aide, \u00e9changer avec des financeurs, rencontrer les acteurs publics et priv\u00e9s.<\/li>\n<\/ul>\n<p>De nombreux temps forts :<\/p>\n<p>&#8211; Pr\u00e8s de 80 exposants experts en Cr\u00e9ation-Reprise et d\u00e9veloppement d\u2019entreprise. Chaque Lab\u2019 offre conseils, ressources, ateliers et solutions concr\u00e8tes. \u2028<br \/>&#8211; De nombreux ateliers d\u00e9di\u00e9s aux dirigeants et cr\u00e9ateurs \u2028<br \/>&#8211; Du networking sur l\u2019espace r\u00e9seaux \u2028<br \/>&#8211; Des RDV gratuits de 30 minutes avec des experts de l\u2019entrepreneuriat au sein de p\u00f4les th\u00e9matiques \u2028<br \/>&#8211; Concours \u00ab La Place aux Pitchs \u00bb avec le Lab Entreprendre \u2028<br \/>&#8211; La remise des prix \u00ab Talents des Quartiers \u00bb avec la BGE et Cit\u00e9sLab<\/p>\n<p>MENTORLAB pour des \u00ab\u2009Connexions inspirantes\u2009\u00bb<\/p>\n<p class=\" wall-content\">L\u2019\u00e9dition 2025 inaugure MENTORLAB, un <strong>dispositif in\u00e9dit<\/strong> qui <strong>favorise les liens<\/strong> entre dirigeants exp\u00e9riment\u00e9s, entrepreneurs en croissance, cr\u00e9ateurs et repreneurs. Les <strong>objectifs sont multiples<\/strong>. Il s\u2019agit \u00e0 la fois de booster la mont\u00e9e en comp\u00e9tences, de soutenir l\u2019ambition entrepreneuriale, de faciliter les transmissions d\u2019exp\u00e9rience et de cr\u00e9er des connexions.<\/p>\n<p>Vid\u00e9os : en ce moment sur ActuLes conf\u00e9rences \u00e0 ne pas manquer<\/p>\n<p class=\" wall-content\"><strong>\u00c0 10h30\u2009:<\/strong> entreprise en transition\u2009: repenser, transformer, agir\u2009!<\/p>\n<p class=\" wall-content\"><strong>\u00c0 11h30\u2009:<\/strong> L\u2019odyss\u00e9e de la cr\u00e9ation\u2009: ou les cl\u00e9s pour r\u00e9ussir son projet entrepreneurial.<\/p>\n<p>Votre r\u00e9gion, votre actu !<\/p>\n<p>Recevez chaque jour les infos qui comptent pour vous.<\/p>\n<p>\t<a href=\"https:\/\/actu.fr\/newsletter\" class=\"ac-btn ac-btn--corner ac-btn--medium ac-btn--blue800\" target=\"_blank\" rel=\"noopener\">S&rsquo;incrire<\/a><\/p>\n<p class=\" wall-content\"><strong>\u00c0 13h\u2009:<\/strong> reprendre une entreprise\u2009: une autre fa\u00e7on d\u2019entreprendre.<\/p>\n<p class=\" wall-content\"><strong>\u00c0 14h\u2009:<\/strong> s\u00e9curit\u00e9 \u00e9conomique\u2009: parer aux risques cyber, IA, \u00e0 l\u2019international\u2026<\/p>\n<p class=\" wall-content\"><strong>\u00c0 15h\u2009:<\/strong> transitions et croissance\u2009: faut-il se mettre au vert\u2009?<\/p>\n<p class=\" wall-content\"><strong>Mais aussi\u2026<\/strong><\/p>\n<p class=\" wall-content\"><strong>\u00c0 16h\u2009:<\/strong> finale de la place aux pitchs. Battle des cinq meilleurs projets s\u00e9lectionn\u00e9s lors de la Place Cr\u00e9ative.<\/p>\n<p class=\" wall-content\"><strong>\u00c0 17h\u2009:<\/strong> concours Talents des quartiers. D\u00e9couvrez quels cr\u00e9ateurs d\u2019entreprise ou jeunes dirigeants seront les ambassadeurs de la r\u00e9ussite\u2009!<\/p>\n<p>    <a href=\"https:\/\/www.google.com\/maps\/embed?pb=!1m18!1m12!1m3!1d2890.6801106370835!2d3.9458929883810807!3d43.57154829660548!2m3!1f0!2f0!3f0!3m2!1i1024!2i768!4f13.1!3m3!1m2!1s0x12b6a4d4493e02e5%3A0x1217e75b63971103!2sParc%20des%20Expositions%20de%20Montpellier%2C%20P%C3%A9rols!5e0!3m2!1sfr!2sfr!4v1764434959275!5m2!1sfr!2sfr\" title=\"Ouvrie le lien\" target=\"_blank\" rel=\"noopener\">Cliquez ici pour visualiser le contenu<\/a><\/p>\n<p>Les ateliers d\u00e9di\u00e9s<\/p>\n<p class=\" wall-content\">Tout au long de la journ\u00e9e, plusieurs ateliers seront propos\u00e9s aux <strong>cr\u00e9ateurs et repreneurs<\/strong>\u2009: \u00e0 10h, une session \u00ab\u2009Pitcher comme un pro\u2009\u00bb ouvrira le bal, suivie \u00e0 13h30 d\u2019un atelier consacr\u00e9 \u00e0 la strat\u00e9gie commerciale et marketing, puis \u00e0 15h30 d\u2019un temps d\u00e9di\u00e9 \u00e0 l\u2019analyse de march\u00e9. La journ\u00e9e s\u2019ach\u00e8vera pour eux \u00e0 16h30 avec le \u00ab\u2009MENTORLAB\u2009\u00bb.<\/p>\n<p class=\" wall-content\">En parall\u00e8le, les<strong> dirigeants<\/strong> pourront d\u00e8s 10h s\u2019initier aux enjeux de la transition num\u00e9rique et de l\u2019int\u00e9gration de l\u2019IA, avant un atelier \u00e0 13h30 consacr\u00e9 \u00e0 la transition \u00e9cologique et aux dispositifs mobilisables. \u00c0 15h30, place \u00e0 la transition soci\u00e9tale et \u00e0 la RSE, tandis qu\u2019\u00e0 16h30 un focus sera propos\u00e9 sur la facturation \u00e9lectronique.<\/p>\n<p><strong>&gt; Pratique :<\/strong> La Place Cr\u00e9ative, le mercredi 3 d\u00e9cembre de 9h \u00e0 18h au Parc Expo de Montpellier. Entr\u00e9e Sud \u2013 Hall B1. <a href=\"https:\/\/www.laplacecreative.com\/\" target=\"_blank\" rel=\"noopener\">Entr\u00e9e gratuite sur inscription par ici<\/a>.<\/p>\n<p class=\" wall-content\">Personnalisez votre actualit\u00e9 en ajoutant vos villes et m\u00e9dias en favori avec <a href=\"https:\/\/moncompte.actu.fr\" title=\"D\u00e9couvez Mon Actu\" rel=\"nofollow noopener\" data-trk=\"{&quot;cta&quot;:{&quot;action&quot;:&quot;https:\\\/\\\/moncompte.actu.fr&quot;,&quot;category&quot;:&quot;mon compte&quot;,&quot;from&quot;:&quot;article footer&quot;,&quot;name&quot;:&quot;Mon actu&quot;,&quot;type&quot;:&quot;cta&quot;}}\" target=\"_blank\">Mon Actu<\/a>.<\/p>\n","protected":false},"excerpt":{"rendered":"Par R\u00e9daction M\u00e9tropolitain Publi\u00e9 le 2 d\u00e9c. 2025 \u00e0 16h59 La Place Cr\u00e9ative fait son retour le mercredi&hellip;\n","protected":false},"author":2,"featured_media":574173,"comment_status":"","ping_status":"","sticky":false,"template":"","format":"standard","meta":{"footnotes":""},"categories":[9599],"tags":[1111,11,1777,674,1011,27,2208,12,2680,25,104],"class_list":{"0":"post-574172","1":"post","2":"type-post","3":"status-publish","4":"format-standard","5":"has-post-thumbnail","7":"category-montpellier","8":"tag-actu","9":"tag-actualites","10":"tag-eu","11":"tag-europe","12":"tag-fr","13":"tag-france","14":"tag-montpellier","15":"tag-news","16":"tag-occitanie","17":"tag-republique-francaise","18":"tag-societe"},"share_on_mastodon":{"url":"https:\/\/pubeurope.com\/@fr\/115652600063940176","error":""},"_links":{"self":[{"href":"https:\/\/www.europesays.com\/fr\/wp-json\/wp\/v2\/posts\/574172","targetHints":{"allow":["GET"]}}],"collection":[{"href":"https:\/\/www.europesays.com\/fr\/wp-json\/wp\/v2\/posts"}],"about":[{"href":"https:\/\/www.europesays.com\/fr\/wp-json\/wp\/v2\/types\/post"}],"author":[{"embeddable":true,"href":"https:\/\/www.europesays.com\/fr\/wp-json\/wp\/v2\/users\/2"}],"replies":[{"embeddable":true,"href":"https:\/\/www.europesays.com\/fr\/wp-json\/wp\/v2\/comments?post=574172"}],"version-history":[{"count":0,"href":"https:\/\/www.europesays.com\/fr\/wp-json\/wp\/v2\/posts\/574172\/revisions"}],"wp:featuredmedia":[{"embeddable":true,"href":"https:\/\/www.europesays.com\/fr\/wp-json\/wp\/v2\/media\/574173"}],"wp:attachment":[{"href":"https:\/\/www.europesays.com\/fr\/wp-json\/wp\/v2\/media?parent=574172"}],"wp:term":[{"taxonomy":"category","embeddable":true,"href":"https:\/\/www.europesays.com\/fr\/wp-json\/wp\/v2\/categories?post=574172"},{"taxonomy":"post_tag","embeddable":true,"href":"https:\/\/www.europesays.com\/fr\/wp-json\/wp\/v2\/tags?post=574172"}],"curies":[{"name":"wp","href":"https:\/\/api.w.org\/{rel}","templated":true}]}}