{"id":574178,"date":"2025-12-02T23:41:52","date_gmt":"2025-12-02T23:41:52","guid":{"rendered":"https:\/\/www.europesays.com\/fr\/574178\/"},"modified":"2025-12-02T23:41:52","modified_gmt":"2025-12-02T23:41:52","slug":"operation-coup-de-poing-au-bhv-grenoble-contre-larrivee-de-shein-2","status":"publish","type":"post","link":"https:\/\/www.europesays.com\/fr\/574178\/","title":{"rendered":"Op\u00e9ration coup de poing au BHV Grenoble contre l\u2019arriv\u00e9e de Shein"},"content":{"rendered":"<p>\n\t\t\t\t\t\t\t\t\t\t\t\t\t30 Novembre 2025\n\t\t\t\t\t\t\t\t\t\t\t\t<\/p>\n<p>\t\t\t\t\t\t\t\t\t\t\t<img decoding=\"async\" src=\"https:\/\/www.europesays.com\/fr\/wp-content\/uploads\/2025\/12\/1280x720_692c5d0bef14b-capture-decran-2025-11-30-a-16.png\" alt=\"Op\u00e9ration coup de poing au BHV Grenoble contre l\u2019arriv\u00e9e de Shein\" title=\"Op\u00e9ration coup de poing au BHV Grenoble contre l\u2019arriv\u00e9e de Shein\" width=\"1280\" height=\"720\" class=\"img-fluid  mb-3\" loading=\"lazy\"\/>\t\t\t\t\t\t\t\t\t\t\t<\/p>\n<p itemprop=\"description\"><strong>\u00c0 Grenoble, des militants ont perturb\u00e9 l&rsquo;entr\u00e9e du BHV pour d\u00e9noncer l\u2019installation repouss\u00e9e de l\u2019enseigne Shein, jug\u00e9e n\u00e9faste pour l\u2019environnement.<\/strong><\/p>\n<p>\t\t\t\t\tSamedi matin, l\u2019ambiance du BHV grenoblois a \u00e9t\u00e9 boulevers\u00e9e par une action militante ciblant l\u2019arriv\u00e9e programm\u00e9e, bien que retard\u00e9e, de\u2026\t\t\t\t\t\t\t\t\t\t\t\t\t\t\t\t\t\t\t\t\t\t<\/p>\n<p><a class=\"trans-button\" href=\"https:\/\/www.grenoblemag.com\/article\/2325\/operation-coup-de-poing-au-bhv-grenoble-contre-l-arrivee-de-shein\" title=\"Op\u00e9ration coup de poing au BHV Grenoble contre l\u2019arriv\u00e9e de Shein\" target=\"_blank\" rel=\"noopener\"><br \/>\n\t\t\t\t\t\t\t\tLire la suite de l&rsquo;article sur Grenoblemag \u00bb<br \/>\n\t\t\t\t\t\t\t<\/a>\n\t\t\t\t\t\t\t\t\t<\/p>\n","protected":false},"excerpt":{"rendered":"30 Novembre 2025 \u00c0 Grenoble, des militants ont perturb\u00e9 l&rsquo;entr\u00e9e du BHV pour d\u00e9noncer l\u2019installation repouss\u00e9e de l\u2019enseigne&hellip;\n","protected":false},"author":2,"featured_media":574179,"comment_status":"","ping_status":"","sticky":false,"template":"","format":"standard","meta":{"footnotes":""},"categories":[9566],"tags":[1111,66200,11,7733,66196,66213,66211,8279,2430,650,7734,66204,1777,674,66207,1011,27,66206,2731,66203,66201,4662,66212,66209,66202,12,1825,66205,66197,66198,66199,25,66208,66210],"class_list":{"0":"post-574178","1":"post","2":"type-post","3":"status-publish","4":"format-standard","5":"has-post-thumbnail","7":"category-grenoble","8":"tag-actu","9":"tag-actualite-grenoble","10":"tag-actualites","11":"tag-alpes","12":"tag-alpes-1-grenoble","13":"tag-alpes-de-hautes-provence-et-hautes-alpes","14":"tag-alpes-de-huez","15":"tag-alpes1","16":"tag-auvergne-rhone-alpes","17":"tag-cinema","18":"tag-ecoute","19":"tag-ecouter-alpes-1-grenoble","20":"tag-eu","21":"tag-europe","22":"tag-evenements-grenoble","23":"tag-fr","24":"tag-france","25":"tag-frequence-alpes-1-grenoble","26":"tag-grenoble","27":"tag-hits-grenoble","28":"tag-info-grenoble","29":"tag-journal","30":"tag-les-2-alpes","31":"tag-meteo-grenoble","32":"tag-musique-grenoble","33":"tag-news","34":"tag-radio","35":"tag-radio-en-ligne-grenoble","36":"tag-radio-grenoble","37":"tag-radio-isere","38":"tag-radio-locale-grenoble","39":"tag-republique-francaise","40":"tag-sorties-grenoble","41":"tag-trafic-grenoble"},"share_on_mastodon":{"url":"","error":"Validation failed: Text character limit of 500 exceeded"},"_links":{"self":[{"href":"https:\/\/www.europesays.com\/fr\/wp-json\/wp\/v2\/posts\/574178","targetHints":{"allow":["GET"]}}],"collection":[{"href":"https:\/\/www.europesays.com\/fr\/wp-json\/wp\/v2\/posts"}],"about":[{"href":"https:\/\/www.europesays.com\/fr\/wp-json\/wp\/v2\/types\/post"}],"author":[{"embeddable":true,"href":"https:\/\/www.europesays.com\/fr\/wp-json\/wp\/v2\/users\/2"}],"replies":[{"embeddable":true,"href":"https:\/\/www.europesays.com\/fr\/wp-json\/wp\/v2\/comments?post=574178"}],"version-history":[{"count":0,"href":"https:\/\/www.europesays.com\/fr\/wp-json\/wp\/v2\/posts\/574178\/revisions"}],"wp:featuredmedia":[{"embeddable":true,"href":"https:\/\/www.europesays.com\/fr\/wp-json\/wp\/v2\/media\/574179"}],"wp:attachment":[{"href":"https:\/\/www.europesays.com\/fr\/wp-json\/wp\/v2\/media?parent=574178"}],"wp:term":[{"taxonomy":"category","embeddable":true,"href":"https:\/\/www.europesays.com\/fr\/wp-json\/wp\/v2\/categories?post=574178"},{"taxonomy":"post_tag","embeddable":true,"href":"https:\/\/www.europesays.com\/fr\/wp-json\/wp\/v2\/tags?post=574178"}],"curies":[{"name":"wp","href":"https:\/\/api.w.org\/{rel}","templated":true}]}}