{"id":574186,"date":"2025-12-02T23:48:47","date_gmt":"2025-12-02T23:48:47","guid":{"rendered":"https:\/\/www.europesays.com\/fr\/574186\/"},"modified":"2025-12-02T23:48:47","modified_gmt":"2025-12-02T23:48:47","slug":"un-nouveau-parc-de-plus-de-5-hectares-va-voir-le-jour-dans-ce-quartier","status":"publish","type":"post","link":"https:\/\/www.europesays.com\/fr\/574186\/","title":{"rendered":"un nouveau parc de plus de 5 hectares va voir le jour dans\u00a0ce\u00a0quartier"},"content":{"rendered":"<p>                    Par<br \/>\n        <strong><br \/>\n            <a href=\"https:\/\/actu.fr\/auteur\/thomas-blanc\" title=\"Consulter tous les articles de Thomas Blanc\" target=\"_blank\" rel=\"noopener\">Thomas Blanc<\/a><br \/>\n                    <\/strong><\/p>\n<p>        Publi\u00e9 le<\/p>\n<p>            2 d\u00e9c. 2025 \u00e0 18h36        <\/p>\n<p>Apr\u00e8s <a href=\"https:\/\/actu.fr\/grand-est\/strasbourg_67482\/un-nouveau-parc-de-plus-de-5-hectares-inaugure-ce-samedi-a-strasbourg-de-nombreuses-animations-proposees_63179800.html\" target=\"_blank\" rel=\"noopener\">le parc des Romains<\/a>, inaugur\u00e9 au mois de septembre, <strong>un nouveau parc<\/strong> sera bient\u00f4t en \u00e9tat d\u2019accueillir du public \u00e0 <a href=\"https:\/\/actu.fr\/strasbourg\/\" target=\"_blank\" rel=\"noopener\">Strasbourg<\/a>. Situ\u00e9 dans le nord du quartier du <a href=\"https:\/\/actu.fr\/grand-est\/strasbourg_67482\/strasbourg-ce-quartier-va-enfin-avoir-son-marche_62237962.html\" target=\"_blank\" rel=\"noopener\">Port du Rhin<\/a>, il permettra de v\u00e9g\u00e9taliser <strong>une ancienne friche industrielle<\/strong>.<\/p>\n<p>Le parc du Petit Rhin \u00e0 Strasbourg ouvert d\u00e8s f\u00e9vrier\u00a02026<\/p>\n<p class=\" wall-content\">Le parc du Petit Rhin ouvrira au public <strong>en f\u00e9vrier\u00a02026<\/strong>. Situ\u00e9 entre les quartiers Coop et Starlette, il fera dans un premier temps <strong>4,2 hectares<\/strong>. Une deuxi\u00e8me phase de travaux, qui s\u2019ach\u00e8vera en 2032, l\u2019\u00e9tendra vers le nord de 1,4 hectare.<\/p>\n<p class=\" wall-content\">Il sera compos\u00e9 d\u2019<strong>une partie naturelle<\/strong> qui \u00ab\u2009permet de travailler les continuit\u00e9s \u00e9cologiques et pr\u00e9serve les corridors pour que les esp\u00e8ces se d\u00e9placent d\u2019un parc \u00e0 l\u2019autre\u2009\u00bb, comme l\u2019explique Suzanne Broly, adjointe \u00e0 la maire de Strasbourg en charge de la cr\u00e9ation des espaces verts et naturels urbains.<\/p>\n<p class=\" wall-content\">L\u2019autre partie du parc est dite \u00ab<strong>\u2009active<\/strong>\u2009\u00bb. C\u2019est l\u00e0 que seront install\u00e9es les <strong>aires de jeux<\/strong>, de <strong>pique-nique<\/strong>, des <strong>structures pour des activit\u00e9s sportives<\/strong> et deux <strong>fontaines d\u2019eau potable<\/strong> notamment.<\/p>\n<p>    <img   decoding=\"async\" loading=\"lazy\" src=\"https:\/\/www.europesays.com\/fr\/wp-content\/uploads\/2025\/12\/mobilier-parc-du-petit-rhin-strasbourg-960x640.jpg\" alt=\"Du mobilier a d\u00e9j\u00e0 \u00e9t\u00e9 install\u00e9, ci-dessus un tourniquet inclusif. Une personne en fauteuil roulant peut y prendre place au centre.\" width=\"960\" height=\"640\"\/><br \/>\n    Du mobilier a d\u00e9j\u00e0 \u00e9t\u00e9 install\u00e9\u2009: ci-dessus un tourniquet inclusif. Un enfant en fauteuil roulant peut y prendre place. (\u00a9Thomas Blanc \/ Actu Strasbourg)Une \u00e9cole donnera sur le parc<\/p>\n<p class=\" wall-content\">Le projet prend part \u00e0 <a href=\"https:\/\/actu.fr\/grand-est\/strasbourg_67482\/strasbourg-plan-canopee-saison-6-voici-ou-auront-lieu-les-prochaines-plantations-d-arbres_63465999.html\" target=\"_blank\" rel=\"noopener\">la sixi\u00e8me saison du Plan canop\u00e9e<\/a> de la Ville de Strasbourg. <strong>186 arbres<\/strong> seront plant\u00e9s dans le parc d\u00e8s cet hiver. D\u2019ici 2032, 730 seront dispos\u00e9s dans cet espace vert.<\/p>\n<blockquote class=\"ac-article-quote wall-content\">\n<p>Sur cet espace se trouvait une friche industrielle. Nous avons trait\u00e9 12 000 m3 de terres pollu\u00e9es. Au lieu d&rsquo;\u00e9tendre nos villes, d\u00e9polluons les friches industrielles pour rendre la vie plus agr\u00e9able dans un quartier en devenir. <\/p>\n<p>    <strong>Ir\u00e8ne Weiss<\/strong><br \/>\n        Conseill\u00e8re r\u00e9gionale de la R\u00e9gion Grand Est     <\/p><\/blockquote>\n<p>Votre r\u00e9gion, votre actu !<\/p>\n<p>Recevez chaque jour les infos qui comptent pour vous.<\/p>\n<p>\t<a href=\"https:\/\/actu.fr\/newsletter\" class=\"ac-btn ac-btn--corner ac-btn--medium ac-btn--blue800\" target=\"_blank\" rel=\"noopener\">S&rsquo;incrire<\/a><\/p>\n<p class=\" wall-content\">\u00c0 proximit\u00e9 imm\u00e9diate du parc, route du Petit Rhin, une <strong>\u00e9cole va \u00eatre construite<\/strong> et accueillera cinq classes de maternelle, sept classes \u00e9l\u00e9mentaires et une unit\u00e9 localis\u00e9e pour l\u2019inclusion scolaire (Ulis). Elle devrait accueillir ses premiers \u00e9l\u00e8ves \u00e0 <strong>la rentr\u00e9e 2029<\/strong> d\u2019apr\u00e8s la soci\u00e9t\u00e9 publique locale en charge du projet.<\/p>\n<p class=\" wall-content\">Personnalisez votre actualit\u00e9 en ajoutant vos villes et m\u00e9dias en favori avec <a href=\"https:\/\/moncompte.actu.fr\" title=\"D\u00e9couvez Mon Actu\" rel=\"nofollow noopener\" data-trk=\"{&quot;cta&quot;:{&quot;action&quot;:&quot;https:\\\/\\\/moncompte.actu.fr&quot;,&quot;category&quot;:&quot;mon compte&quot;,&quot;from&quot;:&quot;article footer&quot;,&quot;name&quot;:&quot;Mon actu&quot;,&quot;type&quot;:&quot;cta&quot;}}\" target=\"_blank\">Mon Actu<\/a>.<\/p>\n","protected":false},"excerpt":{"rendered":"Par Thomas Blanc Publi\u00e9 le 2 d\u00e9c. 2025 \u00e0 18h36 Apr\u00e8s le parc des Romains, inaugur\u00e9 au mois&hellip;\n","protected":false},"author":2,"featured_media":574187,"comment_status":"","ping_status":"","sticky":false,"template":"","format":"standard","meta":{"footnotes":""},"categories":[2820],"tags":[1111,11,436,1777,674,1011,27,775,12,25,104,640],"class_list":{"0":"post-574186","1":"post","2":"type-post","3":"status-publish","4":"format-standard","5":"has-post-thumbnail","7":"category-strasbourg","8":"tag-actu","9":"tag-actualites","10":"tag-environnement","11":"tag-eu","12":"tag-europe","13":"tag-fr","14":"tag-france","15":"tag-grand-est","16":"tag-news","17":"tag-republique-francaise","18":"tag-societe","19":"tag-strasbourg"},"share_on_mastodon":{"url":"https:\/\/pubeurope.com\/@fr\/115652655835936158","error":""},"_links":{"self":[{"href":"https:\/\/www.europesays.com\/fr\/wp-json\/wp\/v2\/posts\/574186","targetHints":{"allow":["GET"]}}],"collection":[{"href":"https:\/\/www.europesays.com\/fr\/wp-json\/wp\/v2\/posts"}],"about":[{"href":"https:\/\/www.europesays.com\/fr\/wp-json\/wp\/v2\/types\/post"}],"author":[{"embeddable":true,"href":"https:\/\/www.europesays.com\/fr\/wp-json\/wp\/v2\/users\/2"}],"replies":[{"embeddable":true,"href":"https:\/\/www.europesays.com\/fr\/wp-json\/wp\/v2\/comments?post=574186"}],"version-history":[{"count":0,"href":"https:\/\/www.europesays.com\/fr\/wp-json\/wp\/v2\/posts\/574186\/revisions"}],"wp:featuredmedia":[{"embeddable":true,"href":"https:\/\/www.europesays.com\/fr\/wp-json\/wp\/v2\/media\/574187"}],"wp:attachment":[{"href":"https:\/\/www.europesays.com\/fr\/wp-json\/wp\/v2\/media?parent=574186"}],"wp:term":[{"taxonomy":"category","embeddable":true,"href":"https:\/\/www.europesays.com\/fr\/wp-json\/wp\/v2\/categories?post=574186"},{"taxonomy":"post_tag","embeddable":true,"href":"https:\/\/www.europesays.com\/fr\/wp-json\/wp\/v2\/tags?post=574186"}],"curies":[{"name":"wp","href":"https:\/\/api.w.org\/{rel}","templated":true}]}}