{"id":574188,"date":"2025-12-02T23:50:28","date_gmt":"2025-12-02T23:50:28","guid":{"rendered":"https:\/\/www.europesays.com\/fr\/574188\/"},"modified":"2025-12-02T23:50:28","modified_gmt":"2025-12-02T23:50:28","slug":"la-compagnie-easyjet-annonce-deux-nouvelles-liaisons-aeriennes-en-alsace","status":"publish","type":"post","link":"https:\/\/www.europesays.com\/fr\/574188\/","title":{"rendered":"La compagnie Easyjet annonce deux nouvelles liaisons a\u00e9riennes en Alsace"},"content":{"rendered":"<p>Easyjet va ouvrir deux nouvelles lignes a\u00e9riennes en Alsace d&rsquo;ici le printemps et l&rsquo;\u00e9t\u00e9 2026 : Nantes-Strasbourg et B\u00e2le-Mulhouse-Lille.<\/p>\n<p>La compagnie a\u00e9rienne low-cost Easyjet annonce deux nouvelles liaisons a\u00e9riennes en Alsace.\u00a0<strong>La premi\u00e8re, c&rsquo;est Nantes-Strasbourg<\/strong>, avec deux vols hebdomadaires (le lundi et le vendredi) \u00e0 partir du 17 avril 2026, jusqu&rsquo;\u00e0 fin mai, avec des tarifs qui d\u00e9marreront \u00e0 40 euros le vol simple.<\/p>\n<p>La seconde, <strong>c&rsquo;est B\u00e2le Mulhouse &#8211; Lille<\/strong>, l\u00e0 aussi avec deux vols par semaine (lundi et vendredi), \u00e0 partir du 22 juin 2026. L\u00e0, le tarif pour un vol simple sera de 35 euros minimum. Easyjet indique dans un communiqu\u00e9 \u00ab\u00a0continue[r, avec cette nouvelle liaison]\u00a0d\u2019investir dans la connectivit\u00e9 des territoires, en reliant des r\u00e9gions o\u00f9 les alternatives terrestres restent peu pratiques\u00a0\u00bb. Il n&rsquo;y a pas de train direct entre Mulhouse et Lille, notons tout de m\u00eame qu&rsquo;il existe un TGV direct entre Strasbourg et la capitale des Hauts-de-France.<\/p>\n<p>\u00c0 lire aussi   <img decoding=\"async\" src=\"https:\/\/www.europesays.com\/fr\/wp-content\/uploads\/2025\/12\/1764719428_434_400x400\" alt=\"\" style=\"--_image-preview:url('data:image\/jpeg;base64,\/9j\/2wBDACgcHiMeGSgjISMtKygwPGRBPDc3PHtYXUlkkYCZlo+AjIqgtObDoKrarYqMyP\/L2u71\/\/\/\/m8H\/\/\/\/6\/+b9\/\/j\/2wBDASstLTw1PHZBQXb4pYyl+Pj4+Pj4+Pj4+Pj4+Pj4+Pj4+Pj4+Pj4+Pj4+Pj4+Pj4+Pj4+Pj4+Pj4+Pj4+Pj4+Pj\/wAARCAAXACoDASIAAhEBAxEB\/8QAFwABAQEBAAAAAAAAAAAAAAAAAAEDAv\/EABgQAQEBAQEAAAAAAAAAAAAAAAASEQEC\/8QAFwEBAQEBAAAAAAAAAAAAAAAAAQACA\/\/EABURAQEAAAAAAAAAAAAAAAAAAAAR\/9oADAMBAAIRAxEAPwDbU76Z0nfTpWI0pKZ0lCqNqWmNLQpcaaAaTU0AjTQKf\/\/Z');\" loading=\"lazy\" fetchpriority=\"low\" aria-hidden=\"true\" class=\"svelte-1cksh76 rounded\" onload=\"this.__e=event\" onerror=\"this.__e=event\"\/><\/p>\n","protected":false},"excerpt":{"rendered":"Easyjet va ouvrir deux nouvelles lignes a\u00e9riennes en Alsace d&rsquo;ici le printemps et l&rsquo;\u00e9t\u00e9 2026 : Nantes-Strasbourg et&hellip;\n","protected":false},"author":2,"featured_media":574189,"comment_status":"","ping_status":"","sticky":false,"template":"","format":"standard","meta":{"footnotes":""},"categories":[2820],"tags":[1111,11,1777,674,1011,27,775,12,25,640],"class_list":{"0":"post-574188","1":"post","2":"type-post","3":"status-publish","4":"format-standard","5":"has-post-thumbnail","7":"category-strasbourg","8":"tag-actu","9":"tag-actualites","10":"tag-eu","11":"tag-europe","12":"tag-fr","13":"tag-france","14":"tag-grand-est","15":"tag-news","16":"tag-republique-francaise","17":"tag-strasbourg"},"share_on_mastodon":{"url":"https:\/\/pubeurope.com\/@fr\/115652659562689154","error":""},"_links":{"self":[{"href":"https:\/\/www.europesays.com\/fr\/wp-json\/wp\/v2\/posts\/574188","targetHints":{"allow":["GET"]}}],"collection":[{"href":"https:\/\/www.europesays.com\/fr\/wp-json\/wp\/v2\/posts"}],"about":[{"href":"https:\/\/www.europesays.com\/fr\/wp-json\/wp\/v2\/types\/post"}],"author":[{"embeddable":true,"href":"https:\/\/www.europesays.com\/fr\/wp-json\/wp\/v2\/users\/2"}],"replies":[{"embeddable":true,"href":"https:\/\/www.europesays.com\/fr\/wp-json\/wp\/v2\/comments?post=574188"}],"version-history":[{"count":0,"href":"https:\/\/www.europesays.com\/fr\/wp-json\/wp\/v2\/posts\/574188\/revisions"}],"wp:featuredmedia":[{"embeddable":true,"href":"https:\/\/www.europesays.com\/fr\/wp-json\/wp\/v2\/media\/574189"}],"wp:attachment":[{"href":"https:\/\/www.europesays.com\/fr\/wp-json\/wp\/v2\/media?parent=574188"}],"wp:term":[{"taxonomy":"category","embeddable":true,"href":"https:\/\/www.europesays.com\/fr\/wp-json\/wp\/v2\/categories?post=574188"},{"taxonomy":"post_tag","embeddable":true,"href":"https:\/\/www.europesays.com\/fr\/wp-json\/wp\/v2\/tags?post=574188"}],"curies":[{"name":"wp","href":"https:\/\/api.w.org\/{rel}","templated":true}]}}