{"id":574198,"date":"2025-12-02T23:57:23","date_gmt":"2025-12-02T23:57:23","guid":{"rendered":"https:\/\/www.europesays.com\/fr\/574198\/"},"modified":"2025-12-02T23:57:23","modified_gmt":"2025-12-02T23:57:23","slug":"bordeaux-montaigne-veut-annuler-le-village-antifa-les-organisateurs-maintiennent-levenement","status":"publish","type":"post","link":"https:\/\/www.europesays.com\/fr\/574198\/","title":{"rendered":"Bordeaux Montaigne veut annuler le Village antifa, les organisateurs maintiennent l&rsquo;\u00e9v\u00e8nement"},"content":{"rendered":"<p>Vendredi 28 novembre, la pr\u00e9sidence de l\u2019Universit\u00e9 Bordeaux Montaigne a annonc\u00e9 sa volont\u00e9 d\u2019annuler le Village antifasciste et internationaliste pr\u00e9vu jeudi 4 d\u00e9cembre sur le parvis de la fac, expliquant ne pas disposer du \u00ab\u00a0personnel de s\u00fbret\u00e9\u00a0\u00bb suffisant. Ce pr\u00e9texte s\u00e9curitaire avait d\u00e9j\u00e0 \u00e9t\u00e9 utilis\u00e9 l\u2019an dernier pour tenter d\u2019emp\u00eacher un pr\u00e9c\u00e9dent Village, finalement maintenu et d\u00e9roul\u00e9 sans incident. Le refus de laisser s\u2019organiser la seconde \u00e9dition de ce Village t\u00e9moigne du saut r\u00e9pressif \u00e0 l\u2019oeuvre \u00e0 l\u2019UBM.\u00a0En cherchant \u00e0 emp\u00eacher la tenue du Village, la pr\u00e9sidence vise directement un des rares espaces o\u00f9 la communaut\u00e9 universitaire s\u2019organise collectivement contre l\u2019extr\u00eame droite.<\/p>\n<p>Face \u00e0 cette tentative de faire annuler, le Comit\u00e9 d\u2019action contre l\u2019extr\u00eame droite (CACED) et une trentaine d\u2019organisations ont publi\u00e9 une d\u00e9claration dans laquelle ils qualifient ce \u00ab\u00a0manque de s\u00fbret\u00e9\u00a0\u00bb de faux pr\u00e9texte et refusent tout changement de date ou de lieu impos\u00e9 par en haut. \u00ab\u00a0La pr\u00e9sidence essaye de nous forcer la main pour d\u00e9caler le Village mais derri\u00e8re cette question de calendrier, c\u2019est une mani\u00e8re de r\u00e9duire la port\u00e9e politique de l\u2019\u00e9v\u00e8nement en le sortant de la s\u00e9quence des \u00e9lections \u00e9tudiantes\u00a0\u00bb explique Ma\u00efa, militante au CACED et au Poing Lev\u00e9. Le Village doit en effet se tenir en m\u00eame temps que les \u00e9lections de l\u2019Universit\u00e9 de Bordeaux, pr\u00e9vues du 2 au 4 d\u00e9cembre, au cours desquelles l\u2019UNI et la Cocarde, deux organisations d\u2019extr\u00eame droite, vont chercher \u00e0 s\u2019implanter dans les conseils.<\/p>\n<p>Loin de reculer, le CACED et les organisations affirment que le Village se tiendra bien le 4 d\u00e9cembre, d\u00e8s 10 h 30, sur le campus de Bordeaux Montaigne, et appellent \u00e0 y participer massivement pour briser cette censure. Pr\u00e9par\u00e9 depuis deux mois, ce Village Antifa et Internationaliste est pens\u00e9 comme un moment de lutte et d\u2019\u00e9change pour l\u2019ensemble de la communaut\u00e9 universitaire et du milieu militant, avec un retentissement sur toute la ville. Il fait directement suite \u00e0 un premier village organis\u00e9 en f\u00e9vrier dernier face \u00e0 l\u2019irruption de groupuscules fascistes sur la fac, qui avait rassembl\u00e9 plusieurs centaines de personnes et permis la distribution de nombreux colis alimentaires, d\u00e9montrant la capacit\u00e9 des \u00e9tudiants et personnels \u00e0 s\u2019auto-organiser sans la tutelle de la pr\u00e9sidence. Cr\u00e9\u00e9 en d\u00e9cembre 2024 en r\u00e9ponse aux provocations r\u00e9p\u00e9t\u00e9es de l\u2019extr\u00eame droite sur le campus, le CACED rassemble aujourd\u2019hui des dizaines d\u2019\u00e9tudiants, de personnels et d\u2019organisations, et a d\u00e9j\u00e0 montr\u00e9 sa capacit\u00e9 \u00e0 faire reculer ces groupes en repoussant plusieurs tentatives d\u2019intimidation. C\u2019est bien cette force d\u2019auto-organisation, capable de d\u00e9fendre le campus face aux fascistes, que la pr\u00e9sidence cherche \u00e0 contenir en tentant de faire annuler le Village du 4 d\u00e9cembre.<\/p>\n<p>La diversit\u00e9 des signataires de l\u2019appel montre d\u2019ailleurs que ce que la pr\u00e9sidence veut emp\u00eacher n\u2019est pas un simple \u00ab\u00a0\u00e9v\u00e8nement \u00e9tudiant\u00a0\u00bb, mais une v\u00e9ritable initiative unitaire du mouvement social bordelais. On retrouve ainsi des organisations du mouvement \u00e9tudiant comme Le Poing Lev\u00e9, la FSE, l\u2019Union \u00c9tudiante et l\u2019UNEF, aux c\u00f4t\u00e9s de partis politiques comme La France Insoumise ou R\u00e9volution Permanente. Du c\u00f4t\u00e9 syndical, plusieurs sections ont rejoint l\u2019appel, parmi lesquelles les sections CGT des universit\u00e9s bordelaises, SUD PTT 33, SUD Industrie 33, la CGT Education 33 ou encore la CGT Blanchisserie du CHU de Bordeaux ou encore la Conf\u00e9d\u00e9ration paysanne jeune Gironde, tandis que des organisations antifascistes comme l\u2019Offensive antifasciste de Bordeaux et l\u2019AFA Deux-S\u00e8vres seront aussi de la partie. Enfin, diff\u00e9rents collectifs et associations f\u00e9ministes, antiracistes et de solidarit\u00e9 avec la Palestine de la ville et de la r\u00e9gion participeront au Village, comme l\u2019AG F\u00e9ministe Gironde, l\u2019UJFP Aquitaine, \u00c9ducation avec Gaza ou encore Nous Toutes 33. En s\u2019attaquant au Village, la pr\u00e9sidence s\u2019en prend donc \u00e0 un front large antifasciste et internationaliste qui d\u00e9passe largement le cadre de l\u2019universit\u00e9.<\/p>\n<p>Tout au long de la journ\u00e9e, un programme vari\u00e9 est pr\u00e9vu avec une table ronde qui abordera les r\u00e9alit\u00e9s de l\u2019imp\u00e9rialisme et de la colonisation \u00e0 travers le monde en pr\u00e9sence de la Communaut\u00e9 sahraouie de Gironde, le Collectif Kanaky Bordeaux et La maison des soudanais \u00e0 Bordeaux tandis qu\u2019une conf\u00e9rence reviendra sur la situation en Cisjordanie avec la Conf\u00e9d\u00e9ration paysanne et Andr\u00e9 Rosev\u00e8gue de l\u2019Union Juive Fran\u00e7aise pour la Paix. Une autre conf\u00e9rence sera consacr\u00e9e aux le\u00e7ons de l\u2019histoire face \u00e0 la mont\u00e9e de l\u2019extr\u00eame droite, avec Nicolas Patin, ma\u00eetre de conf\u00e9rences \u00e0 l\u2019UBM et co-auteur du livre Le Monde nazi. \u00c0 15 h, une distribution alimentaire sera organis\u00e9e gr\u00e2ce aux contributions de SUD Industrie, de la Conf\u00e9d\u00e9ration paysanne et des b\u00e9n\u00e9fices du concert contre l\u2019extr\u00eame droite d\u2019avril dernier. Autant d\u2019initiatives concr\u00e8tes de solidarit\u00e9 et de politisation que la pr\u00e9sidence pr\u00e9f\u00e8re faire dispara\u00eetre plut\u00f4t que de les assumer sur son campus.<\/p>\n<p>Dans un contexte o\u00f9 le g\u00e9nocide \u00e0 Gaza se poursuit depuis maintenant plus de deux ans, les organisations rappellent que l\u2019extr\u00eame droite est le \u00ab\u00a0 premier soutien \u00e0 la politique g\u00e9nocidaire d\u2019Isra\u00ebl\u00a0\u00bb et appellent \u00e0 s\u2019inspirer de \u00ab\u00a0l\u2019\u00e9lan r\u00e9volutionnaire de la Gen Z \u00a0\u00bb qui, de Madagascar au Maroc, d\u2019Indon\u00e9sie au N\u00e9pal, se mobilise contre l\u2019imp\u00e9rialisme. De la m\u00eame fa\u00e7on qu\u2019en Italie ou en Espagne, o\u00f9 la jeunesse s\u2019est li\u00e9e aux travailleur\u00b7euses pour revendiquer la fin du g\u00e9nocide \u00e0 Gaza depuis les centres imp\u00e9rialistes europ\u00e9ens, les signataires du Village entendent articuler antifascisme, solidarit\u00e9 avec la Palestine et combat contre les politiques imp\u00e9rialistes fran\u00e7aises.<\/p>\n<p>Les organisations d\u00e9noncent enfin les politiques gouvernementales qui \u00ab\u00a0ont servi de marchepied \u00e0 l\u2019extr\u00eame droite\u00a0\u00bb, en r\u00e9primant le mouvement de solidarit\u00e9 avec la Palestine au moyen de lois liberticides, en criminalisant l\u2019antisionisme au nom du combat contre l\u2019antis\u00e9mitisme, en menant la chasse aux sans-papiers, en imposant les lois immigration et en multipliant les offensives transphobes. De la censure du colloque sur la Palestine au Coll\u00e8ge de France \u00e0 la tentative de faire annuler du Village antifa \u00e0 Bordeaux Montaigne se dessine une m\u00eame logique\u00a0: restreindre toujours plus les espaces o\u00f9 peuvent s\u2019exprimer les voix anticoloniales, antifascistes et anticapitalistes.<\/p>\n<p>Il est primordial de d\u00e9fendre la tenue du Village antifasciste et internationaliste \u00e0 Bordeaux Montaigne contre la censure de la pr\u00e9sidence et face \u00e0 la pr\u00e9sence de l\u2019extr\u00eame droite sur les campus voisins pour les \u00e9lections \u00e0 l\u2019Universit\u00e9 de Bordeaux.<\/p>\n","protected":false},"excerpt":{"rendered":"Vendredi 28 novembre, la pr\u00e9sidence de l\u2019Universit\u00e9 Bordeaux Montaigne a annonc\u00e9 sa volont\u00e9 d\u2019annuler le Village antifasciste et&hellip;\n","protected":false},"author":2,"featured_media":574199,"comment_status":"","ping_status":"","sticky":false,"template":"","format":"standard","meta":{"footnotes":""},"categories":[2817],"tags":[1111,11,1997,1777,674,1011,27,12,2219,25],"class_list":{"0":"post-574198","1":"post","2":"type-post","3":"status-publish","4":"format-standard","5":"has-post-thumbnail","7":"category-bordeaux","8":"tag-actu","9":"tag-actualites","10":"tag-bordeaux","11":"tag-eu","12":"tag-europe","13":"tag-fr","14":"tag-france","15":"tag-news","16":"tag-nouvelle-aquitaine","17":"tag-republique-francaise"},"share_on_mastodon":{"url":"https:\/\/pubeurope.com\/@fr\/115652686878213951","error":""},"_links":{"self":[{"href":"https:\/\/www.europesays.com\/fr\/wp-json\/wp\/v2\/posts\/574198","targetHints":{"allow":["GET"]}}],"collection":[{"href":"https:\/\/www.europesays.com\/fr\/wp-json\/wp\/v2\/posts"}],"about":[{"href":"https:\/\/www.europesays.com\/fr\/wp-json\/wp\/v2\/types\/post"}],"author":[{"embeddable":true,"href":"https:\/\/www.europesays.com\/fr\/wp-json\/wp\/v2\/users\/2"}],"replies":[{"embeddable":true,"href":"https:\/\/www.europesays.com\/fr\/wp-json\/wp\/v2\/comments?post=574198"}],"version-history":[{"count":0,"href":"https:\/\/www.europesays.com\/fr\/wp-json\/wp\/v2\/posts\/574198\/revisions"}],"wp:featuredmedia":[{"embeddable":true,"href":"https:\/\/www.europesays.com\/fr\/wp-json\/wp\/v2\/media\/574199"}],"wp:attachment":[{"href":"https:\/\/www.europesays.com\/fr\/wp-json\/wp\/v2\/media?parent=574198"}],"wp:term":[{"taxonomy":"category","embeddable":true,"href":"https:\/\/www.europesays.com\/fr\/wp-json\/wp\/v2\/categories?post=574198"},{"taxonomy":"post_tag","embeddable":true,"href":"https:\/\/www.europesays.com\/fr\/wp-json\/wp\/v2\/tags?post=574198"}],"curies":[{"name":"wp","href":"https:\/\/api.w.org\/{rel}","templated":true}]}}