{"id":574200,"date":"2025-12-02T23:58:19","date_gmt":"2025-12-02T23:58:19","guid":{"rendered":"https:\/\/www.europesays.com\/fr\/574200\/"},"modified":"2025-12-02T23:58:19","modified_gmt":"2025-12-02T23:58:19","slug":"lgv-bordeaux-toulouse-pour-depasser-les-frontieres-leurope-pose-une-enveloppe-de-trois-milliards-deuros","status":"publish","type":"post","link":"https:\/\/www.europesays.com\/fr\/574200\/","title":{"rendered":"LGV Bordeaux-Toulouse. Pour d\u00e9passer les fronti\u00e8res, l&rsquo;Europe pose une enveloppe de trois milliards d&rsquo;euros"},"content":{"rendered":"<p>                    Par<br \/>\n        <strong><br \/>\n            <a href=\"https:\/\/actu.fr\/auteur\/marie-lamarque\" title=\"Consulter tous les articles de Marie Lamarque\" target=\"_blank\" rel=\"noopener\">Marie Lamarque<\/a><br \/>\n                    <\/strong><\/p>\n<p>        Publi\u00e9 le<\/p>\n<p>            2 d\u00e9c. 2025 \u00e0 18h31<br \/>\n        ; mis \u00e0 jour le 2 d\u00e9c. 2025 \u00e0 19h14    <\/p>\n<p>\u00ab\u2009C\u2019est bien pr\u00e9vu et act\u00e9\u2009\u00bb, souligne la pr\u00e9sidente de la r\u00e9gion Occitanie qui veut faire taire les rumeurs. Ce mardi 2\u00a0d\u00e9cembre 2025, <strong>Carole Delga<\/strong> \u00e9tait \u00e0 Saint-Jory, au nord de <a href=\"https:\/\/actu.fr\/toulouse\/\" target=\"_blank\" rel=\"noopener\">Toulouse<\/a>, pour visiter le chantier de la future Ligne \u00e0 Grande Vitesse (LGV) qui doit relier la Ville rose \u00e0 Bordeaux (en 1h05), mais aussi \u00e0 Dax. Soit<strong> 358\u00a0km de voies nouvelles<\/strong>.<br \/><strong>Un chantier qui se chiffre \u00e0 14\u00a0milliards d\u2019euros<\/strong> et dont le mod\u00e8le de financement avait provoqu\u00e9 <a href=\"https:\/\/actu.fr\/occitanie\/toulouse_31555\/lgv-bordeaux-toulouse-insoumis-et-ecolos-reclament-a-l-etat-la-suspension-du-projet-et-du-chantier_63105724.html\" target=\"_blank\" rel=\"noopener\">une lev\u00e9e de boucliers, trois mois plus t\u00f4t<\/a>. Plusieurs d\u00e9put\u00e9s Insoumis et \u00c9cologistes de la Haute-Garonne avaient sign\u00e9 un courrier demandant l\u2019arr\u00eat des travaux des Am\u00e9nagements Ferroviaires au Nord de Toulouse (AFNT) apr\u00e8s l\u2019annonce d\u2019un retrait de financement europ\u00e9en. \u00ab\u2009L\u2019Europe soutient ce projet\u2009\u00bb, r\u00e9p\u00e8te Carole Delga, aux c\u00f4t\u00e9s des deux coordinateurs europ\u00e9ens. Ils ont pr\u00e9cis\u00e9, ce mardi, cet engagement, \u00e0 hauteur <strong>d\u2019un peu plus de trois milliards d\u2019euros<\/strong> dans le cadre du prochain plan de financement 2028-2034.<\/p>\n<p>\u00ab\u2009Nous n\u2019arrivons pas \u00e0 transporter assez de voyageurs\u2009\u00bb, dit Carole Delga<\/p>\n<p class=\" wall-content\">Pour financer ces 14\u00a0milliards d\u2019euros, 24 collectivit\u00e9s d\u2019Occitanie et de Nouvelle-Aquitaine vont mettre la main \u00e0 la poche, en plus de l\u2019\u00c9tat (qui finance \u00e0 40\u2009%) et de l\u2019Europe (qui finance \u00e0 20\u2009%).<\/p>\n<p class=\" wall-content\">\u00c0 l\u2019\u00e9chelle locale, l\u2019ambition est notamment d\u2019offrir une nouvelle offre de mobilit\u00e9 pour des voyageurs d\u00e9j\u00e0 nombreux sur le r\u00e9seau. \u00ab\u2009Sur la ligne Montauban-Toulouse, <strong>la fr\u00e9quentation des trains du quotidien a presque doubl\u00e9 en six ans<\/strong>\u2009\u00bb, expose Carole Delga. Et d\u2019ajouter qu\u2019il existe un r\u00e9el besoin de cr\u00e9er une nouvelle ligne, \u00e0 la fois pour du fret et pour les voyageurs.<\/p>\n<p>    <img   decoding=\"async\" loading=\"lazy\" src=\"https:\/\/www.europesays.com\/fr\/wp-content\/uploads\/2025\/12\/carole-delga-toulouse-afnt-chantier-960x640.jpg\" alt=\"Carole Delga, pr\u00e9sidente de la r\u00e9gion Occitanie.\" width=\"960\" height=\"640\"\/><br \/>\n    Pour Carole Delga, pr\u00e9sidente de la r\u00e9gion Occitanie, cette nouvelle ligne r\u00e9pondra \u00e0 la demande des voyageurs. (\u00a9Marie Lamarque \/ Actu Toulouse)<\/p>\n<p class=\" wall-content\">Cette future Ligne Nouvelle du Sud-Ouest permettra de lib\u00e9rer des sillons de circulation sur les lignes actuelles, de cr\u00e9er des nouveaux, et ainsi<strong> d\u2019augmenter le nombre de trains r\u00e9gionaux et de fret<\/strong> sur l\u2019ensemble du sud-ouest.<\/p>\n<p>Une 2e ligne pour relier l\u2019Espagne<\/p>\n<p class=\" wall-content\">L\u2019Europe voit dans la construction de la future LGV des opportunit\u00e9s qui d\u00e9passent largement la fronti\u00e8re toulousaine, avec la cr\u00e9ation d\u2019un maillage \u00e0 la fois sur la fa\u00e7ade atlantique et sur la fa\u00e7ade m\u00e9diterran\u00e9enne.<\/p>\n<p class=\" wall-content\">En plus de la ligne Bordeaux-Toulouse, <strong>une ligne mixte entre Dax et l\u2019Espagne<\/strong> sera cr\u00e9\u00e9e <strong>sur 91\u00a0km<\/strong>, \u00e0 la fois pour du fret et des trains voyageurs. <strong>Un projet chiffr\u00e9 \u00e0 environ 4\u00a0milliards d\u2019euros\u00a0<\/strong>et qui ne pourrait se concr\u00e9tiser qu\u2019en 2042. \u00ab\u2009Pour moi, cela reste trop long. Il y a, actuellement, une pression \u00e9norme pour aller plus vite sur le transport europ\u00e9en\u2009\u00bb, commente <strong>Fran\u00e7ois Bausch<\/strong>, coordinateur europ\u00e9en du corridor Atlantique.<\/p>\n<p>Votre r\u00e9gion, votre actu !<\/p>\n<p>Recevez chaque jour les infos qui comptent pour vous.<\/p>\n<p>\t<a href=\"https:\/\/actu.fr\/newsletter\" class=\"ac-btn ac-btn--corner ac-btn--medium ac-btn--blue800\" target=\"_blank\" rel=\"noopener\">S&rsquo;incrire<\/a><\/p>\n<p>    <img   decoding=\"async\" loading=\"lazy\" src=\"https:\/\/www.europesays.com\/fr\/wp-content\/uploads\/2025\/12\/toulouse-dax-bordeaux-train-travaux-960x640.png\" alt=\"Une deuxi\u00e8me ligne pour relier Dax \u00e0 l'Espagne est pr\u00e9vue lors d'une deuxi\u00e8me phase de travaux.\" width=\"960\" height=\"640\"\/><br \/>\n    Une deuxi\u00e8me ligne pour relier Dax \u00e0 l\u2019Espagne est pr\u00e9vue lors d\u2019une deuxi\u00e8me phase de travaux. (\u00a9GPSO)<\/p>\n<p class=\" wall-content\">L\u2019objectif \u00e0 plus long terme\u2009?<strong> Relier la partie sud de la Gironde \u00e0 la fronti\u00e8re espagnole<\/strong>. De quoi cr\u00e9er un maillage entre des p\u00f4les \u00e9conomiques majeurs\u2009: <strong>Toulouse, Dax, Madrid et Bilbao<\/strong>. \u00ab\u2009L\u2019Europe ne peut se construire que si elle est ouverte vers ses pays voisins\u2009\u00bb, souligne <strong>Fran\u00e7ois Bausch<\/strong>. Et si l\u2019Espagne est la plus proche voisine, \u00ab\u2009le Portugal\u2009\u00bb se montre aussi tr\u00e8s attentif, selon Carole Delga.<\/p>\n<p>AFNT\u2009: 25\u2009% des travaux r\u00e9alis\u00e9s<\/p>\n<p class=\" wall-content\"><strong>120\u00a0millions d\u2019euros<\/strong> ont d\u00e9j\u00e0 \u00e9t\u00e9 allou\u00e9s par l\u2019Europe pour aider \u00e0 financer le d\u00e9but de chantier lanc\u00e9 en mai\u00a02024. La future ligne Bordeaux et Toulouse est toujours attendue pour 2032. <strong>25\u2009% des travaux des AFNT sont r\u00e9alis\u00e9s \u00e0 ce jour.<\/strong><\/p>\n<p>    <img   decoding=\"async\" loading=\"lazy\" src=\"https:\/\/www.europesays.com\/fr\/wp-content\/uploads\/2025\/12\/travaux-afnt-toulouse-saint-jory-chantier-960x640.jpg\" alt=\"25% des travaux des AFNT ont \u00e9t\u00e9 r\u00e9alis\u00e9s au nord de Toulouse, ici au niveau de la halte de Saint-Jory.\" width=\"960\" height=\"640\"\/><br \/>\n    25\u2009% des travaux des AFNT ont \u00e9t\u00e9 r\u00e9alis\u00e9s au nord de Toulouse, ici au niveau de la halte de Saint-Jory. (\u00a9Marie Lamarque \/ Actu Toulouse)<\/p>\n<p class=\" wall-content\">Ils permettront d\u2019offrir une nouvelle offre de mobilit\u00e9 aux 12\u00a0millions d\u2019habitants des r\u00e9gions Nouvelle-Aquitaine et Occitanie. R\u00e9gions qui gagnent une dizaine de milliers de nouveaux habitants chaque ann\u00e9e.<\/p>\n<p class=\" wall-content\">Personnalisez votre actualit\u00e9 en ajoutant vos villes et m\u00e9dias en favori avec <a href=\"https:\/\/moncompte.actu.fr\" title=\"D\u00e9couvez Mon Actu\" rel=\"nofollow noopener\" data-trk=\"{&quot;cta&quot;:{&quot;action&quot;:&quot;https:\\\/\\\/moncompte.actu.fr&quot;,&quot;category&quot;:&quot;mon compte&quot;,&quot;from&quot;:&quot;article footer&quot;,&quot;name&quot;:&quot;Mon actu&quot;,&quot;type&quot;:&quot;cta&quot;}}\" target=\"_blank\">Mon Actu<\/a>.<\/p>\n","protected":false},"excerpt":{"rendered":"Par Marie Lamarque Publi\u00e9 le 2 d\u00e9c. 2025 \u00e0 18h31 ; mis \u00e0 jour le 2 d\u00e9c. 2025&hellip;\n","protected":false},"author":2,"featured_media":574201,"comment_status":"","ping_status":"","sticky":false,"template":"","format":"standard","meta":{"footnotes":""},"categories":[2816],"tags":[1111,11,1777,674,1011,27,6200,12,2680,25,104,2312,2086],"class_list":{"0":"post-574200","1":"post","2":"type-post","3":"status-publish","4":"format-standard","5":"has-post-thumbnail","7":"category-toulouse","8":"tag-actu","9":"tag-actualites","10":"tag-eu","11":"tag-europe","12":"tag-fr","13":"tag-france","14":"tag-lgv-bordeaux-toulouse","15":"tag-news","16":"tag-occitanie","17":"tag-republique-francaise","18":"tag-societe","19":"tag-toulouse","20":"tag-travaux"},"share_on_mastodon":{"url":"https:\/\/pubeurope.com\/@fr\/115652695826791425","error":""},"_links":{"self":[{"href":"https:\/\/www.europesays.com\/fr\/wp-json\/wp\/v2\/posts\/574200","targetHints":{"allow":["GET"]}}],"collection":[{"href":"https:\/\/www.europesays.com\/fr\/wp-json\/wp\/v2\/posts"}],"about":[{"href":"https:\/\/www.europesays.com\/fr\/wp-json\/wp\/v2\/types\/post"}],"author":[{"embeddable":true,"href":"https:\/\/www.europesays.com\/fr\/wp-json\/wp\/v2\/users\/2"}],"replies":[{"embeddable":true,"href":"https:\/\/www.europesays.com\/fr\/wp-json\/wp\/v2\/comments?post=574200"}],"version-history":[{"count":0,"href":"https:\/\/www.europesays.com\/fr\/wp-json\/wp\/v2\/posts\/574200\/revisions"}],"wp:featuredmedia":[{"embeddable":true,"href":"https:\/\/www.europesays.com\/fr\/wp-json\/wp\/v2\/media\/574201"}],"wp:attachment":[{"href":"https:\/\/www.europesays.com\/fr\/wp-json\/wp\/v2\/media?parent=574200"}],"wp:term":[{"taxonomy":"category","embeddable":true,"href":"https:\/\/www.europesays.com\/fr\/wp-json\/wp\/v2\/categories?post=574200"},{"taxonomy":"post_tag","embeddable":true,"href":"https:\/\/www.europesays.com\/fr\/wp-json\/wp\/v2\/tags?post=574200"}],"curies":[{"name":"wp","href":"https:\/\/api.w.org\/{rel}","templated":true}]}}