{"id":574202,"date":"2025-12-02T23:59:12","date_gmt":"2025-12-02T23:59:12","guid":{"rendered":"https:\/\/www.europesays.com\/fr\/574202\/"},"modified":"2025-12-02T23:59:12","modified_gmt":"2025-12-02T23:59:12","slug":"deux-francais-figures-du-arai-farmers-un-trafic-de-drogue-entre-barcelone-et-toulouse-extrades-du-maroc-et-mis-en-examen","status":"publish","type":"post","link":"https:\/\/www.europesays.com\/fr\/574202\/","title":{"rendered":"Deux Fran\u00e7ais, figures du \u00ab\u00a0Arai Farmers\u00a0\u00bb, un trafic de drogue entre Barcelone et Toulouse, extrad\u00e9s du Maroc et mis en examen"},"content":{"rendered":"<p class=\"paragraph text_align_left lp-f-body-02\">Ils sont soup\u00e7onn\u00e9s de faire partie des dirigeants <a href=\"https:\/\/www.leparisien.fr\/faits-divers\/a-toulouse-un-gendarme-soupconne-de-revendre-la-drogue-saisie-lors-de-controles-mis-en-examen-01-05-2025-4K6FCBHABFBZBAXRASK6Y6AKQQ.php\" target=\"_blank\" rel=\"noreferrer noopener\">du r\u00e9seau de drogue<\/a> dit \u00ab Arai Farmers \u00bb. Deux ressortissants fran\u00e7ais ont \u00e9t\u00e9 extrad\u00e9s du Maroc et mis en examen, ce vendredi \u00e0 Toulouse (<a href=\"https:\/\/www.leparisien.fr\/haute-garonne-31\/\" target=\"_blank\" rel=\"noreferrer noopener\">Haute-Garonne<\/a>) dans le cadre du d\u00e9mant\u00e8lement <a href=\"https:\/\/www.leparisien.fr\/seine-saint-denis-93\/mis-en-cause-pour-trafic-de-stupefiants-la-mere-et-les-neveux-du-narco-ouaihid-ben-faiza-remis-en-liberte-29-11-2025-ALELJSGFL5B37KXGXWFRDFVCLE.php\" target=\"_blank\" rel=\"noreferrer noopener\">d\u2019un r\u00e9seau d\u2019importation de drogue<\/a> entre l\u2019Espagne et la France, a annonc\u00e9 le parquet de la Ville rose dans un communiqu\u00e9 de presse, ce dimanche.<\/p>\n<p class=\"paragraph text_align_left lp-f-body-02\">\u00c2g\u00e9s de 27 et 28 ans, les deux hommes sont poursuivis pour \u00ab trafic de stup\u00e9fiants, importation en bande organis\u00e9e de stup\u00e9fiants et blanchiment en bande organis\u00e9e de trafic de stup\u00e9fiants, sur une p\u00e9riode allant de janvier 2021 \u00e0 f\u00e9vrier 2024 \u00bb, a pr\u00e9cis\u00e9 le procureur de la R\u00e9publique de Toulouse David Charmatz.<\/p>\n<p>Une quarantaine de mises en examen<\/p>\n<p class=\"paragraph text_align_left lp-f-body-02\">Ces deux Toulousains, vis\u00e9s par un mandat d\u2019arr\u00eat europ\u00e9en depuis avril 2024, sont soup\u00e7onn\u00e9s de faire partie des dirigeants du r\u00e9seau dit \u00ab Arai Farmers \u00bb, un r\u00e9seau \u00ab op\u00e9rant depuis Barcelone sous l\u2019autorit\u00e9 de commanditaires install\u00e9s au Maroc, <a href=\"https:\/\/www.leparisien.fr\/faits-divers\/les-trafiquants-de-drogue-se-perfectionnent-sur-les-messageries-instantanees-et-utilisent-de-moins-en-moins-telegram-27-11-2025-ZV7Q4CGT6RAVJOBIURRJBPACGU.php\" target=\"_blank\" rel=\"noreferrer noopener\">en utilisant la messagerie Telegram<\/a> \u00bb, a-t-il ajout\u00e9. Deux autres dirigeants pr\u00e9sum\u00e9s du r\u00e9seau sont eux aussi vis\u00e9s par un mandat d\u2019arr\u00eat europ\u00e9en en raison de leur fuite au Maroc.<\/p>\n<p class=\"paragraph text_align_left lp-f-body-02\">En juin, le premier des quatre chefs pr\u00e9sum\u00e9s avait \u00e9t\u00e9 arr\u00eat\u00e9 \u00e0 son retour en France apr\u00e8s 18 mois au Maroc, puis mis en examen et incarc\u00e9r\u00e9, a ajout\u00e9 le procureur. Deux autres, \u00ab tous les deux en \u00e9tat de r\u00e9cidive l\u00e9gale \u00bb, ont \u00e9t\u00e9 interpell\u00e9s en f\u00e9vrier 2025 et incarc\u00e9r\u00e9s au Maroc avant d\u2019\u00eatre remis \u00e0 la France et transport\u00e9s \u00e0 Toulouse vendredi, a pr\u00e9cis\u00e9 David Charmatz, selon lequel les investigations se poursuivent pour obtenir l\u2019extradition des individus restant en fuite.<\/p>\n<p class=\"lp-card-podcast-highlighting__title  lp-f-subtitle-05\">[2\/2] Mamadou Traor\u00e9, l\u2019enfant du diable<\/p>\n<p><a class=\"lp-card-podcast-highlighting__call-to-action\" data-page-type=\"HP\" data-block-name=\"podcast-highlight\">\u00c9couter<\/a><\/p>\n<p class=\"paragraph text_align_left lp-f-body-02\">Au cours de cette enqu\u00eate, lanc\u00e9e par la section de recherches de gendarmerie de Toulouse apr\u00e8s une tentative d\u2019assassinat en 2021, deux vagues d\u2019interpellations ont conduit \u00e0 la mise en examen \u00e0 ce jour de 40 personnes, dont 15 sont en d\u00e9tention, d\u2019apr\u00e8s le communiqu\u00e9.<\/p>\n<p>Des appartements \u00ab nourriciers \u00bb en r\u00e9gion toulousaine<\/p>\n<p class=\"paragraph text_align_left lp-f-body-02\">Selon le procureur, cette organisation criminelle \u00ab alimentait des r\u00e9seaux de livraison ainsi que des envois de colis vers plusieurs villes du territoire national \u00bb en s\u2019appuyant \u00ab sur des appartements nourriciers en r\u00e9gion toulousaine \u00bb.<\/p>\n<p class=\"paragraph text_align_left lp-f-body-02\">\u00ab Les approvisionnements en coca\u00efne depuis Barcelone \u00e9taient assur\u00e9s via des v\u00e9hicules \u00e9quip\u00e9s de caches hydrauliques ou de r\u00e9servoirs am\u00e9nag\u00e9s. Les investigations, men\u00e9es en \u00e9troite coop\u00e9ration avec la Guardia Civil, ont aussi permis de mettre au jour des circuits de blanchiment, notamment par de fausses factures et des flux en cryptomonnaies \u00bb, a poursuivi le communiqu\u00e9.<\/p>\n<p class=\"paragraph text_align_left lp-f-body-02\"><a href=\"https:\/\/www.leparisien.fr\/faits-divers\/ils-geraient-un-reseau-de-trafic-de-drogue-entre-toulouse-et-aurillac-trois-freres-condamnes-a-de-la-prison-ferme-11-06-2025-TWJSTVCZBNBIJO4REQPUJEEKSY.php\" target=\"_blank\" rel=\"noreferrer noopener\">La fronti\u00e8re entre la France et l\u2019Espagne est un des principaux points d\u2019entr\u00e9e de drogue en France<\/a>. Les deux tiers des stup\u00e9fiants qui rentrent dans l\u2019Hexagone transitent par l\u2019autoroute A9 longeant le littoral m\u00e9diterran\u00e9en entre la France et l\u2019Espagne, selon l\u2019ex procureur de la R\u00e9publique de Perpignan, Jean-David Cavaill\u00e9.<\/p>\n","protected":false},"excerpt":{"rendered":"Ils sont soup\u00e7onn\u00e9s de faire partie des dirigeants du r\u00e9seau de drogue dit \u00ab Arai Farmers \u00bb. Deux&hellip;\n","protected":false},"author":2,"featured_media":574203,"comment_status":"","ping_status":"","sticky":false,"template":"","format":"standard","meta":{"footnotes":""},"categories":[2816],"tags":[1111,11,1777,674,118,1011,27,14,12,2680,25,2312],"class_list":{"0":"post-574202","1":"post","2":"type-post","3":"status-publish","4":"format-standard","5":"has-post-thumbnail","7":"category-toulouse","8":"tag-actu","9":"tag-actualites","10":"tag-eu","11":"tag-europe","12":"tag-faits-divers","13":"tag-fr","14":"tag-france","15":"tag-international","16":"tag-news","17":"tag-occitanie","18":"tag-republique-francaise","19":"tag-toulouse"},"share_on_mastodon":{"url":"https:\/\/pubeurope.com\/@fr\/115652698042224535","error":""},"_links":{"self":[{"href":"https:\/\/www.europesays.com\/fr\/wp-json\/wp\/v2\/posts\/574202","targetHints":{"allow":["GET"]}}],"collection":[{"href":"https:\/\/www.europesays.com\/fr\/wp-json\/wp\/v2\/posts"}],"about":[{"href":"https:\/\/www.europesays.com\/fr\/wp-json\/wp\/v2\/types\/post"}],"author":[{"embeddable":true,"href":"https:\/\/www.europesays.com\/fr\/wp-json\/wp\/v2\/users\/2"}],"replies":[{"embeddable":true,"href":"https:\/\/www.europesays.com\/fr\/wp-json\/wp\/v2\/comments?post=574202"}],"version-history":[{"count":0,"href":"https:\/\/www.europesays.com\/fr\/wp-json\/wp\/v2\/posts\/574202\/revisions"}],"wp:featuredmedia":[{"embeddable":true,"href":"https:\/\/www.europesays.com\/fr\/wp-json\/wp\/v2\/media\/574203"}],"wp:attachment":[{"href":"https:\/\/www.europesays.com\/fr\/wp-json\/wp\/v2\/media?parent=574202"}],"wp:term":[{"taxonomy":"category","embeddable":true,"href":"https:\/\/www.europesays.com\/fr\/wp-json\/wp\/v2\/categories?post=574202"},{"taxonomy":"post_tag","embeddable":true,"href":"https:\/\/www.europesays.com\/fr\/wp-json\/wp\/v2\/tags?post=574202"}],"curies":[{"name":"wp","href":"https:\/\/api.w.org\/{rel}","templated":true}]}}