{"id":574208,"date":"2025-12-03T00:04:14","date_gmt":"2025-12-03T00:04:14","guid":{"rendered":"https:\/\/www.europesays.com\/fr\/574208\/"},"modified":"2025-12-03T00:04:14","modified_gmt":"2025-12-03T00:04:14","slug":"le-prefet-de-region-au-contact-a-la-cite-des-flamants","status":"publish","type":"post","link":"https:\/\/www.europesays.com\/fr\/574208\/","title":{"rendered":"le pr\u00e9fet de R\u00e9gion au contact \u00e0 la cit\u00e9 des Flamants"},"content":{"rendered":"<p>C\u2019est ce qui s\u2019appelle se mettre dans le bain sans prendre le temps de se mouiller la nuque. Moins de 48 heures apr\u00e8s avoir pris ses fonctions, le nouveau pr\u00e9fet de R\u00e9gion a voulu \u00ab\u00a0sentir le terrain et toucher du doigt les sp\u00e9cificit\u00e9s marseillaises\u00a0\u00bb en se rendant ce mardi 2\u00a0d\u00e9cembre au soir dans la cit\u00e9 des Flamants o\u00f9 l\u2019avait pr\u00e9c\u00e9d\u00e9 un d\u00e9ploiement policier en mode \u00ab\u00a0pilonnage\u00a0\u00bb.<\/p>\n<p>C\u2019est donc dans un environnement relativement propre et d\u00e9gag\u00e9 du traditionnel mat\u00e9riel de confort &#8211; chaises o\u00f9 attendre le chaland, conteneurs \u00e0 roulettes judicieusement positionn\u00e9s pour ralentir l\u2019intrusion des forces de l\u2019ordre &#8211; que <a href=\"https:\/\/www.laprovence.com\/article\/region\/247630401730514\/le-nouveau-prefet-de-region-jacques-witkowski-promet-la-ferocite-republicaine-a-ceux-qui-troublent-l-ordre-public\" target=\"_blank\" rel=\"noopener\">Jacques Witkowski<\/a>, escort\u00e9 de la pr\u00e9f\u00e8te de police d\u00e9l\u00e9gu\u00e9e <a href=\"https:\/\/www.laprovence.com\/article\/politique\/40285083454132\/fermeture-temporaire-d-orange-a-marseille-3e-un-emballement-mediatique-et-politique-precipite\" target=\"_blank\" rel=\"noopener\">Corinne Simon<\/a>, est all\u00e9 au contact des policiers qui s\u2019emploient \u00e0 harceler jour apr\u00e8s jour les petites mains du narcotrafic.<\/p>\n<p>\u00ab\u00a0L\u2019id\u00e9e, c\u2019est de faire des assauts\u00a0\u00bb<\/p>\n<p>\u00c0 peine arriv\u00e9 au pied de la <a href=\"https:\/\/www.laprovence.com\/article\/region\/1171033724550815\/aux-flamants-les-dealers-viennent-se-refugier-dans-la-maison-de-la-solidarite-pour-fuir-la-police-a-marseille\" target=\"_blank\" rel=\"noopener\">Maison de la solidarit\u00e9 des Flamants<\/a>, o\u00f9 les agents d\u00e9partementaux avaient exerc\u00e9 leur droit de retrait en octobre dernier pour d\u00e9noncer des agressions et des menaces de mort exerc\u00e9es sans vergogne par des protagonistes du point de deal voisin, que la commissaire divisionnaire de la division Nord a une bonne nouvelle \u00e0 lui annon&#8230;<\/p>\n","protected":false},"excerpt":{"rendered":"C\u2019est ce qui s\u2019appelle se mettre dans le bain sans prendre le temps de se mouiller la nuque.&hellip;\n","protected":false},"author":2,"featured_media":574209,"comment_status":"","ping_status":"","sticky":false,"template":"","format":"standard","meta":{"footnotes":""},"categories":[2814],"tags":[17,1111,11,1444,1777,674,274,1011,27,19023,884,8721,12,1476,1072,882,25,68853],"class_list":{"0":"post-574208","1":"post","2":"type-post","3":"status-publish","4":"format-standard","5":"has-post-thumbnail","7":"category-marseille","8":"tag-17","9":"tag-actu","10":"tag-actualites","11":"tag-contre","12":"tag-eu","13":"tag-europe","14":"tag-faits-divers-justice","15":"tag-fr","16":"tag-france","17":"tag-jacques","18":"tag-marseille","19":"tag-narcotrafic","20":"tag-news","21":"tag-operation","22":"tag-police","23":"tag-provence-alpes-cote-dazur","24":"tag-republique-francaise","25":"tag-witowski"},"share_on_mastodon":{"url":"","error":""},"_links":{"self":[{"href":"https:\/\/www.europesays.com\/fr\/wp-json\/wp\/v2\/posts\/574208","targetHints":{"allow":["GET"]}}],"collection":[{"href":"https:\/\/www.europesays.com\/fr\/wp-json\/wp\/v2\/posts"}],"about":[{"href":"https:\/\/www.europesays.com\/fr\/wp-json\/wp\/v2\/types\/post"}],"author":[{"embeddable":true,"href":"https:\/\/www.europesays.com\/fr\/wp-json\/wp\/v2\/users\/2"}],"replies":[{"embeddable":true,"href":"https:\/\/www.europesays.com\/fr\/wp-json\/wp\/v2\/comments?post=574208"}],"version-history":[{"count":0,"href":"https:\/\/www.europesays.com\/fr\/wp-json\/wp\/v2\/posts\/574208\/revisions"}],"wp:featuredmedia":[{"embeddable":true,"href":"https:\/\/www.europesays.com\/fr\/wp-json\/wp\/v2\/media\/574209"}],"wp:attachment":[{"href":"https:\/\/www.europesays.com\/fr\/wp-json\/wp\/v2\/media?parent=574208"}],"wp:term":[{"taxonomy":"category","embeddable":true,"href":"https:\/\/www.europesays.com\/fr\/wp-json\/wp\/v2\/categories?post=574208"},{"taxonomy":"post_tag","embeddable":true,"href":"https:\/\/www.europesays.com\/fr\/wp-json\/wp\/v2\/tags?post=574208"}],"curies":[{"name":"wp","href":"https:\/\/api.w.org\/{rel}","templated":true}]}}