{"id":574217,"date":"2025-12-03T00:10:19","date_gmt":"2025-12-03T00:10:19","guid":{"rendered":"https:\/\/www.europesays.com\/fr\/574217\/"},"modified":"2025-12-03T00:10:19","modified_gmt":"2025-12-03T00:10:19","slug":"les-images-du-petrolier-lie-a-la-russie-touche-par-des-explosions-externes","status":"publish","type":"post","link":"https:\/\/www.europesays.com\/fr\/574217\/","title":{"rendered":"les images du p\u00e9trolier li\u00e9 \u00e0 la Russie touch\u00e9 par des \u00ab\u00a0explosions externes\u00a0\u00bb"},"content":{"rendered":"\n<p class=\"article__paragraph  \">Jeudi 27\u00a0novembre, \u00e0 23\u00a0h\u00a045, le p\u00e9trolier Mersin qui mouille \u00e0\u00a0dix milles (19\u00a0kilom\u00e8tres) des c\u00f4tes s\u00e9n\u00e9galaises, a \u00e9t\u00e9 frapp\u00e9\u00a0par \u00ab\u00a0quatre explosions externes\u00a0\u00bb, selon son armateur turc, Besiktas Shipping.<\/p>\n<p class=\"article__paragraph  \">Comme le montrent des vid\u00e9os diffus\u00e9es sur les r\u00e9seaux sociaux, la poupe de ce bateau long de 183\u00a0m\u00e8tres est \u00e0 moiti\u00e9 engloutie, ce qu\u2019a confirm\u00e9 l\u2019armateur, qui \u00e9voque \u00ab\u00a0une entr\u00e9e d\u2019eau dans la salle des machines\u00a0\u00bb.<\/p>\n<p>   Lire plus tard  <\/p>\n<p class=\"article__paragraph  \">Alors que le\u00a0Mersin\u00a0avait appareill\u00e9 le 21\u00a0ao\u00fbt de Taman, port du d\u00e9troit de Kertch, qui s\u00e9pare la Russie continentale de la Crim\u00e9e, une attaque orchestr\u00e9e par l\u2019Ukraine fait partie des hypoth\u00e8ses \u00e9tudi\u00e9es.<\/p>\n<p class=\"article__author-container\"> <a class=\"article__author-link\" href=\"https:\/\/www.lemonde.fr\/signataires\/service-video\/\" target=\"_blank\" rel=\"noopener\"> Service vid\u00e9o du Monde<\/a> et  <a class=\"article__author-link\" href=\"https:\/\/www.lemonde.fr\/signataires\/antoine-apelbaum\/\" target=\"_blank\" rel=\"noopener\"> Antoine Apelbaum  <\/a>  <\/p>\n<p>L\u2019espace des contributions est r\u00e9serv\u00e9 aux abonn\u00e9s.<\/p>\n<p>Abonnez-vous pour acc\u00e9der \u00e0 cet espace d\u2019\u00e9change et contribuer \u00e0 la discussion.<\/p>\n<p>    <a href=\"https:\/\/abo.lemonde.fr\/?edi_medium=BOUTONS_LMFR&amp;edi_campaign=CONTRIBUTION_ARTICLE\" class=\"btn btn--premium js-btn-premium\" target=\"_blank\" rel=\"noopener\">S\u2019abonner<\/a>              <a href=\"https:\/\/www.lemonde.fr\/syndication\/\" class=\"reuse__content\" title=\"R\u00e9utiliser ce contenu\" target=\"_blank\" rel=\"noopener\">R\u00e9utiliser ce contenu<\/a>      <\/p>\n","protected":false},"excerpt":{"rendered":"Jeudi 27\u00a0novembre, \u00e0 23\u00a0h\u00a045, le p\u00e9trolier Mersin qui mouille \u00e0\u00a0dix milles (19\u00a0kilom\u00e8tres) des c\u00f4tes s\u00e9n\u00e9galaises, a \u00e9t\u00e9 frapp\u00e9\u00a0par&hellip;\n","protected":false},"author":2,"featured_media":572109,"comment_status":"","ping_status":"","sticky":false,"template":"","format":"standard","meta":{"footnotes":""},"categories":[1888],"tags":[1111,1928,11,1927,1777,674,1011,27,12,1926,626,1925,25],"class_list":{"0":"post-574217","1":"post","2":"type-post","3":"status-publish","4":"format-standard","5":"has-post-thumbnail","7":"category-paris","8":"tag-actu","9":"tag-actu-paris","10":"tag-actualites","11":"tag-actualites-paris","12":"tag-eu","13":"tag-europe","14":"tag-fr","15":"tag-france","16":"tag-news","17":"tag-news-paris","18":"tag-paris","19":"tag-paris-news","20":"tag-republique-francaise"},"share_on_mastodon":{"url":"https:\/\/pubeurope.com\/@fr\/115652737541296983","error":""},"_links":{"self":[{"href":"https:\/\/www.europesays.com\/fr\/wp-json\/wp\/v2\/posts\/574217","targetHints":{"allow":["GET"]}}],"collection":[{"href":"https:\/\/www.europesays.com\/fr\/wp-json\/wp\/v2\/posts"}],"about":[{"href":"https:\/\/www.europesays.com\/fr\/wp-json\/wp\/v2\/types\/post"}],"author":[{"embeddable":true,"href":"https:\/\/www.europesays.com\/fr\/wp-json\/wp\/v2\/users\/2"}],"replies":[{"embeddable":true,"href":"https:\/\/www.europesays.com\/fr\/wp-json\/wp\/v2\/comments?post=574217"}],"version-history":[{"count":0,"href":"https:\/\/www.europesays.com\/fr\/wp-json\/wp\/v2\/posts\/574217\/revisions"}],"wp:featuredmedia":[{"embeddable":true,"href":"https:\/\/www.europesays.com\/fr\/wp-json\/wp\/v2\/media\/572109"}],"wp:attachment":[{"href":"https:\/\/www.europesays.com\/fr\/wp-json\/wp\/v2\/media?parent=574217"}],"wp:term":[{"taxonomy":"category","embeddable":true,"href":"https:\/\/www.europesays.com\/fr\/wp-json\/wp\/v2\/categories?post=574217"},{"taxonomy":"post_tag","embeddable":true,"href":"https:\/\/www.europesays.com\/fr\/wp-json\/wp\/v2\/tags?post=574217"}],"curies":[{"name":"wp","href":"https:\/\/api.w.org\/{rel}","templated":true}]}}