{"id":574220,"date":"2025-12-03T00:12:14","date_gmt":"2025-12-03T00:12:14","guid":{"rendered":"https:\/\/www.europesays.com\/fr\/574220\/"},"modified":"2025-12-03T00:12:14","modified_gmt":"2025-12-03T00:12:14","slug":"assassinat-de-mansour-a-gentilly-en-2022-le-tireur-presume-se-mure-dans-le-silence","status":"publish","type":"post","link":"https:\/\/www.europesays.com\/fr\/574220\/","title":{"rendered":"Assassinat de Mansour \u00e0 Gentilly en 2022\u00a0: le tireur pr\u00e9sum\u00e9 se mure dans le silence"},"content":{"rendered":"<p class=\"paragraph text_align_left lp-f-body-02\">N\u00e9 en janvier 2002 \u00e0 Paris, il grandit avec le r\u00eave de devenir footballeur. Il encha\u00eene les clubs, et finit par \u00eatre s\u00e9lectionn\u00e9, l\u2019\u00e9t\u00e9 de ses 16 ans, pour int\u00e9grer un club prestigieux via une fili\u00e8re de sport \u00e9tudes. Mais finalement, sans que la raison ne soit claire, la structure sportive se r\u00e9tracte durant les vacances et Elijah se retrouve sans plan pour son avenir. C\u2019est \u00e0 ce moment-l\u00e0 que le jeune homme conna\u00eet des premiers probl\u00e8mes \u00e0 l\u2019\u00e9cole, et tombe petit \u00e0 petit dans le trafic.<\/p>\n","protected":false},"excerpt":{"rendered":"N\u00e9 en janvier 2002 \u00e0 Paris, il grandit avec le r\u00eave de devenir footballeur. Il encha\u00eene les clubs,&hellip;\n","protected":false},"author":2,"featured_media":574221,"comment_status":"","ping_status":"","sticky":false,"template":"","format":"standard","meta":{"footnotes":""},"categories":[1888],"tags":[11,1777,674,118,1011,27,1944,12,626,25,1125],"class_list":{"0":"post-574220","1":"post","2":"type-post","3":"status-publish","4":"format-standard","5":"has-post-thumbnail","7":"category-paris","8":"tag-actualites","9":"tag-eu","10":"tag-europe","11":"tag-faits-divers","12":"tag-fr","13":"tag-france","14":"tag-ma-ville","15":"tag-news","16":"tag-paris","17":"tag-republique-francaise","18":"tag-val-de-marne"},"share_on_mastodon":{"url":"https:\/\/pubeurope.com\/@fr\/115652745345931072","error":""},"_links":{"self":[{"href":"https:\/\/www.europesays.com\/fr\/wp-json\/wp\/v2\/posts\/574220","targetHints":{"allow":["GET"]}}],"collection":[{"href":"https:\/\/www.europesays.com\/fr\/wp-json\/wp\/v2\/posts"}],"about":[{"href":"https:\/\/www.europesays.com\/fr\/wp-json\/wp\/v2\/types\/post"}],"author":[{"embeddable":true,"href":"https:\/\/www.europesays.com\/fr\/wp-json\/wp\/v2\/users\/2"}],"replies":[{"embeddable":true,"href":"https:\/\/www.europesays.com\/fr\/wp-json\/wp\/v2\/comments?post=574220"}],"version-history":[{"count":0,"href":"https:\/\/www.europesays.com\/fr\/wp-json\/wp\/v2\/posts\/574220\/revisions"}],"wp:featuredmedia":[{"embeddable":true,"href":"https:\/\/www.europesays.com\/fr\/wp-json\/wp\/v2\/media\/574221"}],"wp:attachment":[{"href":"https:\/\/www.europesays.com\/fr\/wp-json\/wp\/v2\/media?parent=574220"}],"wp:term":[{"taxonomy":"category","embeddable":true,"href":"https:\/\/www.europesays.com\/fr\/wp-json\/wp\/v2\/categories?post=574220"},{"taxonomy":"post_tag","embeddable":true,"href":"https:\/\/www.europesays.com\/fr\/wp-json\/wp\/v2\/tags?post=574220"}],"curies":[{"name":"wp","href":"https:\/\/api.w.org\/{rel}","templated":true}]}}