{"id":574222,"date":"2025-12-03T00:13:24","date_gmt":"2025-12-03T00:13:24","guid":{"rendered":"https:\/\/www.europesays.com\/fr\/574222\/"},"modified":"2025-12-03T00:13:24","modified_gmt":"2025-12-03T00:13:24","slug":"paris-elimine-en-8e-parisbasketball","status":"publish","type":"post","link":"https:\/\/www.europesays.com\/fr\/574222\/","title":{"rendered":"Paris \u00e9limin\u00e9 en 8e &#8211; ParisBasketball"},"content":{"rendered":"<p><strong><strong>Vainqueur de l\u2019\u00e9dition pr\u00e9c\u00e9dente, le Paris Basketball n\u2019ira pas plus loin en Coupe de France apr\u00e8s sa d\u00e9faite en terre mon\u00e9gasque (109-103) lors des 8es de finale.<\/strong><\/strong><\/p>\n<p>Ce duel entre les 2 meilleures \u00e9quipes de l\u2019Hexagone aura finalement tenu toutes ses promesses.\u00a0<\/p>\n<p>La partie tourne d\u2019abord \u00e0 l\u2019avantage des Mon\u00e9gasques. Men\u00e9s 10-0 au bout de 2 minutes, nos Parisiens s\u2019appuient sur les 24 points d\u2019Amath M\u2019Baye \u2013 <a href=\"https:\/\/parisbasketball.com\/2025\/12\/paris-puissance-all-star\/\" data-type=\"link\" data-id=\"https:\/\/parisbasketball.com\/2025\/12\/paris-puissance-all-star\/\" target=\"_blank\" rel=\"noopener\">All-Star LNB<\/a> \u2013 pour rattraper leur retard. Si cette pression tout-terrain pousse la Roca-Team \u00e0 la faute (21 pertes de balles), le 5\/5 derri\u00e8re l\u2019arc de Mike James dans le 1QT emp\u00eache Paris de recoller au score (33-25).<\/p>\n<p>Plus r\u00e9gulier \u00e0 l\u2019ext\u00e9rieur (7\/14 \u00e0 3 points dans le 2QT), le Paris Basketball se rapproche. Et malgr\u00e9 la 2e faute technique de leur leader Nadir Hifi, nos joueurs \u00e9galisent \u00e0 2 minutes de la fin. En vain\u2026 Les hommes de Francesco Tabellini sortent la t\u00eate haute, au terme d\u2019un festival offensif (109-103).<\/p>\n<p><img loading=\"lazy\" decoding=\"async\" width=\"1707\" height=\"2560\" src=\"https:\/\/www.europesays.com\/fr\/wp-content\/uploads\/2025\/12\/PBB-MONACO-CDF-QUENTIN-LAB-102122025-2-scaled.jpg\" alt=\"\" class=\"wp-image-51402 size-full\" style=\"object-position:52% 39%\"  \/><\/p>\n<p>Plus de trois semaines apr\u00e8s, le Paris Basketball retrouve l\u2019adidas arena ce dimanche \u00e0 19h contre <a href=\"https:\/\/parisbasketball.com\/2025\/11\/j-7-reservez-vos-places-pour-paris-saint-quentin\/\" target=\"_blank\" rel=\"noopener\">Saint-Quentin<\/a>. Prenez vos places en cliquant sur ce\u00a0<a href=\"https:\/\/www.ticketmaster.fr\/fr\/manifestation\/paris-basketball-vs-st-quentin-billet\/idmanif\/638541\/idtier\/38817285\" target=\"_blank\" rel=\"noreferrer noopener\">lien<\/a>.\u00a0<\/p>\n<blockquote class=\"instagram-media\" data-instgrm-captioned=\"\" data-instgrm-permalink=\"https:\/\/www.instagram.com\/p\/DRxlNgKjPy2\/?utm_source=ig_embed&amp;utm_campaign=loading\" data-instgrm-version=\"14\" style=\" background:#FFF; border:0; border-radius:3px; box-shadow:0 0 1px 0 rgba(0,0,0,0.5),0 1px 10px 0 rgba(0,0,0,0.15); margin: 1px; max-width:540px; min-width:326px; padding:0; width:99.375%; width:-webkit-calc(100% - 2px); width:calc(100% - 2px);\"\/>\n<p>\t\t<script async src=\"\/\/www.instagram.com\/embed.js\"><\/script><\/p>\n","protected":false},"excerpt":{"rendered":"Vainqueur de l\u2019\u00e9dition pr\u00e9c\u00e9dente, le Paris Basketball n\u2019ira pas plus loin en Coupe de France apr\u00e8s sa d\u00e9faite&hellip;\n","protected":false},"author":2,"featured_media":574223,"comment_status":"","ping_status":"","sticky":false,"template":"","format":"standard","meta":{"footnotes":""},"categories":[1888],"tags":[11,1777,674,1011,27,12,626,25],"class_list":{"0":"post-574222","1":"post","2":"type-post","3":"status-publish","4":"format-standard","5":"has-post-thumbnail","7":"category-paris","8":"tag-actualites","9":"tag-eu","10":"tag-europe","11":"tag-fr","12":"tag-france","13":"tag-news","14":"tag-paris","15":"tag-republique-francaise"},"share_on_mastodon":{"url":"https:\/\/pubeurope.com\/@fr\/115652750886977035","error":""},"_links":{"self":[{"href":"https:\/\/www.europesays.com\/fr\/wp-json\/wp\/v2\/posts\/574222","targetHints":{"allow":["GET"]}}],"collection":[{"href":"https:\/\/www.europesays.com\/fr\/wp-json\/wp\/v2\/posts"}],"about":[{"href":"https:\/\/www.europesays.com\/fr\/wp-json\/wp\/v2\/types\/post"}],"author":[{"embeddable":true,"href":"https:\/\/www.europesays.com\/fr\/wp-json\/wp\/v2\/users\/2"}],"replies":[{"embeddable":true,"href":"https:\/\/www.europesays.com\/fr\/wp-json\/wp\/v2\/comments?post=574222"}],"version-history":[{"count":0,"href":"https:\/\/www.europesays.com\/fr\/wp-json\/wp\/v2\/posts\/574222\/revisions"}],"wp:featuredmedia":[{"embeddable":true,"href":"https:\/\/www.europesays.com\/fr\/wp-json\/wp\/v2\/media\/574223"}],"wp:attachment":[{"href":"https:\/\/www.europesays.com\/fr\/wp-json\/wp\/v2\/media?parent=574222"}],"wp:term":[{"taxonomy":"category","embeddable":true,"href":"https:\/\/www.europesays.com\/fr\/wp-json\/wp\/v2\/categories?post=574222"},{"taxonomy":"post_tag","embeddable":true,"href":"https:\/\/www.europesays.com\/fr\/wp-json\/wp\/v2\/tags?post=574222"}],"curies":[{"name":"wp","href":"https:\/\/api.w.org\/{rel}","templated":true}]}}