{"id":574224,"date":"2025-12-03T00:15:25","date_gmt":"2025-12-03T00:15:25","guid":{"rendered":"https:\/\/www.europesays.com\/fr\/574224\/"},"modified":"2025-12-03T00:15:25","modified_gmt":"2025-12-03T00:15:25","slug":"poutine-annonce-que-la-russie-va-etendre-les-attaques-contre-les-ports-ukrainiens-en-raison-des-attaques-en-mer-noire","status":"publish","type":"post","link":"https:\/\/www.europesays.com\/fr\/574224\/","title":{"rendered":"Poutine annonce que la Russie va \u00e9tendre les attaques contre les ports ukrainiens en raison des attaques en mer Noire"},"content":{"rendered":"<p style=\"text-align:justify;\">AA \/ Moscou \/ Emre Gurkan Abay<\/p>\n<p style=\"text-align:justify;\">Le pr\u00e9sident russe Vladimir Poutine a d\u00e9clar\u00e9 que l\u2019Ukraine commettait \u00ab des actes de piraterie \u00bb avec ses attaques contre des p\u00e9troliers en mer Noire et a ajout\u00e9 : \u00ab La Russie \u00e9tendra ses repr\u00e9sailles contre les ports ukrainiens et les navires acc\u00e9dant \u00e0 ces ports en r\u00e9ponse aux attaques contre les p\u00e9troliers. \u00bb<\/p>\n<p>Poutine s\u2019est exprim\u00e9, mardi, devant des journalistes dans la capitale Moscou, avant sa rencontre avec le repr\u00e9sentant sp\u00e9cial am\u00e9ricain Steve Witkoff et le gendre de Trump, Jared Kushner.<\/p>\n<p>Poutine a tout d&rsquo;abord d\u00e9nonc\u00e9 les attaques de l\u2019Ukraine contre les p\u00e9troliers en mer Noire.<\/p>\n<p style=\"text-align:justify;\">\u00ab\u00a0Les attaques contre les p\u00e9troliers deviennent des actes de piraterie lorsqu\u2019elles se produisent non pas dans les eaux internationales, mais dans la zone \u00e9conomique exclusive d\u2019un autre \u00c9tat, d\u2019un \u00c9tat tiers\u00a0\u00bb, a-t-il soulign\u00e9.<\/p>\n<p style=\"text-align:justify;\">Il a affirm\u00e9 que la Russie r\u00e9pondra \u00e0 ces attaques :<\/p>\n<p style=\"text-align:justify;\">\u00ab\u00a0La Russie \u00e9tendra ses attaques contre les ports ukrainiens et les navires entrant dans ces ports en r\u00e9ponse aux attaques contre les p\u00e9troliers. Si les attaques se poursuivent, nous \u00e9valuerons la possibilit\u00e9 de mesures de repr\u00e9sailles contre les navires des pays qui aident l&rsquo;Ukraine \u00e0 mener ces op\u00e9rations de piraterie\u00a0\u00bb, a-t-il lanc\u00e9.<\/p>\n<p>Poutine a indiqu\u00e9 que la direction ukrainienne et ceux qui la soutiennent devraient r\u00e9examiner ces attaques : \u00ab\u00a0La m\u00e9thode la plus radicale serait que l&rsquo;on coupe la connexion maritime de l\u2019Ukraine, ce qui emp\u00eacherait la piraterie. Cependant, ce serait un pas qui intensifierait le processus.\u00a0\u00bb<\/p>\n<p style=\"text-align:justify;\">Par ailleurs, le pr\u00e9sident russe a r\u00e9pondu aux d\u00e9clarations de certains leaders europ\u00e9ens accusant Moscou de vouloir faire la guerre \u00e0 l&rsquo;Europe.<\/p>\n<p style=\"text-align:justify;\">Vladimir Poutine a d\u00e9clar\u00e9 que la Russie \u00e9tait \u00ab pr\u00eate \u00bb \u00e0 r\u00e9agir imm\u00e9diatement si l&rsquo;Europe venait \u00e0 d\u00e9clencher des hostilit\u00e9s, tout en accusant les pays europ\u00e9ens d&rsquo;entraver les efforts men\u00e9s par les \u00c9tats-Unis pour parvenir \u00e0 un r\u00e8glement en Ukraine et de pr\u00e9senter des propositions qu&rsquo;il juge \u00ab\u00a0inacceptables\u00a0\u00bb pour la Russie.<\/p>\n<p style=\"text-align:justify;\">\u00ab\u00a0Nous n&rsquo;allons pas nous battre contre l&rsquo;Europe, je l&rsquo;ai d\u00e9j\u00e0 dit cent fois. Mais si l&rsquo;Europe veut soudainement nous combattre et passe \u00e0 l&rsquo;action, nous sommes pr\u00eats d\u00e8s maintenant\u00a0\u00bb, a-t-il soulign\u00e9, selon l&rsquo;agence de presse Tass. \u00ab\u00a0Il n&rsquo;y a aucun doute \u00e0 ce sujet.\u00a0\u00bb<\/p>\n<p style=\"text-align:justify;\">Il a \u00e9galement affirm\u00e9 que les gouvernements europ\u00e9ens s&rsquo;\u00e9taient \u00ab\u00a0exclus\u00a0\u00bb des n\u00e9gociations sur l&rsquo;Ukraine et tentaient d\u00e9sormais de saper la diplomatie men\u00e9e par le pr\u00e9sident am\u00e9ricain Donald Trump avec Kiev et Moscou.<\/p>\n<p style=\"text-align:justify;\">\u00ab\u00a0(Les pays europ\u00e9ens) se sont retir\u00e9s de ce processus, tout d&rsquo;abord. Deuxi\u00e8mement, voyant qu&rsquo;ils n&rsquo;aiment pas les r\u00e9sultats actuels, ils ont commenc\u00e9 \u00e0 emp\u00eacher l&rsquo;administration am\u00e9ricaine actuelle et le pr\u00e9sident Trump de parvenir \u00e0 la paix par la voie des n\u00e9gociations\u00a0\u00bb, a-t-il d\u00e9fendu.<\/p>\n<p style=\"text-align:justify;\">Poutine a insist\u00e9 sur le fait que les tentatives europ\u00e9ennes de modifier les projets de paix am\u00e9ricains visent \u00e0 faire d\u00e9railler le processus dans son ensemble.<\/p>\n<p style=\"text-align:justify;\">\u00ab\u00a0Tous ces changements n&rsquo;ont qu&rsquo;un seul objectif : bloquer l&rsquo;ensemble du processus de paix, pr\u00e9senter des exigences absolument inacceptables pour la Russie, et ils le comprennent\u00a0\u00bb, a not\u00e9 Poutine, ajoutant que l&rsquo;Europe tente de rejeter la responsabilit\u00e9 d&rsquo;un \u00e9ventuel \u00e9chec sur Moscou.<\/p>\n<p style=\"text-align:justify;\">Il a affirm\u00e9 que les gouvernements europ\u00e9ens sont m\u00e9contents d&rsquo;\u00eatre \u00e9cart\u00e9s de la diplomatie, mais a soulign\u00e9 que \u00ab\u00a0personne ne les a exclus, ils se sont exclus eux-m\u00eames\u00a0\u00bb.<\/p>\n<p style=\"text-align:justify;\">Poutine a conclu que la Russie permettrait aux Europ\u00e9ens de rejoindre les n\u00e9gociations s&rsquo;ils \u00ab\u00a0tiennent compte des r\u00e9alit\u00e9s sur le terrain\u00a0\u00bb.<\/p>\n<p style=\"text-align:justify;\">* Traduit par Tuncay \u00c7akmak<\/p>\n<p>                            &#13;<br \/>\n                                <a href=\"https:\/\/www.aa.com.tr\/fr\/p\/abonnement\/1001\" target=\"_blank\" style=\"font-size:12px; color:#444; text-decoration:none;\" rel=\"noopener\">&#13;<br \/>\n                                    Seulement une partie des d\u00e9p\u00eaches, que l&rsquo;Agence Anadolu diffuse \u00e0 ses abonn\u00e9s via le Syst\u00e8me de Diffusion interne (HAS), est diffus\u00e9e sur le site de l&rsquo;AA, de mani\u00e8re r\u00e9sum\u00e9e. <b style=\"color:#1897F7\">Contactez-nous s&rsquo;il vous pla\u00eet pour vous abonner.<\/b>&#13;<br \/>\n                                <\/a>&#13;<\/p>\n","protected":false},"excerpt":{"rendered":"AA \/ Moscou \/ Emre Gurkan Abay Le pr\u00e9sident russe Vladimir Poutine a d\u00e9clar\u00e9 que l\u2019Ukraine commettait \u00ab&hellip;\n","protected":false},"author":2,"featured_media":574225,"comment_status":"","ping_status":"","sticky":false,"template":"","format":"standard","meta":{"footnotes":""},"categories":[1591],"tags":[11,1785,674,1887,21495,12,1885,1886,132,220,135],"class_list":{"0":"post-574224","1":"post","2":"type-post","3":"status-publish","4":"format-standard","5":"has-post-thumbnail","7":"category-russie","8":"tag-actualites","9":"tag-anadolu-ajansi","10":"tag-europe","11":"tag-federation-de-russie","12":"tag-mer-noire","13":"tag-news","14":"tag-russia","15":"tag-russian-federation","16":"tag-russie","17":"tag-ukraine","18":"tag-vladimir-poutine"},"share_on_mastodon":{"url":"https:\/\/pubeurope.com\/@fr\/115652757019176729","error":""},"_links":{"self":[{"href":"https:\/\/www.europesays.com\/fr\/wp-json\/wp\/v2\/posts\/574224","targetHints":{"allow":["GET"]}}],"collection":[{"href":"https:\/\/www.europesays.com\/fr\/wp-json\/wp\/v2\/posts"}],"about":[{"href":"https:\/\/www.europesays.com\/fr\/wp-json\/wp\/v2\/types\/post"}],"author":[{"embeddable":true,"href":"https:\/\/www.europesays.com\/fr\/wp-json\/wp\/v2\/users\/2"}],"replies":[{"embeddable":true,"href":"https:\/\/www.europesays.com\/fr\/wp-json\/wp\/v2\/comments?post=574224"}],"version-history":[{"count":0,"href":"https:\/\/www.europesays.com\/fr\/wp-json\/wp\/v2\/posts\/574224\/revisions"}],"wp:featuredmedia":[{"embeddable":true,"href":"https:\/\/www.europesays.com\/fr\/wp-json\/wp\/v2\/media\/574225"}],"wp:attachment":[{"href":"https:\/\/www.europesays.com\/fr\/wp-json\/wp\/v2\/media?parent=574224"}],"wp:term":[{"taxonomy":"category","embeddable":true,"href":"https:\/\/www.europesays.com\/fr\/wp-json\/wp\/v2\/categories?post=574224"},{"taxonomy":"post_tag","embeddable":true,"href":"https:\/\/www.europesays.com\/fr\/wp-json\/wp\/v2\/tags?post=574224"}],"curies":[{"name":"wp","href":"https:\/\/api.w.org\/{rel}","templated":true}]}}