{"id":574226,"date":"2025-12-03T00:17:18","date_gmt":"2025-12-03T00:17:18","guid":{"rendered":"https:\/\/www.europesays.com\/fr\/574226\/"},"modified":"2025-12-03T00:17:18","modified_gmt":"2025-12-03T00:17:18","slug":"ukraine-la-loi-autorisant-les-18-22-ans-a-sortir-du-territoire-cree-un-vif-debat-dans-le-pays-reportage-international","status":"publish","type":"post","link":"https:\/\/www.europesays.com\/fr\/574226\/","title":{"rendered":"Ukraine: la loi autorisant les 18-22 ans \u00e0 sortir du territoire cr\u00e9e un vif d\u00e9bat dans le pays &#8211; Reportage international"},"content":{"rendered":"<p>\n                                                Les premi\u00e8res neiges de cet hiver en Ukraine ont un go\u00fbt amer. L\u2019arm\u00e9e ukrainienne a recul\u00e9 de plus de 700 km\u00b2 au mois de novembre, selon un d\u00e9compte de l\u2019AFP, un record depuis un an. Alors que les perspectives d\u2019une paix concr\u00e8te semblent lointaines, de nombreux Ukrainiens veulent quitter le pays. Mais impossible de partir pour la plupart des hommes de plus de 25 ans mobilisables dans l\u2019arm\u00e9e. Mais partir est possible pour les adultes de 18 \u00e0 22 ans, gr\u00e2ce \u00e0 une nouvelle loi sign\u00e9e fin ao\u00fbt. Celle-ci crispe pourtant la population, plong\u00e9e dans la guerre depuis bient\u00f4t quatre ans.                    <\/p>\n<p>De notre correspondant \u00e0 Odessa,<\/p>\n<p>La soci\u00e9t\u00e9 ukrainienne est tr\u00e8s partag\u00e9e sur la loi autorisant les 18-22 ans \u00e0 quitter le territoire. Beaucoup comprennent ceux qui veulent partir, mais ils regrettent un certain manque de nationalisme en temps de guerre. Car les bras pourraient manquer plus tard \u00e0 l\u2019arm\u00e9e.<\/p>\n<p>\u00ab\u00a0Moi, je trouve \u00e7a vraiment nul. Les hommes, c\u2019est fait pour d\u00e9fendre son pays, estime une habitante d&rsquo;Odessa. Ils doivent prot\u00e9ger leurs femmes et leurs enfants. Ils doivent construire leur propre pays et pas un autre.\u00a0Qu\u2019ils restent seuls avec leur propre conscience ! En ce qui concerne cette loi, c\u2019est du d\u00e9lire. Elle a \u00e9t\u00e9 sign\u00e9e par nos dirigeants pour que leurs fils puissent partir. Pas pour ceux qui d\u00e9fendent l\u2019Ukraine.\u00a0\u00bb<\/p>\n<p>Misha fait partie de ceux qui veulent partir d&rsquo;Ukraine. \u00ab\u00a0Je n\u2019ai absolument pas envie d\u2019aller sur le front en ce moment, explique le jeune de 20 ans dans un caf\u00e9 de la ville. Vous avez vu ce qui s\u2019y passe ? M\u00eame ici, en ville, c\u2019est tr\u00e8s angoissant lors des bombardements et des alertes a\u00e9riennes. Il n&rsquo;y a pas longtemps, ma famille a m\u00eame failli y passer lors d\u2019un bombardement. Et c\u2019est sans doute \u00e7a qui a renforc\u00e9 mon d\u00e9sir absolu de partir.\u00a0\u00bb<\/p>\n<p> \u00ab\u00a0Commencer une nouvelle vie \u00bb <\/p>\n<p>\u00ab\u00a0Quand j\u2019ai vu que la loi [autorisant les jeunes de 18-22 ans \u00e0 quitter le pays] allait entrer en vigueur, j\u2019ai cru que c\u2019\u00e9tait une blague, ou que le texte allait \u00eatre imm\u00e9diatement abrog\u00e9, poursui Misha. Mais un mois plus tard, la loi \u00e9tait toujours l\u00e0. Alors, j&rsquo;ai compris que c\u2019\u00e9tait ma chance de quitter ce pays. Et de commencer une nouvelle vie.\u00a0\u00bb<\/p>\n<p>Dans la famille m\u00eame de Micha, certains s\u2019opposent \u00e0 son d\u00e9part, comme sa belle-m\u00e8re\u00a0: \u00ab\u00a0Elle n\u2019aime vraiment pas l\u2019id\u00e9e que je m\u2019en aille, c\u2019est une femme tr\u00e8s patriotique. Mais elle ne peut rien y faire, son avis et sa volont\u00e9 n\u2019ont aucune influence sur moi. Je lui dis que c\u2019est ma vie, ma d\u00e9cision, que c\u2019est moi seul qui d\u00e9cr\u00e8te de ce que je veux faire. C\u2019est mon choix \u00e0 moi.\u00a0\u00bb<\/p>\n<p>Misha, partira juste apr\u00e8s les f\u00eates, les derni\u00e8res qu\u2019il passera en <strong><a target=\"_self\" href=\"https:\/\/www.rfi.fr\/fr\/tag\/ukraine\/\" class=\"gtm-add-suggested-tag\" rel=\"noopener\">Ukraine<\/a><\/strong> selon lui.<\/p>\n<p class=\"a-read-more\">\u00c0 lire aussi<a target=\"_self\" href=\"https:\/\/www.rfi.fr\/fr\/podcasts\/reportage-international\/20251026-ukraine-les-18-22-ans-autoris\u00e9s-de-nouveau-\u00e0-sortir-du-territoire-relance-le-d\u00e9bat-sur-la-mobilisation\" class=\"a-read-more__link\" rel=\"noopener\">Ukraine: les 18-22 ans autoris\u00e9s de nouveau \u00e0 sortir du territoire relance le d\u00e9bat sur la mobilisation<\/a><\/p>\n","protected":false},"excerpt":{"rendered":"Les premi\u00e8res neiges de cet hiver en Ukraine ont un go\u00fbt amer. L\u2019arm\u00e9e ukrainienne a recul\u00e9 de plus&hellip;\n","protected":false},"author":2,"featured_media":574227,"comment_status":"","ping_status":"","sticky":false,"template":"","format":"standard","meta":{"footnotes":""},"categories":[1590],"tags":[11,554,1777,674,12,2436,132,220],"class_list":{"0":"post-574226","1":"post","2":"type-post","3":"status-publish","4":"format-standard","5":"has-post-thumbnail","7":"category-ukraine","8":"tag-actualites","9":"tag-defense","10":"tag-eu","11":"tag-europe","12":"tag-news","13":"tag-reportage-international","14":"tag-russie","15":"tag-ukraine"},"share_on_mastodon":{"url":"https:\/\/pubeurope.com\/@fr\/115652764975041705","error":""},"_links":{"self":[{"href":"https:\/\/www.europesays.com\/fr\/wp-json\/wp\/v2\/posts\/574226","targetHints":{"allow":["GET"]}}],"collection":[{"href":"https:\/\/www.europesays.com\/fr\/wp-json\/wp\/v2\/posts"}],"about":[{"href":"https:\/\/www.europesays.com\/fr\/wp-json\/wp\/v2\/types\/post"}],"author":[{"embeddable":true,"href":"https:\/\/www.europesays.com\/fr\/wp-json\/wp\/v2\/users\/2"}],"replies":[{"embeddable":true,"href":"https:\/\/www.europesays.com\/fr\/wp-json\/wp\/v2\/comments?post=574226"}],"version-history":[{"count":0,"href":"https:\/\/www.europesays.com\/fr\/wp-json\/wp\/v2\/posts\/574226\/revisions"}],"wp:featuredmedia":[{"embeddable":true,"href":"https:\/\/www.europesays.com\/fr\/wp-json\/wp\/v2\/media\/574227"}],"wp:attachment":[{"href":"https:\/\/www.europesays.com\/fr\/wp-json\/wp\/v2\/media?parent=574226"}],"wp:term":[{"taxonomy":"category","embeddable":true,"href":"https:\/\/www.europesays.com\/fr\/wp-json\/wp\/v2\/categories?post=574226"},{"taxonomy":"post_tag","embeddable":true,"href":"https:\/\/www.europesays.com\/fr\/wp-json\/wp\/v2\/tags?post=574226"}],"curies":[{"name":"wp","href":"https:\/\/api.w.org\/{rel}","templated":true}]}}