{"id":574251,"date":"2025-12-03T00:35:16","date_gmt":"2025-12-03T00:35:16","guid":{"rendered":"https:\/\/www.europesays.com\/fr\/574251\/"},"modified":"2025-12-03T00:35:16","modified_gmt":"2025-12-03T00:35:16","slug":"catastrophe-annoncee-au-psg-cest-la-panique-le10sport","status":"publish","type":"post","link":"https:\/\/www.europesays.com\/fr\/574251\/","title":{"rendered":"Catastrophe annonc\u00e9e au PSG : C&#039;est la panique ! &#8211; Le10Sport"},"content":{"rendered":"<ol>\n<li><a href=\"https:\/\/news.google.com\/rss\/articles\/CBMilwFBVV95cUxNOG5wRlBfMUxjVkJJeTROZUwyd0dUb0M5dWJ6WnBYcTdMNXNHMXd5OW41bFdEaXJkSVlyMklwUTFhR0tiOTg5MDhFN2wtUWFKUW80LXU2dzAzampFc21IQmxFU2RDRTRCbk9DelB1eXFwbHVUdlBMU3Bfck1YMkxoTlpLei1LMTc5ZFE1VGd4aGd4QnNiTWt3?oc=5\" target=\"_blank\" rel=\"noopener\">Catastrophe annonc\u00e9e au PSG : C&rsquo;est la panique !<\/a>&nbsp;&nbsp;Le10Sport<\/li>\n<li><a href=\"https:\/\/news.google.com\/rss\/articles\/CBMihgJBVV95cUxPdTdLVUdkRlZ5cUZLSlBqYWFablh3am5qUUctV3FRVnNOcGF6OS1qLUZQUWR4cW8taTlzR081QTZwM3ExS2ZGVlFWamtSWV8zSzhSNmxNMFJzU1dZZVVZWnQxeTFvZWVfNEdEYk9UM2xwMDNaVEZIVEExVDRfU01mNU1zc2dKZjR4R05pYVdxT19DY2N6aklXMEVIYUI5bXJrOG1JY2RhWHkxeGg3WmVjWl9fanhybVY1R24tdUxlSUlrU0Q3emNxeFM5b3FIVEhZazVCb2stTUJYdEZXbE1Rb0FLOUdrNDRXdTdaeE9qRG03R2NjREN6N3dhbzhpYnYtb0JBNUtR?oc=5\" target=\"_blank\" rel=\"noopener\">[Podcasts] J\u00e9r\u00f4me Rothen sur le PSG : \u00ab\u00a0Pour le moment, ils d\u00e9gagent moins de force que la saison derni\u00e8re.\u00a0\u00bb \u2013 02\/12<\/a>&nbsp;&nbsp;RMC Sport<\/li>\n<li><a href=\"https:\/\/news.google.com\/rss\/articles\/CBMiwwFBVV95cUxNNXYySTN3WDluNmJzS2YyOFIwQV9WdjVHRzA3Q2g4aGNmd083MEoxa2c1Wnk2Q041VjA2cTkzbUN6U3d5VHRxSXZ4NU8tZk1ja1Rjdno2QzF3WFNRRWJpelgzUEY1Qmw3WXFVZjBHVmtwMER4M3FlZDRYMVkwc1ROYXFRWXpzWUFQeUNtYWlnQUVRUGhkWnhxTmVTcDdVd3NqaG51M2oyMkhYRlJ3ajN2RnEtSDJzRExFVWtncDJPeFlOczA?oc=5\" target=\"_blank\" rel=\"noopener\">PSG : \u00ab\u00a0Les attaquants ? Il n&rsquo;y a pas de progression !\u00a0\u00bb se lamente Rothen<\/a>&nbsp;&nbsp;Sports &#8211; Orange<\/li>\n<li><a href=\"https:\/\/news.google.com\/rss\/articles\/CBMirgFBVV95cUxNRk9IZUhUTVpZcHR5MWtKV0pzR09xaGIzTWpPWU9peGJMZ3FPMXRtSjhSd2NVeE5uZ0N0TmxnUmtTcnlVMC1BTk5kSjJvZEw3RC10d1kxMWp2Wk9XU2R5aHF5aTNhU1RaWTBOZlp6d0h4aTB3dHJEQVhCNTFNLVpWX0phY3V6N1JRSkJ5VFNfUURDd2UzRlRuaHlGNUN3cmFMTFk0VG5FNlYzTG5ObkE?oc=5\" target=\"_blank\" rel=\"noopener\">PSG : Le sentiment de Stephen Brun sur l&rsquo;\u00e9quipe parisienne actuelle<\/a>&nbsp;&nbsp;PlanetePSG.com<\/li>\n<li><a href=\"https:\/\/news.google.com\/rss\/articles\/CBMiW0FVX3lxTFBycjJ4MjZHUWNqbnAwa3ZnUjhnelJZd2dTejZwNVloWjBha0ZUUC1Wb1ZqeW9fLWhMNWF1cHFSeUtnRktJT05lNG9jWllIUFhTeVMxTWswTTJabWs?oc=5\" target=\"_blank\" rel=\"noopener\">PSG &#8211; Paris est magique !<\/a>&nbsp;&nbsp;Sceneario<\/li>\n<\/ol>\n","protected":false},"excerpt":{"rendered":"Catastrophe annonc\u00e9e au PSG : C&rsquo;est la panique !&nbsp;&nbsp;Le10Sport [Podcasts] J\u00e9r\u00f4me Rothen sur le PSG : \u00ab\u00a0Pour le&hellip;\n","protected":false},"author":2,"featured_media":574252,"comment_status":"","ping_status":"","sticky":false,"template":"","format":"standard","meta":{"footnotes":""},"categories":[1410],"tags":[63,1011,27,60],"class_list":{"0":"post-574251","1":"post","2":"type-post","3":"status-publish","4":"format-standard","5":"has-post-thumbnail","7":"category-football","8":"tag-football","9":"tag-fr","10":"tag-france","11":"tag-sports"},"share_on_mastodon":{"url":"https:\/\/pubeurope.com\/@fr\/115652835800736880","error":""},"_links":{"self":[{"href":"https:\/\/www.europesays.com\/fr\/wp-json\/wp\/v2\/posts\/574251","targetHints":{"allow":["GET"]}}],"collection":[{"href":"https:\/\/www.europesays.com\/fr\/wp-json\/wp\/v2\/posts"}],"about":[{"href":"https:\/\/www.europesays.com\/fr\/wp-json\/wp\/v2\/types\/post"}],"author":[{"embeddable":true,"href":"https:\/\/www.europesays.com\/fr\/wp-json\/wp\/v2\/users\/2"}],"replies":[{"embeddable":true,"href":"https:\/\/www.europesays.com\/fr\/wp-json\/wp\/v2\/comments?post=574251"}],"version-history":[{"count":0,"href":"https:\/\/www.europesays.com\/fr\/wp-json\/wp\/v2\/posts\/574251\/revisions"}],"wp:featuredmedia":[{"embeddable":true,"href":"https:\/\/www.europesays.com\/fr\/wp-json\/wp\/v2\/media\/574252"}],"wp:attachment":[{"href":"https:\/\/www.europesays.com\/fr\/wp-json\/wp\/v2\/media?parent=574251"}],"wp:term":[{"taxonomy":"category","embeddable":true,"href":"https:\/\/www.europesays.com\/fr\/wp-json\/wp\/v2\/categories?post=574251"},{"taxonomy":"post_tag","embeddable":true,"href":"https:\/\/www.europesays.com\/fr\/wp-json\/wp\/v2\/tags?post=574251"}],"curies":[{"name":"wp","href":"https:\/\/api.w.org\/{rel}","templated":true}]}}