{"id":574255,"date":"2025-12-03T00:37:36","date_gmt":"2025-12-03T00:37:36","guid":{"rendered":"https:\/\/www.europesays.com\/fr\/574255\/"},"modified":"2025-12-03T00:37:36","modified_gmt":"2025-12-03T00:37:36","slug":"la-veuve-de-pavarotti-en-colere-et-bouleversee-par-ce-que-cette-ville-a-fait-de-sa-statue-pour-noel","status":"publish","type":"post","link":"https:\/\/www.europesays.com\/fr\/574255\/","title":{"rendered":"La veuve de Pavarotti \u00ab\u00a0en col\u00e8re et\u00a0boulevers\u00e9e\u00a0\u00bb par ce que cette ville a fait de sa statue pour No\u00ebl"},"content":{"rendered":"<p>        <img decoding=\"async\" loading=\"lazy\" src=\"https:\/\/www.europesays.com\/fr\/wp-content\/uploads\/2025\/12\/c62b280_upload-1-zbg2fheqb1mn-afp-20171129-dpa-pa-2548912-v1-highres-lucianopavarotticelebratedbythe.jpeg\"  width=\"728\" height=\"409\" alt=\"La veuve de Luciano Pavarotti (ici lors d\u2019un concert en mai 1997) s\u2019indigne de ce que la ville italienne de Pesaro fait de sa statue pour No\u00ebl.\"\/>  <\/p>\n<p>FERDINAND OSTROP \/ dpa Picture-Alliance via AFP<\/p>\n<p>La veuve de Luciano Pavarotti (ici lors d\u2019un concert en mai 1997) s\u2019indigne de ce que la ville italienne de Pesaro fait de sa statue pour No\u00ebl.<\/p>\n<p>      <strong>EN BREF<\/strong> <strong>\u2022 <\/strong>Nicoletta Mantavoni, veuve de Pavarotti, est en col\u00e8re apr\u00e8s l\u2019installation d\u2019une patinoire autour de la statue de son mari \u00e0 Pesaro.<br \/><strong>\u2022 <\/strong>La statue de Pavarotti, inaugur\u00e9e en avril 2024, est partiellement couverte par la patinoire, ce qui a suscit\u00e9 une pol\u00e9mique.<br \/><strong>\u2022 <\/strong>La mairie de Pesaro a reconnu une erreur et assur\u00e9 qu\u2019il n\u2019y avait aucune intention de manquer de respect au t\u00e9nor.                         <\/p>\n<p class=\"asset asset-text\">\u00ab\u00a0Je regrette que la ville ait laiss\u00e9 faire une chose pareille.\u00a0\u00bb La seconde \u00e9pouse de Luciano Pavarotti est tr\u00e8s remont\u00e9e contre la commune italienne de Pesaro. Dans un article publi\u00e9 le mercredi 26\u00a0novembre par le journal <a href=\"https:\/\/www.ilrestodelcarlino.it\/pesaro\/cronaca\/pavarotti-statua-pista-ghiaccio-sdegno-vedova-h75yt83v\" target=\"_blank\" rel=\"noopener\" title=\"Nouvelle fen\u00eatre\">Il Resto del Carlino<\/a>, Nicoletta Mantavoni a dit son m\u00e9contentement apr\u00e8s qu\u2019une patinoire a \u00e9t\u00e9 install\u00e9e autour d\u2019une statue de son mari, d\u00e9c\u00e9d\u00e9 en 2007.<\/p>\n<p class=\"asset asset-text\">Cette repr\u00e9sentation grandeur nature montre le c\u00e9l\u00e8bre t\u00e9nor les bras tendus et un mouchoir \u00e0 la main. Mais <strong>comme vous pouvez le voir dans le reportage ci-dessous<\/strong>, elle est d\u00e9sormais entour\u00e9e par une patinoire et ses jambes sont \u00e0 moiti\u00e9 couvertes, ce qui la fait para\u00eetre nettement plus petite. Avant l\u2019ouverture, le maire de Pesaro, Andrea Biancini, a invit\u00e9 <a href=\"https:\/\/www.huffingtonpost.fr\/sport\/video\/gabriella-papadakis-et-madison-hubbell-en-duo-sur-la-glace-une-petite-revolution-dans-le-patinage_245880.html\" target=\"_blank\" rel=\"noopener\" title=\"Nouvelle fen\u00eatre\">les patineurs<\/a> \u00e0 \u00ab\u00a0taper dans la main de Pavarotti\u00a0\u00bb dans une publication sur les r\u00e9seaux sociaux, rapporte la <a href=\"https:\/\/www.bbc.com\/news\/articles\/cre3q9edqx8o\" target=\"_blank\" rel=\"noopener\" title=\"Nouvelle fen\u00eatre\">BBC<\/a>.<\/p>\n<p> La lecture de ce contenu est susceptible d\u2019entra\u00eener un d\u00e9p\u00f4t de cookies de la part de l\u2019op\u00e9rateur tiers qui l\u2019h\u00e9berge. Compte-tenu des choix que vous avez exprim\u00e9s en mati\u00e8re de d\u00e9p\u00f4t de cookies, nous avons bloqu\u00e9 l\u2019affichage de ce contenu. Si vous souhaitez y acc\u00e9der, vous devez accepter la cat\u00e9gorie de cookies \u201cContenus tiers\u201d en cliquant sur le bouton ci-dessous. <\/p>\n<p> Lire la Vid\u00e9o              <\/p>\n<p class=\"asset asset-text\">Sans surprise, cette installation mise en place pour les f\u00eates de fin d\u2019ann\u00e9e n\u2019a pas vraiment plu \u00e0 Nicoletta Mantavoni. Elle s\u2019est dite \u00ab\u00a0d\u00e9\u00e7ue, en col\u00e8re et boulevers\u00e9e\u00a0\u00bb dans les colonnes d\u2019Il Resto del Carlino, jugeant que \u00ab\u00a0cela nuit \u00e0 l\u2019image de Luciano et au respect qu\u2019il m\u00e9rite\u00a0\u00bb. \u00ab\u00a0C\u2019est tout simplement inadmissible\u00a0\u00bb, a-t-elle d\u00e9nonc\u00e9, affirmant au passage que la patinoire est \u00ab\u00a0laide\u00a0\u00bb.<\/p>\n<p>                     La mairie assure n\u2019avoir pas voulu \u00ab\u00a0manquer de respect\u00a0\u00bb    <\/p>\n<p class=\"asset asset-text\">La <a href=\"https:\/\/www.huffingtonpost.fr\/divertissement\/article\/thomas-pesquet-s-offusque-du-vol-de-sa-statue-mais-surtout-d-un-detail-de-celle-ci_257394.html\" target=\"_blank\" rel=\"noopener\">statue<\/a> de bronze, qui se trouve sur une place du centre-ville, a \u00e9t\u00e9 officiellement r\u00e9v\u00e9l\u00e9e en avril\u00a02024\u00a0par la commune, o\u00f9 Luciano Pavarotti poss\u00e9dait une maison. <strong>Comme le montre la photo ci-dessous<\/strong>, Nicoletta Mantavoni avait fait le d\u00e9placement lors de l\u2019inauguration.<\/p>\n<p> La lecture de ce contenu est susceptible d\u2019entra\u00eener un d\u00e9p\u00f4t de cookies de la part de l\u2019op\u00e9rateur tiers qui l\u2019h\u00e9berge. Compte-tenu des choix que vous avez exprim\u00e9s en mati\u00e8re de d\u00e9p\u00f4t de cookies, nous avons bloqu\u00e9 l\u2019affichage de ce contenu. Si vous souhaitez y acc\u00e9der, vous devez accepter la cat\u00e9gorie de cookies \u201cContenus tiers\u201d en cliquant sur le bouton ci-dessous. <\/p>\n<p> Lire la Vid\u00e9o        <\/p>\n<p class=\"asset asset-text\">Constatant l\u2019ampleur de la pol\u00e9mique, la municipalit\u00e9 de Pesaro a reconnu une \u00ab\u00a0erreur\u00a0\u00bb et d\u00e9clar\u00e9 \u00e0 Il Resto del Carlino n\u2019avoir eu \u00ab\u00a0aucune intention de manquer de respect\u00a0\u00bb au c\u00e9l\u00e8bre chanteur italien. Le maire, Andrea Biancini, a affirm\u00e9 que le plan de la patinoire qui lui a \u00e9t\u00e9 pr\u00e9sent\u00e9 assurait que la statue ne serait \u00ab\u00a0ni touch\u00e9e, ni int\u00e9gr\u00e9e au rev\u00eatement\u00a0\u00bb.<\/p>\n<p class=\"asset asset-text\">C\u2019est apr\u00e8s l\u2019installation que l\u2019\u00e9dile s\u2019est rendu compte du probl\u00e8me\u2026 qui ne pourra pas \u00eatre r\u00e9solu, puisqu\u2019il est trop tard pour d\u00e9placer la statue ou d\u00e9monter la patinoire. \u00ab\u00a0Cela ne se reproduira plus\u00a0\u00bb, a-t-il assur\u00e9.<\/p>\n","protected":false},"excerpt":{"rendered":"FERDINAND OSTROP \/ dpa Picture-Alliance via AFP La veuve de Luciano Pavarotti (ici lors d\u2019un concert en mai&hellip;\n","protected":false},"author":2,"featured_media":574256,"comment_status":"","ping_status":"","sticky":false,"template":"","format":"standard","meta":{"footnotes":""},"categories":[1358],"tags":[1348,1384,1385,1386,58,59,1011,27,14,452,7165,11600],"class_list":{"0":"post-574255","1":"post","2":"type-post","3":"status-publish","4":"format-standard","5":"has-post-thumbnail","7":"category-arts-et-design","8":"tag-arts","9":"tag-arts-and-design","10":"tag-arts-et-design","11":"tag-design","12":"tag-divertissement","13":"tag-entertainment","14":"tag-fr","15":"tag-france","16":"tag-international","17":"tag-italie","18":"tag-opera","19":"tag-statue"},"share_on_mastodon":{"url":"https:\/\/pubeurope.com\/@fr\/115652844320510038","error":""},"_links":{"self":[{"href":"https:\/\/www.europesays.com\/fr\/wp-json\/wp\/v2\/posts\/574255","targetHints":{"allow":["GET"]}}],"collection":[{"href":"https:\/\/www.europesays.com\/fr\/wp-json\/wp\/v2\/posts"}],"about":[{"href":"https:\/\/www.europesays.com\/fr\/wp-json\/wp\/v2\/types\/post"}],"author":[{"embeddable":true,"href":"https:\/\/www.europesays.com\/fr\/wp-json\/wp\/v2\/users\/2"}],"replies":[{"embeddable":true,"href":"https:\/\/www.europesays.com\/fr\/wp-json\/wp\/v2\/comments?post=574255"}],"version-history":[{"count":0,"href":"https:\/\/www.europesays.com\/fr\/wp-json\/wp\/v2\/posts\/574255\/revisions"}],"wp:featuredmedia":[{"embeddable":true,"href":"https:\/\/www.europesays.com\/fr\/wp-json\/wp\/v2\/media\/574256"}],"wp:attachment":[{"href":"https:\/\/www.europesays.com\/fr\/wp-json\/wp\/v2\/media?parent=574255"}],"wp:term":[{"taxonomy":"category","embeddable":true,"href":"https:\/\/www.europesays.com\/fr\/wp-json\/wp\/v2\/categories?post=574255"},{"taxonomy":"post_tag","embeddable":true,"href":"https:\/\/www.europesays.com\/fr\/wp-json\/wp\/v2\/tags?post=574255"}],"curies":[{"name":"wp","href":"https:\/\/api.w.org\/{rel}","templated":true}]}}