{"id":574257,"date":"2025-12-03T00:40:25","date_gmt":"2025-12-03T00:40:25","guid":{"rendered":"https:\/\/www.europesays.com\/fr\/574257\/"},"modified":"2025-12-03T00:40:25","modified_gmt":"2025-12-03T00:40:25","slug":"lucie-bernardoni-star-academy-annonce-un-changement-de-derniere-minute-pour-le-prime-du-5-decembre","status":"publish","type":"post","link":"https:\/\/www.europesays.com\/fr\/574257\/","title":{"rendered":"Lucie Bernardoni (Star Academy) annonce un changement de derni\u00e8re minute pour le prime du 5 d\u00e9cembre"},"content":{"rendered":"<p>Dans le live de la Star Academy du mardi 2 d\u00e9cembre sur TF1+, Lucie Bernarnodi a annonc\u00e9 un changement de derni\u00e8re minute concernant la prime du vendredi 5 d\u00e9cembre. D\u00e9couvrez lequel.<\/p>\n<p>Les \u00e9l\u00e8ves de la Star Academy vont faire le show ce vendredi 5 d\u00e9cembre sur TF1. Exceptionnellement, le prime sera diffus\u00e9 en fin de semaine pour laisser la place \u00e0 <a href=\"https:\/\/www.programme-tv.net\/news\/evenement\/miss-france-miss-france\/392675-miss-france-2026-on-connait-enfin-le-jury-de-lelection\/\" data-api-deeplink=\"teleloisirs:\/\/news\/392675\" target=\"_blank\" rel=\"noopener\">l&rsquo;\u00e9lection de Miss France 2026<\/a> le samedi soir, une soir\u00e9e qui signera la fin du r\u00e8gne d&rsquo;Ang\u00e9lique Angarni-Filopon. Pour <a href=\"https:\/\/www.programme-tv.net\/news\/tv\/393138-star-academy-2025-qui-sont-les-invites-du-prime-de-ce-vendredi-5-decembre\/\" data-api-deeplink=\"teleloisirs:\/\/news\/393138\" target=\"_blank\" rel=\"noopener\">le prime sp\u00e9cial com\u00e9die musicale<\/a>, les acad\u00e9miciens pr\u00e9parent un v\u00e9ritable music-hall dont le premier r\u00f4le a \u00e9t\u00e9 attribu\u00e9 \u00e0 Anouk, la m\u00eame candidate qui ouvrira le prime gr\u00e2ce \u00e0 son immunit\u00e9. Elle a appris dans le live du mardi 2 d\u00e9cembre sur TF1+ qu&rsquo;elle fera cette ouverture sur la chanson Monopolis de Starmania.<\/p>\n<p>Pour ce prime qui s&rsquo;annonce th\u00e9\u00e2tral, trois \u00e9l\u00e8ves sont en danger.<a href=\"https:\/\/www.programme-tv.net\/news\/tv\/393291-star-academy-2025-qui-sont-les-eleves-nomines-pour-le-prime-du-5-decembre\/\" data-api-deeplink=\"teleloisirs:\/\/news\/393291\" target=\"_blank\" rel=\"noopener\"> Jeanne, Lily et M\u00e9lissa sont nomm\u00e9es<\/a> et ne participeront pas au music-hall de la Star Academy 2025. Elles chanteront chacune un solo et s&rsquo;affronteront lors d&rsquo;une battle des nomm\u00e9es. Et pour la premi\u00e8re fois de la saison, aucune d&rsquo;entre elles n&rsquo;aura la chance d&rsquo;\u00eatre sauv\u00e9e par ses camarades. Comme l&rsquo;a r\u00e9v\u00e9l\u00e9 <a href=\"https:\/\/www.programme-tv.net\/biographie\/49100-charni-karima\/\" data-link-people=\"c4384174-05b4-4ba8-9774-5c3f9617785e\" target=\"_blank\" rel=\"noopener\">Karima Charni<\/a>, <a href=\"https:\/\/www.programme-tv.net\/news\/tv\/393315-star-academy-2025-les-eleves-ne-pourront-plus-voter-pour-sauver-un-nomme-au-prime-cette-annonce-qui-va-bouleverser-la-suite-de-l-aventure\/\" data-api-deeplink=\"teleloisirs:\/\/news\/393315\" target=\"_blank\" rel=\"noopener\">le public sera le seul \u00e0 avoir le pouvoir de sauver une nomm\u00e9e<\/a>. Lors d&rsquo;une visite au ch\u00e2teau, Lucie Bernardoni et Fanny Delaigue ont annonc\u00e9 l&rsquo;attribution des duos avec les artistes. Sarah a d\u00e9croch\u00e9 le duo avec <a href=\"https:\/\/www.programme-tv.net\/biographie\/515-pagny-florent\/\" data-link-people=\"6c6d0e5f-1f7b-42c3-ad02-594764c3c617\" target=\"_blank\" rel=\"noopener\">Florent Pagny<\/a> sur T&rsquo;aimer encore. <a href=\"https:\/\/www.programme-tv.net\/biographie\/259856-girac-kendji\/\" data-link-people=\"549bba55-5f44-494b-b889-835901203a73\" target=\"_blank\" rel=\"noopener\">Kendji Girac<\/a> ne chantera finalement pas avec un \u00e9l\u00e8ve&#8230; mais deux ! Et ce sont Th\u00e9o P et L\u00e9o qui ont \u00e9t\u00e9 choisis. L\u00e9a a \u00e9t\u00e9 d\u00e9sign\u00e9e pour partager la sc\u00e8ne avec Amir sur son titre Compl\u00e9mentaire. Enfin, Ambre a gagn\u00e9 le duo avec la chanteuse belge <a href=\"https:\/\/www.programme-tv.net\/biographie\/190794-sue-selah\/\" data-link-people=\"9ec8b8b3-5247-475d-8feb-ba3b273748df\" target=\"_blank\" rel=\"noopener\">Selah Sue<\/a> sur son tube Raggamuffin.<\/p>\n<p>                        Lucie Bernardoni (Star Academy) annonce une mauvaise nouvelle concernant le prime du vendredi 5 d\u00e9cembre sur TF1<\/p>\n<p>Apr\u00e8s ces r\u00e9v\u00e9lations, Lucie Bernardoni a annonc\u00e9 une mauvaise nouvelle concernant le prime du vendredi 5 d\u00e9cembre. \u00ab\u00a0<b>Cette semaine, comme vous avez d\u00e9j\u00e0 beaucoup de travail avec le musical, il n&rsquo;y aura donc pas d&rsquo;autoportrait\u00a0\u00bb<\/b>, a regrett\u00e9 la r\u00e9p\u00e9titrice de la Star Academy. Une nouveaut\u00e9 de <a href=\"https:\/\/www.programme-tv.net\/news\/tv\/388521-star-academy-2025-date-de-diffusion-professeurs-casting-toutes-les-infos-sur-la-nouvelle-saison\/\" data-api-deeplink=\"teleloisirs:\/\/news\/388521\" target=\"_blank\" rel=\"noopener\">la saison 13<\/a> qui pla\u00eet pourtant \u00e9norm\u00e9ment aux t\u00e9l\u00e9spectateurs. Il y aura cependant le tableau chant\u00e9-dans\u00e9 qui a \u00e9t\u00e9 attribu\u00e9 \u00e0 Sarah. C&rsquo;est d\u00e9j\u00e0 \u00e7a.<\/p>\n","protected":false},"excerpt":{"rendered":"Dans le live de la Star Academy du mardi 2 d\u00e9cembre sur TF1+, Lucie Bernarnodi a annonc\u00e9 un&hellip;\n","protected":false},"author":2,"featured_media":574258,"comment_status":"","ping_status":"","sticky":false,"template":"","format":"standard","meta":{"footnotes":""},"categories":[1356],"tags":[244,58,59,1011,27,64696,64698,64694,64695,9052,5095,64699,64697,67813,68033,252,199,2175,1364],"class_list":{"0":"post-574257","1":"post","2":"type-post","3":"status-publish","4":"format-standard","5":"has-post-thumbnail","7":"category-television","8":"tag-commentaire","9":"tag-divertissement","10":"tag-entertainment","11":"tag-fr","12":"tag-france","13":"tag-la-quotidienne-25112022-173000-tf1","14":"tag-la-quotidienne-su00e9rie-52118294","15":"tag-la-quotidienne-1100832954","16":"tag-la-quotidienne-1100860641","17":"tag-lucie-bernardoni","18":"tag-star-academy","19":"tag-star-academy-le-prime-9790195","20":"tag-star-academy-1100807804","21":"tag-star-academy-1101059444","22":"tag-star-academy-1101324617","23":"tag-television","24":"tag-tf1","25":"tag-tl-story","26":"tag-tv"},"share_on_mastodon":{"url":"https:\/\/pubeurope.com\/@fr\/115652855441803357","error":""},"_links":{"self":[{"href":"https:\/\/www.europesays.com\/fr\/wp-json\/wp\/v2\/posts\/574257","targetHints":{"allow":["GET"]}}],"collection":[{"href":"https:\/\/www.europesays.com\/fr\/wp-json\/wp\/v2\/posts"}],"about":[{"href":"https:\/\/www.europesays.com\/fr\/wp-json\/wp\/v2\/types\/post"}],"author":[{"embeddable":true,"href":"https:\/\/www.europesays.com\/fr\/wp-json\/wp\/v2\/users\/2"}],"replies":[{"embeddable":true,"href":"https:\/\/www.europesays.com\/fr\/wp-json\/wp\/v2\/comments?post=574257"}],"version-history":[{"count":0,"href":"https:\/\/www.europesays.com\/fr\/wp-json\/wp\/v2\/posts\/574257\/revisions"}],"wp:featuredmedia":[{"embeddable":true,"href":"https:\/\/www.europesays.com\/fr\/wp-json\/wp\/v2\/media\/574258"}],"wp:attachment":[{"href":"https:\/\/www.europesays.com\/fr\/wp-json\/wp\/v2\/media?parent=574257"}],"wp:term":[{"taxonomy":"category","embeddable":true,"href":"https:\/\/www.europesays.com\/fr\/wp-json\/wp\/v2\/categories?post=574257"},{"taxonomy":"post_tag","embeddable":true,"href":"https:\/\/www.europesays.com\/fr\/wp-json\/wp\/v2\/tags?post=574257"}],"curies":[{"name":"wp","href":"https:\/\/api.w.org\/{rel}","templated":true}]}}