{"id":574273,"date":"2025-12-03T00:48:15","date_gmt":"2025-12-03T00:48:15","guid":{"rendered":"https:\/\/www.europesays.com\/fr\/574273\/"},"modified":"2025-12-03T00:48:15","modified_gmt":"2025-12-03T00:48:15","slug":"leon-xiv-souhaite-se-rendre-en-algerie-pour-son-prochain-voyage","status":"publish","type":"post","link":"https:\/\/www.europesays.com\/fr\/574273\/","title":{"rendered":"L\u00e9on XIV souhaite se rendre en Alg\u00e9rie pour son prochain voyage"},"content":{"rendered":"<p>\n    Dans l\u2019avion qui l\u2019a ramen\u00e9 de Beyrouth \u00e0 Rome mardi, le pape a confi\u00e9 qu\u2019il aimerait se rendre en Afrique, avec une premi\u00e8re \u00e9tape en Alg\u00e9rie.<\/p>\n<p class=\"fig-paragraph\">Au retour de\u00a0<a href=\"http:\/\/www.lefigaro.fr\/actualite-france\/liban-a-beyrouth-la-messe-du-pape-attire-environ-150-000-personnes-selon-le-vatican-20251202\" data-fig-type=\"NewsFlash\" data-gtm-custom-categorie=\"navigation\" data-gtm-custom-action=\"crossclick\" data-gtm-custom-label=\"Contextuel\" data-gtm-event=\"customEventSPE\" data-fig-domain=\"LEFIGARO\" target=\"_blank\" rel=\"noopener\">son voyage au Liban mardi<\/a>, le pape L\u00e9on XIV a annonc\u00e9, lors d\u2019une conf\u00e9rence de presse tenue dans l\u2019avion, que son prochain voyage pourrait \u00eatre consacr\u00e9 au continent africain, avec une premi\u00e8re \u00e9tape en Alg\u00e9rie. Tout cela reste \u00ab\u00e0 confirmer\u00bb a pr\u00e9venu le pape, \u00abil n\u2019y a rien de s\u00fbr et certain\u00bb. \u00abJ\u2019esp\u00e8re faire un voyage en Afrique, a-t-il expliqu\u00e9, cela pourrait \u00eatre le prochain\u00bb.<\/p>\n<p class=\"fig-paragraph\">Il a alors d\u00e9taill\u00e9\u00a0: \u00abpersonnellement, j\u2019esp\u00e8re aller en Alg\u00e9rie pour visiter les lieux de vie de Saint Augustin mais aussi pour poursuivre l\u2019\u00e9change sur la construction de ponts entre les mondes chr\u00e9tien et musulman.\u00bb \u00c9voquant\u00a0<a href=\"http:\/\/www.lefigaro.fr\/actualite-france\/je-suis-un-augustinien-qu-a-voulu-dire-leon-xiv-par-cette-reference-20250508\" data-fig-type=\"Article\" data-gtm-custom-categorie=\"navigation\" data-gtm-custom-action=\"crossclick\" data-gtm-custom-label=\"Contextuel\" data-gtm-event=\"customEventSPE\" data-fig-domain=\"LEFIGARO\" target=\"_blank\" rel=\"noopener\">son ma\u00eetre spirituel<\/a>, l\u2019ancien cardinal am\u00e9ricain, religieux augustinien, a observ\u00e9 que \u00abla figure de Saint Augustin aide beaucoup pour \u00e9tablir un pont parce qu\u2019il est tr\u00e8s respect\u00e9 en Alg\u00e9rie comme fils de la patrie.\u00bb<\/p>\n<p>                                            <a class=\"fig-a11y-skip\" href=\"#fig-a11y-skip-main-inarticle\" data-module=\"a11y-skip\" data-context=\"was @visible\"><br \/>\n    Passer la publicit\u00e9<br \/>\n<\/a>            <\/p>\n<p>                                            \u00abIl y a un an ou deux, j\u2019avais pens\u00e9 \u00e0 partir \u00e0 la retraite\u00a0!\u00bb<\/p>\n<p class=\"fig-paragraph\">Quant au choix des \u00abautres pays\u00bb de cette tourn\u00e9e africaine, L\u00e9on XIV a simplement pr\u00e9cis\u00e9\u00a0: \u00abnous y travaillons\u00bb. Si elle se confirme, cette tourn\u00e9e en Afrique sera lourde de sens pour ce pontificat car elle sera l\u2019expression d\u2019un choix personnel de ce nouveau pape. Le d\u00e9placement en Turquie et au Liban, qu\u2019il vient d\u2019accomplir, \u00e9tait en effet programm\u00e9 par son pr\u00e9d\u00e9cesseur, Fran\u00e7ois, avant son d\u00e9c\u00e8s.<\/p>\n<p class=\"fig-paragraph\">Plut\u00f4t d\u00e9contract\u00e9 et relativement peu fatigu\u00e9 pour un homme de 70 ans qui vient de pr\u00e9sider un voyage tr\u00e8s dense de six jours, le pape a livr\u00e9 quelques confidences sur son \u00e9tat d\u2019esprit, avant et depuis son \u00e9lection sur le si\u00e8ge de Pierre, le 8 mai dernier. \u00abIl y a un an ou deux, j\u2019avais pens\u00e9 \u00e0 partir \u00e0 la retraite\u00a0! Mais certains d\u2019entre nous doivent continuer \u00e0 travailler\u00bb, a-t-il confi\u00e9 en riant.<\/p>\n<blockquote class=\"fig-quote&#10;    \">\n<p class=\"fig-quote__text\">J\u2019ai pris une profonde respiration et je me suis dit, \u201cseigneur, on y va, tu me guides\u00a0!\u201d<\/p>\n<p>            Pape L\u00e9on XIV \u00e0 propos de son \u00e9lection\n    <\/p><\/blockquote>\n<p class=\"fig-paragraph\">Interrog\u00e9 sur\u00a0<a href=\"http:\/\/www.lefigaro.fr\/actualite-france\/dossier\/succession-du-pape-francois-notre-dossier-pour-tout-comprendre\" data-fig-type=\"Topic\" data-gtm-custom-categorie=\"navigation\" data-gtm-custom-action=\"crossclick\" data-gtm-custom-label=\"Contextuel\" data-gtm-event=\"customEventSPE\" data-fig-domain=\"LEFIGARO\" target=\"_blank\" rel=\"noopener\">le conclave<\/a>, il a \u00e9t\u00e9 tr\u00e8s net, \u00abje respecte strictement le secret\u00bb, tout en livrant cette anecdote\u00a0: \u00abla veille du jour o\u00f9 j\u2019ai \u00e9t\u00e9 \u00e9lu, une journaliste m\u2019a arr\u00eat\u00e9 dans la rue alors que j\u2019allais d\u00e9jeuner et m\u2019a demand\u00e9 ce que je pensais du fait d\u2019\u00eatre l\u2019un des candidats. J\u2019ai simplement r\u00e9pondu que tout \u00e9tait entre les mains de Dieu. Et j\u2019y crois profond\u00e9ment.\u00bb<\/p>\n<p class=\"fig-paragraph\">Il s\u2019est \u00e9galement confi\u00e9 sur son \u00e9tat d\u2019esprit quand il a compris qu\u2019il allait \u00eatre \u00e9lu\u00a0: \u00abJe me suis r\u00e9sign\u00e9 quand j\u2019ai vu comment les choses tournaient et je me suis dit que \u00e7a pouvait devenir une r\u00e9alit\u00e9. J\u2019ai pris une profonde respiration et je me suis dit, \u201cseigneur, on y va, tu me guides\u00a0!\u201d\u00bb<\/p>\n<p class=\"fig-paragraph\">Parmi les multiples sujets abord\u00e9s avec la presse, L\u00e9on XIV a livr\u00e9 sa vision des relations avec l\u2019islam. \u00c0 Istanbul,\u00a0<a href=\"http:\/\/www.lefigaro.fr\/actualite-france\/leon-xiv-a-istanbul-un-pape-catholique-peut-il-prier-dans-une-mosquee-musulmane-20251129\" data-fig-type=\"Article\" data-gtm-custom-categorie=\"navigation\" data-gtm-custom-action=\"crossclick\" data-gtm-custom-label=\"Contextuel\" data-gtm-event=\"customEventSPE\" data-fig-domain=\"LEFIGARO\" target=\"_blank\" rel=\"noopener\">il avait visit\u00e9 samedi la grande Mosqu\u00e9e Bleue<\/a>\u00a0sans para\u00eetre particuli\u00e8rement passionn\u00e9 par ce rendez-vous. Mais il a particip\u00e9, lundi au Liban, \u00e0 une rencontre interreligieuse, avec toutes les communaut\u00e9s religieuses pr\u00e9sentes dans ce pays. \u00abDans les conversations que j\u2019ai eues en Turquie et au Liban, a-t-il confi\u00e9, y compris avec plusieurs musulmans, nous nous sommes pr\u00e9cis\u00e9ment concentr\u00e9s sur le th\u00e8me de la paix et du respect, pour les gens de diff\u00e9rentes religions.\u00bb\u00a0Il a ajout\u00e9\u00a0: \u00abJe le sais \u2013 c\u2019est un fait, m\u00eame si \u00e7a n\u2019a pas toujours \u00e9t\u00e9 le cas \u2013 qu\u2019il y a souvent des peurs en Europe. Ces peurs sont pr\u00e9sentes mais elles sont aussi souvent g\u00e9n\u00e9r\u00e9es par des gens oppos\u00e9s \u00e0 l\u2019immigration qui tentent de maintenir hors des fronti\u00e8res des gens d\u2019un autre pays, d\u2019une autre religion, d\u2019une autre ethnie.\u00bb<\/p>\n<p>                                            <a class=\"fig-a11y-skip\" href=\"#fig-a11y-skip-main-inarticle_mtf\" data-module=\"a11y-skip\" data-context=\"was @visible\"><br \/>\n    Passer la publicit\u00e9<br \/>\n<\/a>            <\/p>\n<p>                                            Lucidit\u00e9 sur les probl\u00e8mes \u00e0 r\u00e9soudre<\/p>\n<p class=\"fig-paragraph\">Apr\u00e8s ce constat, le nouveau pape a observ\u00e9\u00a0: \u00abJe voudrais dire que nous avons tous besoin de travailler ensemble. C\u2019est m\u00eame l\u2019une des valeurs de ce voyage\u00a0: transformer pr\u00e9cis\u00e9ment un monde de tension en une possibilit\u00e9 de dialogue et d\u2019amiti\u00e9 entre musulmans et chr\u00e9tiens\u00bb.<\/p>\n<p class=\"fig-paragraph\">Il s\u2019exprimait quelques minutes apr\u00e8s le d\u00e9collage de Beyrouth \u00e0 destination de Rome\u00a0: \u00abJe crois que l\u2019une des plus grandes le\u00e7ons que le Liban peut enseigner au monde est pr\u00e9cis\u00e9ment de montrer un pays o\u00f9 l\u2019Islam et le christianisme sont toutes les deux pr\u00e9sentes et respect\u00e9es. Et qu\u2019il y a une possibilit\u00e9 de vivre en ensemble, d\u2019avoir de l\u2019amiti\u00e9 les uns pour les autres.\u00bb<\/p>\n<p class=\"fig-paragraph\">Lors de son s\u00e9jour au Liban, le pape a d\u00e9montr\u00e9 sa lucidit\u00e9 sur les probl\u00e8mes \u00e0 r\u00e9soudre. Devant les journalistes mardi, il a insist\u00e9 sur \u00ables histoires et t\u00e9moignages que nous avons entendus ces deux derniers jours, de gens qui s\u2019entraident, chr\u00e9tiens avec musulmans, ensemble, qui voient leurs villages d\u00e9truits mais qui disent\u00a0: \u2019on peut parler ensemble et travailler ensemble\u2019.\u00bb \u00abC\u2019est important que nous entendions \u00e7a en Europe ou en Am\u00e9rique du Nord, a-t-il poursuivi. Peut-\u00eatre devrions-nous nous \u00eatre moins effray\u00e9s et, au contraire, rechercher des voix pour promouvoir le dialogue et le respect.\u00bb\u00a0<\/p>\n<p class=\"fig-paragraph\">Plus t\u00f4t dans la journ\u00e9e, lors d\u2019une messe en plein air sur le front de mer \u00e0 Beyrouth r\u00e9unissant 150 000 personnes, le souverain pontife avait appel\u00e9 \u00e0 la paix dans la r\u00e9gion. \u00abLe Moyen-Orient a besoin de nouvelles approches afin de rejeter la mentalit\u00e9 de vengeance et de violence (..) et d\u2019ouvrir de nouveaux chapitres au nom de la r\u00e9conciliation et de la paix\u00bb, a-t-il d\u00e9clar\u00e9.<\/p>\n<p>                                            \u00abVous pensez que vous pouvez lire mon esprit\u00bb<\/p>\n<p class=\"fig-paragraph\">Interrog\u00e9 dans l\u2019avion sur les sujets de g\u00e9opolitique, le pape s\u2019est montr\u00e9 plut\u00f4t prudent et g\u00e9n\u00e9ral dans ses r\u00e9ponses. Ainsi, \u00e0 propos de ses contacts directs avec des chefs d\u2019\u00c9tats qui sont aux prises avec les conflits actuels, il a surtout mis en avant le travail de la diplomatie du Saint-Si\u00e8ge, avec cette remarque\u00a0: \u00abNotre travail en la mati\u00e8re n\u2019est pas du ressort public, nous n\u2019allons pas le crier sur les toits, les choses se jouent plut\u00f4t en coulisse. Nous l\u2019avons d\u00e9j\u00e0 fait et nous continuerons \u00e0 le faire\u00a0: il s\u2019agit de chercher \u00e0 convaincre les parties en conflit de laisser les armes et la violence pour venir ensemble \u00e0 la table du dialogue et chercher des r\u00e9ponses et des solutions qui ne sont pas violentes et qui peuvent \u00eatre plus efficaces et meilleures pour le peuple.\u00bb<\/p>\n<p>                                            <a class=\"fig-a11y-skip\" href=\"#fig-a11y-skip-main-inarticle_btf\" data-module=\"a11y-skip\" data-context=\"was @visible\"><br \/>\n    Passer la publicit\u00e9<br \/>\n<\/a>            <\/p>\n<p class=\"fig-paragraph\">\u00c9voquant ses relations avec les journalistes &#8211; \u00abmon visage est tr\u00e8s expressif et je suis toujours amus\u00e9 par la mani\u00e8re qu\u2019ont les journalistes d\u2019interpr\u00e9ter ces expressions\u00bb -, il confie aussi son bonheur d\u2019aller \u00e0 la rencontre des gens. \u00abJ\u2019\u00e9tais au jubil\u00e9 pour les jeunes (cet \u00e9t\u00e9), ils \u00e9taient un million. Ici au Liban, c\u2019\u00e9tait plus modeste mais c\u2019\u00e9tait merveilleux pour moi. On pense que les gens sont ici car ils veulent voir le pape, mais en fait ils sont l\u00e0 pour voir J\u00e9sus et voir un messager de la paix. Il faut \u00e9couter leur enthousiasme. J\u2019esp\u00e8re ne jamais me fatiguer de l\u2019enthousiasme dont ces jeunes font preuve.\u00bb<\/p>\n<p class=\"fig-paragraph\">Il a livr\u00e9 enfin une derni\u00e8re confidence\u00a0: \u00abSi vous voulez savoir quelque chose sur moi, lisez un livre tr\u00e8s simple r\u00e9dig\u00e9 par le fr\u00e8re Laurence, \u00abla pratique de la pr\u00e9sence de Dieu\u00bb. Il d\u00e9crit plusieurs fa\u00e7ons de prier, plusieurs spiritualit\u00e9s o\u00f9 l\u2019on donne simplement sa vie \u00e0 Dieu en le laissant nous guider. C\u2019est ma spiritualit\u00e9 depuis des ann\u00e9es. J\u2019ai eu \u00e0 faire face \u00e0 bien des d\u00e9fis, ayant v\u00e9cu au P\u00e9rou pendant des ann\u00e9es de terrorisme, ayant \u00e9t\u00e9 appel\u00e9 au sacerdoce dans des endroits o\u00f9 je ne pensais jamais \u00eatre appel\u00e9. J\u2019ai confiance en Dieu et je partage ce message avec tous.\u00bb<\/p>\n","protected":false},"excerpt":{"rendered":"Dans l\u2019avion qui l\u2019a ramen\u00e9 de Beyrouth \u00e0 Rome mardi, le pape a confi\u00e9 qu\u2019il aimerait se rendre&hellip;\n","protected":false},"author":2,"featured_media":574274,"comment_status":"","ping_status":"","sticky":false,"template":"","format":"standard","meta":{"footnotes":""},"categories":[5],"tags":[11,1011,27,14,19741,12,4193,28],"class_list":{"0":"post-574273","1":"post","2":"type-post","3":"status-publish","4":"format-standard","5":"has-post-thumbnail","7":"category-international","8":"tag-actualites","9":"tag-fr","10":"tag-france","11":"tag-international","12":"tag-leon-xiv","13":"tag-news","14":"tag-vatican","15":"tag-world"},"share_on_mastodon":{"url":"https:\/\/pubeurope.com\/@fr\/115652887091383762","error":""},"_links":{"self":[{"href":"https:\/\/www.europesays.com\/fr\/wp-json\/wp\/v2\/posts\/574273","targetHints":{"allow":["GET"]}}],"collection":[{"href":"https:\/\/www.europesays.com\/fr\/wp-json\/wp\/v2\/posts"}],"about":[{"href":"https:\/\/www.europesays.com\/fr\/wp-json\/wp\/v2\/types\/post"}],"author":[{"embeddable":true,"href":"https:\/\/www.europesays.com\/fr\/wp-json\/wp\/v2\/users\/2"}],"replies":[{"embeddable":true,"href":"https:\/\/www.europesays.com\/fr\/wp-json\/wp\/v2\/comments?post=574273"}],"version-history":[{"count":0,"href":"https:\/\/www.europesays.com\/fr\/wp-json\/wp\/v2\/posts\/574273\/revisions"}],"wp:featuredmedia":[{"embeddable":true,"href":"https:\/\/www.europesays.com\/fr\/wp-json\/wp\/v2\/media\/574274"}],"wp:attachment":[{"href":"https:\/\/www.europesays.com\/fr\/wp-json\/wp\/v2\/media?parent=574273"}],"wp:term":[{"taxonomy":"category","embeddable":true,"href":"https:\/\/www.europesays.com\/fr\/wp-json\/wp\/v2\/categories?post=574273"},{"taxonomy":"post_tag","embeddable":true,"href":"https:\/\/www.europesays.com\/fr\/wp-json\/wp\/v2\/tags?post=574273"}],"curies":[{"name":"wp","href":"https:\/\/api.w.org\/{rel}","templated":true}]}}