{"id":574275,"date":"2025-12-03T00:49:12","date_gmt":"2025-12-03T00:49:12","guid":{"rendered":"https:\/\/www.europesays.com\/fr\/574275\/"},"modified":"2025-12-03T00:49:12","modified_gmt":"2025-12-03T00:49:12","slug":"depuis-le-plateau-de-pascal-praud-sur-cnews-rachida-dati-assure-que-letat-ne-va-pas-labelliser-les-medias-liberation","status":"publish","type":"post","link":"https:\/\/www.europesays.com\/fr\/574275\/","title":{"rendered":"Depuis le plateau de Pascal Praud sur CNews, Rachida Dati assure que l\u2019Etat ne va pas \u00ablabelliser les m\u00e9dias\u00bb \u2013 Lib\u00e9ration"},"content":{"rendered":"<p class=\"sc-cPiKLX AiZTS text-element\">Se rendant chez ses contempteurs, la ministre de la Culture Rachida Dati a maintes fois r\u00e9fut\u00e9 toute volont\u00e9 de mettre en place <a href=\"https:\/\/www.liberation.fr\/politique\/un-label-pour-linformation-entre-la-macronie-et-les-medias-bollore-lheure-du-clash-20251202_SCUZFUHQ4JBP7BPBT54SQLWPPY\/\" target=\"_blank\" rel=\"noreferrer noopener\" title=\"https:\/\/www.liberation.fr\/politique\/un-label-pour-linformation-entre-la-macronie-et-les-medias-bollore-lheure-du-clash-20251202_SCUZFUHQ4JBP7BPBT54SQLWPPY\/\">un \u00ablabel d\u2019Etat pour les m\u00e9dias\u00bb<\/a> ce mardi 2 d\u00e9cembre au soir, sur le plateau de <a href=\"https:\/\/www.liberation.fr\/economie\/medias\/enquete-sur-pascal-praud-le-vrp-zele-de-lunion-entre-la-droite-et-lextreme-droite-20251120_6URD5CTEO5COFHHPXR3EOEJRVI\/\" target=\"_blank\" rel=\"noreferrer noopener\" title=\"https:\/\/www.liberation.fr\/economie\/medias\/enquete-sur-pascal-praud-le-vrp-zele-de-lunion-entre-la-droite-et-lextreme-droite-20251120_6URD5CTEO5COFHHPXR3EOEJRVI\/\">la vedette de CNews Pascal Praud<\/a>. \u00abLe pr\u00e9sident de la R\u00e9publique n\u2019a jamais dit, je r\u00e9p\u00e8te jamais, il n\u2019a jamais dit : l\u2019\u00c9tat va labelliser les m\u00e9dias\u00bb, a martel\u00e9 Rachida Dati, qui d\u00e9tient \u00e9galement la presse dans son portefeuille minist\u00e9riel.<\/p>\n<p class=\"sc-cPiKLX AiZTS text-element\">Une r\u00e9ponse directe aux accusations partag\u00e9es massivement par les membres de la galaxie Bollor\u00e9. La veille, l\u2019animateur chouchou de Vincent Bollor\u00e9 s\u2019en \u00e9tait violemment pris \u00e0 Emmanuel Macron dans son \u00e9dito matinal, au point d\u2019\u00eatre <a href=\"https:\/\/www.liberation.fr\/economie\/medias\/passe-darmes-entre-pascal-praud-et-lelysee-sur-fond-de-lutte-contre-la-desinformation-20251201_FFKNQ5ZRXJF53C25OQFY4QFAZA\/\" target=\"_blank\" rel=\"noopener\" title=\"https:\/\/www.liberation.fr\/economie\/medias\/passe-darmes-entre-pascal-praud-et-lelysee-sur-fond-de-lutte-contre-la-desinformation-20251201_FFKNQ5ZRXJF53C25OQFY4QFAZA\/\">accus\u00e9 par l\u2019Elys\u00e9e de propager de fausses informations sur le sujet<\/a>.<\/p>\n<p class=\"sc-cPiKLX AiZTS text-element\">Le pr\u00e9sentateur vedette de CNews Pascal Praud a \u00e9trill\u00e9 lundi la \u00abtentation autoritaire\u00bb d\u2019un \u00abpr\u00e9sident m\u00e9content du traitement m\u00e9diatique et qui souhaite imposer un r\u00e9cit unique\u00bb. Et d\u2019ajouter : \u00abJe propose un nom pour ce nouveau service de communication : la Pravda, comme le journal officiel de feue l\u2019Union sovi\u00e9tique\u00bb.<\/p>\n<p class=\"sc-cPiKLX AiZTS text-element\">La pol\u00e9mique est n\u00e9e pendant le week-end, partie d\u2019un autre organe bollor\u00e9en, quand le<a href=\"https:\/\/www.liberation.fr\/economie\/medias\/scuds-a-la-gauche-poncifs-patriotes-debats-a-rallonge-linterminable-soiree-evenement-du-jdd-au-dome-de-paris-20251126_E3QGEQTZKREX5JV6NXGHB2SCLU\/\" target=\"_blank\" rel=\"noopener\" title=\"https:\/\/www.liberation.fr\/economie\/medias\/scuds-a-la-gauche-poncifs-patriotes-debats-a-rallonge-linterminable-soiree-evenement-du-jdd-au-dome-de-paris-20251126_E3QGEQTZKREX5JV6NXGHB2SCLU\/\"> Journal du Dimanche<\/a> a reproch\u00e9 \u00e0 Emmanuel Macron une \u00abd\u00e9rive totalitaire\u00bb au sujet du projet \u00e9voqu\u00e9 il y a deux semaines d\u2019une \u00ablabellisation faite par des professionnels\u00bb afin de lutter contre la d\u00e9sinformation.<\/p>\n<p class=\"sc-cPiKLX AiZTS text-element\">Outre les m\u00e9dias appartenant au milliardaire breton, des repr\u00e9sentants politiques de la droite et de l\u2019extr\u00eame droite, tels que le patron du parti Les R\u00e9publicains Bruno Retailleau, le maire LR de Cannes David Lisnard ou encore <a href=\"https:\/\/www.liberation.fr\/societe\/police-justice\/oeuf-ecrase-sur-le-crane-de-jordan-bardella-un-septuagenaire-juge-ce-mardi-en-comparution-immediate-20251201_SHAQGV4DGFH5HND52TCD2VWYLU\/\" target=\"_blank\" rel=\"noopener\" title=\"https:\/\/www.liberation.fr\/societe\/police-justice\/oeuf-ecrase-sur-le-crane-de-jordan-bardella-un-septuagenaire-juge-ce-mardi-en-comparution-immediate-20251201_SHAQGV4DGFH5HND52TCD2VWYLU\/\">Jordan Bardella<\/a>, se sont publiquement inqui\u00e9t\u00e9s d\u2019une telle mesure.<\/p>\n<p class=\"sc-cPiKLX AiZTS text-element\">Sur CNews ce mardi soir, la ministre de la Culture et <a href=\"https:\/\/www.liberation.fr\/politique\/outrance-et-haine-a-paris-dati-essaye-de-se-faire-passer-pour-la-gentille-de-lhistoire-20251117_UPBDCGKM5ZE6ZHVXPKXHHWEFPI\/\" target=\"_blank\" rel=\"noopener\" title=\"https:\/\/www.liberation.fr\/politique\/outrance-et-haine-a-paris-dati-essaye-de-se-faire-passer-pour-la-gentille-de-lhistoire-20251117_UPBDCGKM5ZE6ZHVXPKXHHWEFPI\/\">candidate \u00e0 la mairie de Paris<\/a> a par ailleurs pr\u00e9cis\u00e9 que ce projet de label ne venait pas du pr\u00e9sident Macron mais des Etats g\u00e9n\u00e9raux de l\u2019information dont le comit\u00e9 de pilotage avait recommand\u00e9 en 2024 aux \u00abprofessionnels de l\u2019information\u00bb de s\u2019engager dans une telle d\u00e9marche. Plus t\u00f4t dans la journ\u00e9e, Emmanuel Macron lui-m\u00eame avait d\u00e9j\u00e0 balay\u00e9 tout souhait de mettre en vigueur une telle mesure.<\/p>\n<p class=\"sc-cPiKLX AiZTS text-element\">\u00ab\u00c7a sort <a href=\"https:\/\/www.liberation.fr\/economie\/medias\/comite-dethique-education-aux-medias-secrets-des-sources-ce-que-proposent-les-etats-generaux-de-linformation-20240912_DGV3ILKRCJFDTHRGHXH7ADOZ44\/\" target=\"_blank\" rel=\"noreferrer noopener\" title=\"https:\/\/www.liberation.fr\/economie\/medias\/comite-dethique-education-aux-medias-secrets-des-sources-ce-que-proposent-les-etats-generaux-de-linformation-20240912_DGV3ILKRCJFDTHRGHXH7ADOZ44\/\">des Etats g\u00e9n\u00e9raux de l\u2019information<\/a>, \u00e7a ne sort pas du pr\u00e9sident de la R\u00e9publique [\u2026] je remets juste les choses dans leur contexte\u00bb, a fait savoir la ministre Dati, qui a ajout\u00e9 que cette labellisation se ferait de surcro\u00eet sur la base du volontariat.<\/p>\n<p class=\"sc-cPiKLX AiZTS text-element\">\u00abC\u2019est le choix de votre profession et des repr\u00e9sentants de votre profession, a-t-elle lanc\u00e9 \u00e0 l\u2019adresse des journalistes et animateurs de CNews. Nous [le gouvernement, ndlr], on ne sera pas l\u2019arbitre des \u00e9l\u00e9gances\u00bb.<\/p>\n","protected":false},"excerpt":{"rendered":"Se rendant chez ses contempteurs, la ministre de la Culture Rachida Dati a maintes fois r\u00e9fut\u00e9 toute volont\u00e9&hellip;\n","protected":false},"author":2,"featured_media":574276,"comment_status":"","ping_status":"","sticky":false,"template":"","format":"standard","meta":{"footnotes":""},"categories":[4],"tags":[11,9722,1073,1076,1011,27,12,417,25],"class_list":{"0":"post-574275","1":"post","2":"type-post","3":"status-publish","4":"format-standard","5":"has-post-thumbnail","7":"category-france","8":"tag-actualites","9":"tag-cnews","10":"tag-emmanuel-macron","11":"tag-extreme-droite","12":"tag-fr","13":"tag-france","14":"tag-news","15":"tag-rachida-dati","16":"tag-republique-francaise"},"share_on_mastodon":{"url":"https:\/\/pubeurope.com\/@fr\/115652890809244520","error":""},"_links":{"self":[{"href":"https:\/\/www.europesays.com\/fr\/wp-json\/wp\/v2\/posts\/574275","targetHints":{"allow":["GET"]}}],"collection":[{"href":"https:\/\/www.europesays.com\/fr\/wp-json\/wp\/v2\/posts"}],"about":[{"href":"https:\/\/www.europesays.com\/fr\/wp-json\/wp\/v2\/types\/post"}],"author":[{"embeddable":true,"href":"https:\/\/www.europesays.com\/fr\/wp-json\/wp\/v2\/users\/2"}],"replies":[{"embeddable":true,"href":"https:\/\/www.europesays.com\/fr\/wp-json\/wp\/v2\/comments?post=574275"}],"version-history":[{"count":0,"href":"https:\/\/www.europesays.com\/fr\/wp-json\/wp\/v2\/posts\/574275\/revisions"}],"wp:featuredmedia":[{"embeddable":true,"href":"https:\/\/www.europesays.com\/fr\/wp-json\/wp\/v2\/media\/574276"}],"wp:attachment":[{"href":"https:\/\/www.europesays.com\/fr\/wp-json\/wp\/v2\/media?parent=574275"}],"wp:term":[{"taxonomy":"category","embeddable":true,"href":"https:\/\/www.europesays.com\/fr\/wp-json\/wp\/v2\/categories?post=574275"},{"taxonomy":"post_tag","embeddable":true,"href":"https:\/\/www.europesays.com\/fr\/wp-json\/wp\/v2\/tags?post=574275"}],"curies":[{"name":"wp","href":"https:\/\/api.w.org\/{rel}","templated":true}]}}