{"id":574278,"date":"2025-12-03T00:51:22","date_gmt":"2025-12-03T00:51:22","guid":{"rendered":"https:\/\/www.europesays.com\/fr\/574278\/"},"modified":"2025-12-03T00:51:22","modified_gmt":"2025-12-03T00:51:22","slug":"saint-etienne-elle-roule-a-vive-allure-avec-deux-femmes-accrochees-a-sa-voiture","status":"publish","type":"post","link":"https:\/\/www.europesays.com\/fr\/574278\/","title":{"rendered":"Saint-\u00c9tienne : elle roule \u00e0 vive allure avec deux femmes accroch\u00e9es \u00e0 sa voiture"},"content":{"rendered":"<p>Apr\u00e8s une altercation dans le centre-ville de Saint-\u00c9tienne samedi 29 novembre, une femme a d\u00e9marr\u00e9 sa voiture avec deux autres personnes accroch\u00e9es sur son capot.<\/p>\n<p>Une personne a \u00e9t\u00e9 l\u00e9g\u00e8rement bless\u00e9e dans la man\u0153uvre, mais le bilan aurait pu \u00eatre plus lourd.<\/p>\n<p>Samedi 29 novembre, sur la place Jean-Jaur\u00e8s \u00e0 Saint-\u00c9tienne, deux femmes ont commenc\u00e9 \u00e0 s&rsquo;insulter, puis \u00e0 en venir aux mains, le tout devant les passants.<\/p>\n<p>L&rsquo;une d&rsquo;elle, qui \u00e9tait au volant de sa voiture, a finalement fait avancer sa voiture alors que deux autres femmes \u00e9taient assises sur le capot du v\u00e9hicule.<\/p>\n<p>La conductrice a alors roul\u00e9 \u00e0 vive allure, en adoptant une conduite plut\u00f4t dangereuse. Elle a ensuite ralenti au niveau de la pr\u00e9fecture de la Loire, faisant tomber les deux femmes accroch\u00e9es \u00e0 sa voiture, avant de prendre la fuite.<\/p>\n<p>D&rsquo;apr\u00e8s <a class=\"url\" href=\"https:\/\/www.leprogres.fr\/faits-divers-justice\/2025\/12\/02\/dans-une-scene-surrealiste-elle-deboule-en-ville-avec-deux-femmes-accrochees-au-capot-de-sa-voiture\" target=\"_blank\" rel=\"noopener\">Le Progr\u00e8s<\/a>, l&rsquo;automobiliste a \u00e9t\u00e9 convoqu\u00e9e ce lundi 1er d\u00e9cembre devant le tribunal\u00a0correctionnel de Saint-\u00c9tienne. Mais l&rsquo;affaire a \u00e9t\u00e9 renvoy\u00e9e au mois de janvier 2026.<\/p>\n<p><img loading=\"lazy\" decoding=\"async\" src=\"https:\/\/www.europesays.com\/fr\/wp-content\/uploads\/2025\/12\/1764723082_299_img\" width=\"350\" height=\"200\" border=\"0\" title=\"Marc Chassaub\u00c3\u00a9n\u00c3\u00a9\"\/><\/p>\n<p>\u25baPolitique<\/p>\n<p style=\"font-size: 22px;\"><b>Condamnation de Ga\u00ebl Perdriau : Marc Chassaub\u00e9n\u00e9 futur maire de Saint-\u00c9tienne ?<\/b><\/p>\n<p>Apr\u00e8s l&rsquo;annonce du jugement, ce lundi 1er d\u00e9cembre,&#8230;<\/p>\n<p><\/p>\n","protected":false},"excerpt":{"rendered":"Apr\u00e8s une altercation dans le centre-ville de Saint-\u00c9tienne samedi 29 novembre, une femme a d\u00e9marr\u00e9 sa voiture avec&hellip;\n","protected":false},"author":2,"featured_media":525576,"comment_status":"","ping_status":"","sticky":false,"template":"","format":"standard","meta":{"footnotes":""},"categories":[9653],"tags":[119,1111,11,2430,1777,674,6017,1011,27,12,25,9920,4001],"class_list":{"0":"post-574278","1":"post","2":"type-post","3":"status-publish","4":"format-standard","5":"has-post-thumbnail","7":"category-saint-etienne","8":"tag-accident","9":"tag-actu","10":"tag-actualites","11":"tag-auvergne-rhone-alpes","12":"tag-eu","13":"tag-europe","14":"tag-fait-divers","15":"tag-fr","16":"tag-france","17":"tag-news","18":"tag-republique-francaise","19":"tag-saint-tienne","20":"tag-saint-etienne"},"share_on_mastodon":{"url":"https:\/\/pubeurope.com\/@fr\/115652899488279381","error":""},"_links":{"self":[{"href":"https:\/\/www.europesays.com\/fr\/wp-json\/wp\/v2\/posts\/574278","targetHints":{"allow":["GET"]}}],"collection":[{"href":"https:\/\/www.europesays.com\/fr\/wp-json\/wp\/v2\/posts"}],"about":[{"href":"https:\/\/www.europesays.com\/fr\/wp-json\/wp\/v2\/types\/post"}],"author":[{"embeddable":true,"href":"https:\/\/www.europesays.com\/fr\/wp-json\/wp\/v2\/users\/2"}],"replies":[{"embeddable":true,"href":"https:\/\/www.europesays.com\/fr\/wp-json\/wp\/v2\/comments?post=574278"}],"version-history":[{"count":0,"href":"https:\/\/www.europesays.com\/fr\/wp-json\/wp\/v2\/posts\/574278\/revisions"}],"wp:featuredmedia":[{"embeddable":true,"href":"https:\/\/www.europesays.com\/fr\/wp-json\/wp\/v2\/media\/525576"}],"wp:attachment":[{"href":"https:\/\/www.europesays.com\/fr\/wp-json\/wp\/v2\/media?parent=574278"}],"wp:term":[{"taxonomy":"category","embeddable":true,"href":"https:\/\/www.europesays.com\/fr\/wp-json\/wp\/v2\/categories?post=574278"},{"taxonomy":"post_tag","embeddable":true,"href":"https:\/\/www.europesays.com\/fr\/wp-json\/wp\/v2\/tags?post=574278"}],"curies":[{"name":"wp","href":"https:\/\/api.w.org\/{rel}","templated":true}]}}