{"id":574279,"date":"2025-12-03T00:53:17","date_gmt":"2025-12-03T00:53:17","guid":{"rendered":"https:\/\/www.europesays.com\/fr\/574279\/"},"modified":"2025-12-03T00:53:17","modified_gmt":"2025-12-03T00:53:17","slug":"gael-perdriau-condamne-le-maire-de-saint-etienne-a-adresse-sa-demission","status":"publish","type":"post","link":"https:\/\/www.europesays.com\/fr\/574279\/","title":{"rendered":"Ga\u00ebl Perdriau condamn\u00e9 : le maire de Saint-\u00c9tienne a adress\u00e9 sa d\u00e9mission"},"content":{"rendered":"<p>Le maire de Saint-\u00c9tienne, Ga\u00ebl Perdriau, a adress\u00e9 sa d\u00e9mission \u00e0 la pr\u00e9f\u00e8te de la Loire ce mardi 2 d\u00e9cembre, au lendemain de sa condamnation dans l&rsquo;affaire de la sextape.<\/p>\n<p>C&rsquo;est une nouvelle \u00e9tape avant de voir Ga\u00ebl Perdriau quitter la maire de Saint-\u00c9tienne. Ce mardi 2 d\u00e9cembre, <b>l&rsquo;\u00e9lu st\u00e9phanois a adress\u00e9 sa d\u00e9mission<\/b> \u00e0 Muriel Nguyen, la pr\u00e9f\u00e8te de la Loire.<\/p>\n<p>Dans un courrier envoy\u00e9 \u00e0 son nom et \u00e0 celui de la Ville de Saint-\u00c9tienne, Ga\u00ebl Perdriau informe la pr\u00e9f\u00e8te de sa \u00ab\u00a0d\u00e9cision de d\u00e9missionner\u00a0\u00bb de son mandat municipal et de son mandat m\u00e9tropolitain.<\/p>\n<p>Une d\u00e9mission qui ne deviendra effective qu&rsquo;\u00e0 compter de son acceptation par la pr\u00e9f\u00e8te de la Loire.<\/p>\n<p>Ga\u00ebl Perdriau va faire appel<\/p>\n<p>Cette lettre est adress\u00e9e le lendemain de <a class=\"url\" href=\"https:\/\/www.radioscoop.com\/infos\/gael-perdriau-condamne-la-fin-du-cauchemar-pour-l-opposition-a-saint-etienne_343370\" target=\"_blank\" rel=\"noopener\">sa condamnation dans l&rsquo;affaire de la sextape<\/a> par le tribunal correctionnel de Lyon.<\/p>\n<p>Le maire st\u00e9phanois a \u00e9t\u00e9 reconnu coupable de toutes les infractions qui lui \u00e9taient reproch\u00e9es : chantage, association de malfaiteurs et d\u00e9tournement de fonds publics.<\/p>\n<p>Il a ainsi \u00e9cop\u00e9 d&rsquo;une peine de <b>cinq ans de prison<\/b>, dont un an avec sursis, de 50.000 euros d&rsquo;amende et de cinq ans d&rsquo;in\u00e9ligibilit\u00e9 avec ex\u00e9cution provisoire.<\/p>\n<p>Ga\u00ebl Perdriau qui a demand\u00e9 \u00e0 ses avocats de <b>faire appel<\/b> de la d\u00e9cision judiciaire.<\/p>\n<p><img loading=\"lazy\" decoding=\"async\" src=\"https:\/\/www.europesays.com\/fr\/wp-content\/uploads\/2025\/12\/1764723197_272_img\" width=\"350\" height=\"200\" border=\"0\" title=\"Marc Chassaub\u00c3\u00a9n\u00c3\u00a9\"\/><\/p>\n<p>\u25baPolitique<\/p>\n<p style=\"font-size: 22px;\"><b>Condamnation de Ga\u00ebl Perdriau : Marc Chassaub\u00e9n\u00e9 futur maire de Saint-\u00c9tienne ?<\/b><\/p>\n<p>Apr\u00e8s l&rsquo;annonce du jugement, ce lundi 1er d\u00e9cembre,&#8230;<\/p>\n<p><\/p>\n","protected":false},"excerpt":{"rendered":"Le maire de Saint-\u00c9tienne, Ga\u00ebl Perdriau, a adress\u00e9 sa d\u00e9mission \u00e0 la pr\u00e9f\u00e8te de la Loire ce mardi&hellip;\n","protected":false},"author":2,"featured_media":431126,"comment_status":"","ping_status":"","sticky":false,"template":"","format":"standard","meta":{"footnotes":""},"categories":[9653],"tags":[1111,11,68857,2430,68856,1777,674,1011,27,55462,12,25,9920,4001],"class_list":{"0":"post-574279","1":"post","2":"type-post","3":"status-publish","4":"format-standard","5":"has-post-thumbnail","7":"category-saint-etienne","8":"tag-actu","9":"tag-actualites","10":"tag-affaire-de-la-sextape","11":"tag-auvergne-rhone-alpes","12":"tag-dmission","13":"tag-eu","14":"tag-europe","15":"tag-fr","16":"tag-france","17":"tag-gal-perdriau","18":"tag-news","19":"tag-republique-francaise","20":"tag-saint-tienne","21":"tag-saint-etienne"},"share_on_mastodon":{"url":"https:\/\/pubeurope.com\/@fr\/115652907714603684","error":""},"_links":{"self":[{"href":"https:\/\/www.europesays.com\/fr\/wp-json\/wp\/v2\/posts\/574279","targetHints":{"allow":["GET"]}}],"collection":[{"href":"https:\/\/www.europesays.com\/fr\/wp-json\/wp\/v2\/posts"}],"about":[{"href":"https:\/\/www.europesays.com\/fr\/wp-json\/wp\/v2\/types\/post"}],"author":[{"embeddable":true,"href":"https:\/\/www.europesays.com\/fr\/wp-json\/wp\/v2\/users\/2"}],"replies":[{"embeddable":true,"href":"https:\/\/www.europesays.com\/fr\/wp-json\/wp\/v2\/comments?post=574279"}],"version-history":[{"count":0,"href":"https:\/\/www.europesays.com\/fr\/wp-json\/wp\/v2\/posts\/574279\/revisions"}],"wp:featuredmedia":[{"embeddable":true,"href":"https:\/\/www.europesays.com\/fr\/wp-json\/wp\/v2\/media\/431126"}],"wp:attachment":[{"href":"https:\/\/www.europesays.com\/fr\/wp-json\/wp\/v2\/media?parent=574279"}],"wp:term":[{"taxonomy":"category","embeddable":true,"href":"https:\/\/www.europesays.com\/fr\/wp-json\/wp\/v2\/categories?post=574279"},{"taxonomy":"post_tag","embeddable":true,"href":"https:\/\/www.europesays.com\/fr\/wp-json\/wp\/v2\/tags?post=574279"}],"curies":[{"name":"wp","href":"https:\/\/api.w.org\/{rel}","templated":true}]}}