{"id":574284,"date":"2025-12-03T00:57:13","date_gmt":"2025-12-03T00:57:13","guid":{"rendered":"https:\/\/www.europesays.com\/fr\/574284\/"},"modified":"2025-12-03T00:57:13","modified_gmt":"2025-12-03T00:57:13","slug":"fin-de-saison-pour-jonathan-danty","status":"publish","type":"post","link":"https:\/\/www.europesays.com\/fr\/574284\/","title":{"rendered":"Fin de saison pour Jonathan Danty !"},"content":{"rendered":"<p data-start=\"407\" data-end=\"703\">\u00c0 l\u2019approche du d\u00e9but de la Champions Cup, le Stade Rochelais a d\u00e9voil\u00e9 la liste des <strong data-start=\"492\" data-end=\"506\">42 joueurs<\/strong> enregistr\u00e9s pour la phase de poules. Un document toujours scrut\u00e9 par les supporters, car il donne une indication claire : qui pourra rejouer avant la mi-janvier\u2026 et qui est d\u2019ores et d\u00e9j\u00e0 forfait.<\/p>\n<p data-start=\"705\" data-end=\"758\">Et cette ann\u00e9e, deux trois-quarts manquent \u00e0 l\u2019appel.<\/p>\n<p><strong data-start=\"763\" data-end=\"816\">Danty et Lagivala absents, la sentence est tomb\u00e9e<\/strong><\/p>\n<p data-start=\"818\" data-end=\"1113\">Comme pr\u00e9vu, <strong data-start=\"831\" data-end=\"849\">Jonathan Danty<\/strong> ne participera pas \u00e0 la campagne europ\u00e9enne : sa saison est termin\u00e9e comme l\u2019annonce <a href=\"https:\/\/www.sudouest.fr\/sport\/rugby\/stade-rochelais\/champions-cup-tous-les-rochelais-sont-inscrits-a-part-jonathan-danty-et-semi-lagivala-26946331.php\" target=\"_blank\" rel=\"noopener\">Sud-Ouest<\/a>.<\/p>\n<p data-start=\"818\" data-end=\"1113\"><strong data-start=\"922\" data-end=\"939\">Semi Lagivala<\/strong>, victime d\u2019une blessure grave \u00e0 Toulon le 8 novembre, n\u2019a pas \u00e9t\u00e9 inscrit non plus. Son indisponibilit\u00e9 de <strong data-start=\"1047\" data-end=\"1062\">quatre mois<\/strong> le rend hors-course pour toute la phase de poules.<\/p>\n<p data-start=\"1115\" data-end=\"1235\">Ces deux absences \u00e9taient attendues, mais elles confirment l\u2019ampleur de la casse dans la ligne de trois-quarts maritime.<\/p>\n<p><strong data-start=\"1240\" data-end=\"1293\">Des retours esp\u00e9r\u00e9s : Skelton, Atonio, Le Garrec\u2026<\/strong><\/p>\n<p data-start=\"1295\" data-end=\"1445\">La bonne nouvelle, c\u2019est que <strong data-start=\"1324\" data-end=\"1388\">tous les autres joueurs professionnels figurent sur la liste<\/strong>, preuve que le staff compte les r\u00e9cup\u00e9rer d\u2019ici janvier.<\/p>\n<p data-start=\"1447\" data-end=\"1493\"><strong>Quelques retours majeurs sont m\u00eame envisag\u00e9s :<\/strong><\/p>\n<ul data-start=\"1495\" data-end=\"1792\">\n<li data-start=\"1495\" data-end=\"1567\">\n<p data-start=\"1497\" data-end=\"1567\"><strong data-start=\"1497\" data-end=\"1512\">Uini Atonio<\/strong> : inscrit, signe qu\u2019il sera op\u00e9rationnel en janvier.<\/p>\n<\/li>\n<li data-start=\"1568\" data-end=\"1716\">\n<p data-start=\"1570\" data-end=\"1716\"><strong data-start=\"1570\" data-end=\"1586\">Will Skelton<\/strong> : bless\u00e9 \u00e0 une cheville \u00e0 Toulon, il devait manquer 6 \u00e0 8 semaines. Un retour <strong data-start=\"1665\" data-end=\"1692\">avant la fin de l\u2019ann\u00e9e<\/strong> n\u2019est donc pas exclu.<\/p>\n<\/li>\n<li data-start=\"1717\" data-end=\"1792\">\n<p data-start=\"1719\" data-end=\"1792\"><strong data-start=\"1719\" data-end=\"1739\">Nolann Le Garrec<\/strong> : son retour est attendu <strong data-start=\"1765\" data-end=\"1784\">plus rapidement<\/strong> encore.<\/p>\n<\/li>\n<\/ul>\n<p data-start=\"1794\" data-end=\"1897\">Cette liste confirme que La Rochelle pourrait retrouver un pack bien plus dense pour attaquer l\u2019Europe.<\/p>\n<p><strong data-start=\"1902\" data-end=\"1950\">La rel\u00e8ve est l\u00e0 : plusieurs jeunes int\u00e9gr\u00e9s<\/strong><\/p>\n<p data-start=\"1952\" data-end=\"2041\"><strong>Parmi les surprises positives, plusieurs jeunes du centre de formation ont \u00e9t\u00e9 int\u00e9gr\u00e9s :<\/strong><\/p>\n<ul data-start=\"2043\" data-end=\"2262\">\n<li data-start=\"2043\" data-end=\"2075\">\n<p data-start=\"2045\" data-end=\"2075\"><strong data-start=\"2045\" data-end=\"2064\">Christian Luaki<\/strong> (pilier)<\/p>\n<\/li>\n<li data-start=\"2076\" data-end=\"2120\">\n<p data-start=\"2078\" data-end=\"2120\"><strong data-start=\"2078\" data-end=\"2101\">Charles Kante Samba<\/strong> (deuxi\u00e8me ligne)<\/p>\n<\/li>\n<li data-start=\"2121\" data-end=\"2193\">\n<p data-start=\"2123\" data-end=\"2193\"><strong data-start=\"2123\" data-end=\"2149\">Lucas Andjisseramatchi<\/strong> et <strong data-start=\"2153\" data-end=\"2171\">Kirill Fraindt<\/strong> (troisi\u00e8mes lignes)<\/p>\n<\/li>\n<li data-start=\"2194\" data-end=\"2235\">\n<p data-start=\"2196\" data-end=\"2235\"><strong data-start=\"2196\" data-end=\"2217\">Nolhann Couillaud<\/strong> (demi de m\u00eal\u00e9e)<\/p>\n<\/li>\n<li data-start=\"2236\" data-end=\"2262\">\n<p data-start=\"2238\" data-end=\"2262\"><strong data-start=\"2238\" data-end=\"2252\">Diego Jurd<\/strong> (ouvreur)<\/p>\n<\/li>\n<\/ul>\n<p><strong data-start=\"2441\" data-end=\"2476\">Un d\u00e9but de campagne tr\u00e8s dense<\/strong><\/p>\n<p data-start=\"2478\" data-end=\"2581\">La Rochelle d\u00e9butera samedi face \u00e0 <strong data-start=\"2513\" data-end=\"2526\">Leicester<\/strong> (18 h 30 \u00e0 Marcel-Deflandre), avant d\u2019encha\u00eener avec :<\/p>\n<ul data-start=\"2583\" data-end=\"2715\">\n<li data-start=\"2583\" data-end=\"2627\">\n<p data-start=\"2585\" data-end=\"2627\"><strong data-start=\"2585\" data-end=\"2611\">Stormers \u2013 La Rochelle<\/strong> (13 d\u00e9cembre)<\/p>\n<\/li>\n<li data-start=\"2628\" data-end=\"2671\">\n<p data-start=\"2630\" data-end=\"2671\"><strong data-start=\"2630\" data-end=\"2656\">Leinster \u2013 La Rochelle<\/strong> (10 janvier)<\/p>\n<\/li>\n<li data-start=\"2672\" data-end=\"2715\">\n<p data-start=\"2674\" data-end=\"2715\"><strong data-start=\"2674\" data-end=\"2702\">La Rochelle \u2013 Harlequins<\/strong> (18 janvier)<\/p>\n<\/li>\n<\/ul>\n<p data-start=\"2717\" data-end=\"2835\">Une s\u00e9rie exigeante, mais l\u2019infirmerie qui se vide peu \u00e0 peu redonne un peu d\u2019espoir \u00e0 tout l\u2019environnement rochelais.<\/p>\n","protected":false},"excerpt":{"rendered":"\u00c0 l\u2019approche du d\u00e9but de la Champions Cup, le Stade Rochelais a d\u00e9voil\u00e9 la liste des 42 joueurs&hellip;\n","protected":false},"author":2,"featured_media":574285,"comment_status":"","ping_status":"","sticky":false,"template":"","format":"standard","meta":{"footnotes":""},"categories":[9619],"tags":[1111,11,1777,674,1011,27,12,882,25,2310],"class_list":{"0":"post-574284","1":"post","2":"type-post","3":"status-publish","4":"format-standard","5":"has-post-thumbnail","7":"category-toulon","8":"tag-actu","9":"tag-actualites","10":"tag-eu","11":"tag-europe","12":"tag-fr","13":"tag-france","14":"tag-news","15":"tag-provence-alpes-cote-dazur","16":"tag-republique-francaise","17":"tag-toulon"},"share_on_mastodon":{"url":"https:\/\/pubeurope.com\/@fr\/115652922265453836","error":""},"_links":{"self":[{"href":"https:\/\/www.europesays.com\/fr\/wp-json\/wp\/v2\/posts\/574284","targetHints":{"allow":["GET"]}}],"collection":[{"href":"https:\/\/www.europesays.com\/fr\/wp-json\/wp\/v2\/posts"}],"about":[{"href":"https:\/\/www.europesays.com\/fr\/wp-json\/wp\/v2\/types\/post"}],"author":[{"embeddable":true,"href":"https:\/\/www.europesays.com\/fr\/wp-json\/wp\/v2\/users\/2"}],"replies":[{"embeddable":true,"href":"https:\/\/www.europesays.com\/fr\/wp-json\/wp\/v2\/comments?post=574284"}],"version-history":[{"count":0,"href":"https:\/\/www.europesays.com\/fr\/wp-json\/wp\/v2\/posts\/574284\/revisions"}],"wp:featuredmedia":[{"embeddable":true,"href":"https:\/\/www.europesays.com\/fr\/wp-json\/wp\/v2\/media\/574285"}],"wp:attachment":[{"href":"https:\/\/www.europesays.com\/fr\/wp-json\/wp\/v2\/media?parent=574284"}],"wp:term":[{"taxonomy":"category","embeddable":true,"href":"https:\/\/www.europesays.com\/fr\/wp-json\/wp\/v2\/categories?post=574284"},{"taxonomy":"post_tag","embeddable":true,"href":"https:\/\/www.europesays.com\/fr\/wp-json\/wp\/v2\/tags?post=574284"}],"curies":[{"name":"wp","href":"https:\/\/api.w.org\/{rel}","templated":true}]}}