{"id":574298,"date":"2025-12-03T01:10:23","date_gmt":"2025-12-03T01:10:23","guid":{"rendered":"https:\/\/www.europesays.com\/fr\/574298\/"},"modified":"2025-12-03T01:10:23","modified_gmt":"2025-12-03T01:10:23","slug":"classe-tous-risques-cinema-projection-a-geispolsheim-2","status":"publish","type":"post","link":"https:\/\/www.europesays.com\/fr\/574298\/","title":{"rendered":"Classe tous risques : Cinema Projection a Geispolsheim"},"content":{"rendered":"<p>\t\t\t\t\t\t\t\t\t<a href=\"https:\/\/www.dna.fr\/pour-sortir\/loisirs\/Cinema\/Projections\/Alsace\/Bas-rhin\/Geispolsheim\/2025\/12\/16\/javascript:history.back();\" rel=\"nofollow noopener\" class=\"backToSearch\" target=\"_blank\">Retour \u00e0 la recherche<\/a><\/p>\n<p class=\"media-desc\" itemprop=\"description\">&#13;<br \/>\n\t\t\t\t\tLa commune de Geispolsheim propose une soir\u00e9e cin\u00e9-club,  Policier \u2013couleur (1960) \u201cClasse tous risques\u201d. Dur\u00e9e : 2h15. Tout public. Entr\u00e9e libre. Le film sera pr\u00e9sent\u00e9 par Jean-Jacques Nuss qui animera un \u00e9change apr\u00e8s la s\u00e9ance. Le bar associatif vous accueille d\u00e8s 18h30.<br \/>\n&#13;<br \/>\n\t\t\t\t\t\t\t\t\t\t\t&#13;<br \/>\n\t\t\t\t\t\t\t\t\t\tGangster recherch\u00e9 par la police, Abel Davos (Lino Ventura) s&rsquo;est r\u00e9fugi\u00e9 en Italie avec sa femme Th\u00e9r\u00e8se et leurs deux enfants. Suite \u00e0 un hold-up \u00e0 Milan, ils d\u00e9cident de rentrer clandestinement en France. Mais, surpris par les douaniers sur une plage de Menton, Th\u00e9r\u00e8se est tu\u00e9e. Rest\u00e9 seul avec ses enfants, Davos fait appel \u00e0 ses anciens amis parisiens du Milieu, leur demandant de venir les chercher \u00e0 Nice. Ils lui envoient un homme s\u00fbr, \u00c9ric Stark (Jean Paul Belmondo), au volant d&rsquo;une ambulance. Mais tout se complique \u00e0 leur arriv\u00e9e dans la capitale&#8230;<br \/>\nMagnifique film de Claude Sautet. Comme toujours, ce sont les personnages et les relations qu&rsquo;ils tissent qui sont au centre des pr\u00e9occupations du cin\u00e9aste. La chaleur de l&rsquo;amiti\u00e9 est admirable qui unit sans r\u00e9flexion, nette, franche, naturelle, quasi inn\u00e9e, les deux personnages jou\u00e9s par d&rsquo;excellents Belmondo et Ventura.<br \/>\n&#13;\n\t\t\t\t  <\/p>\n","protected":false},"excerpt":{"rendered":"Retour \u00e0 la recherche &#13; La commune de Geispolsheim propose une soir\u00e9e cin\u00e9-club, Policier \u2013couleur (1960) \u201cClasse tous&hellip;\n","protected":false},"author":2,"featured_media":574299,"comment_status":"","ping_status":"","sticky":false,"template":"","format":"standard","meta":{"footnotes":""},"categories":[2820],"tags":[1111,11,1777,674,1011,27,775,12,25,640],"class_list":{"0":"post-574298","1":"post","2":"type-post","3":"status-publish","4":"format-standard","5":"has-post-thumbnail","7":"category-strasbourg","8":"tag-actu","9":"tag-actualites","10":"tag-eu","11":"tag-europe","12":"tag-fr","13":"tag-france","14":"tag-grand-est","15":"tag-news","16":"tag-republique-francaise","17":"tag-strasbourg"},"share_on_mastodon":{"url":"https:\/\/pubeurope.com\/@fr\/115652973389506086","error":""},"_links":{"self":[{"href":"https:\/\/www.europesays.com\/fr\/wp-json\/wp\/v2\/posts\/574298","targetHints":{"allow":["GET"]}}],"collection":[{"href":"https:\/\/www.europesays.com\/fr\/wp-json\/wp\/v2\/posts"}],"about":[{"href":"https:\/\/www.europesays.com\/fr\/wp-json\/wp\/v2\/types\/post"}],"author":[{"embeddable":true,"href":"https:\/\/www.europesays.com\/fr\/wp-json\/wp\/v2\/users\/2"}],"replies":[{"embeddable":true,"href":"https:\/\/www.europesays.com\/fr\/wp-json\/wp\/v2\/comments?post=574298"}],"version-history":[{"count":0,"href":"https:\/\/www.europesays.com\/fr\/wp-json\/wp\/v2\/posts\/574298\/revisions"}],"wp:featuredmedia":[{"embeddable":true,"href":"https:\/\/www.europesays.com\/fr\/wp-json\/wp\/v2\/media\/574299"}],"wp:attachment":[{"href":"https:\/\/www.europesays.com\/fr\/wp-json\/wp\/v2\/media?parent=574298"}],"wp:term":[{"taxonomy":"category","embeddable":true,"href":"https:\/\/www.europesays.com\/fr\/wp-json\/wp\/v2\/categories?post=574298"},{"taxonomy":"post_tag","embeddable":true,"href":"https:\/\/www.europesays.com\/fr\/wp-json\/wp\/v2\/tags?post=574298"}],"curies":[{"name":"wp","href":"https:\/\/api.w.org\/{rel}","templated":true}]}}