{"id":574300,"date":"2025-12-03T01:11:29","date_gmt":"2025-12-03T01:11:29","guid":{"rendered":"https:\/\/www.europesays.com\/fr\/574300\/"},"modified":"2025-12-03T01:11:29","modified_gmt":"2025-12-03T01:11:29","slug":"un-ado-strasbourgeois-de-16-ans-interpelle","status":"publish","type":"post","link":"https:\/\/www.europesays.com\/fr\/574300\/","title":{"rendered":"un ado strasbourgeois de 16 ans interpell\u00e9"},"content":{"rendered":"<p>    <img loading=\"lazy\" width=\"1800\" height=\"900\" src=\"https:\/\/www.europesays.com\/fr\/wp-content\/uploads\/2025\/11\/jeanne-callthepolice.jpg\" class=\"attachment-full size-full\" alt=\"\" id=\"imageLove\" decoding=\"async\"  \/><\/p>\n<p id=\"breadcrumbs\"><a href=\"https:\/\/pokaa.fr\/\" target=\"_blank\" rel=\"noopener\">Accueil<\/a> \/ <a href=\"https:\/\/pokaa.fr\/categories\/actu\/\" target=\"_blank\" rel=\"noopener\">Info locale<\/a> \/ Projet d\u2019attentat antis\u00e9mite d\u00e9jou\u00e9 : un ado strasbourgeois de 16 ans interpell\u00e9<\/p>\n<p>                    Info locale<\/p>\n<p><strong>\u00c0 Paris et \u00e0 Strasbourg, deux adolescents de 16 ans qui planifiaient un attentat antis\u00e9mite ont \u00e9t\u00e9 mis en examen ce dimanche 30 novembre. Dans un groupe WhatsApp, les deux mineurs \u00e9voquaient un passage \u00e0 l\u2019acte dans les cinq jours.<\/strong><\/p>\n<p>Selon des <strong>informations partag\u00e9es par <a href=\"https:\/\/www.leparisien.fr\/faits-divers\/deux-adolescents-radicalises-soupconnes-dun-projet-dattaque-antisemite-interpelles-par-la-dgsi-01-12-2025-TPLABJGTABENHCSUHYYA4A6KHI.php\" target=\"_blank\" rel=\"noopener\">le journal Le Parisien<\/a><\/strong>, deux adolescents ont \u00e9t\u00e9 mis en examen et <strong>plac\u00e9s en d\u00e9tention provisoire<\/strong> pour \u00ab association de malfaiteurs terroriste criminelle \u00bb ce dimanche.<strong> Une information confirm\u00e9e par le Parquet national antiterroriste (Pnat) ce lundi 1er d\u00e9cembre.\u00a0<\/strong><\/p>\n<p>L\u2019un des deux adolescents a \u00e9t\u00e9 <strong>interpell\u00e9 \u00e0 Strasbourg.<\/strong> Ce mineur d\u00e9scolaris\u00e9, <strong>\u00e2g\u00e9 de 16 ans<\/strong> et originaire de Tch\u00e9tch\u00e9nie, est arriv\u00e9 en France avec sa m\u00e8re il y a quatre ans pour fuir un p\u00e8re violent, toujours selon Le Parisien.<\/p>\n<p>    <img width=\"800\" height=\"600\" src=\"https:\/\/www.europesays.com\/fr\/wp-content\/uploads\/2025\/12\/img-4484-800x600.jpeg\" class=\"attachment-image-size-L size-image-size-L\" alt=\"place Kl\u00e9ber maison rouge\" decoding=\"async\" loading=\"lazy\"  \/>         \u00a9 Anthony Jilli \/ Pokaa <\/p>\n<p>Des messages, \u00e9chang\u00e9s sur les r\u00e9seaux sociaux et <strong>sur un groupe de messagerie WhatsApp<\/strong>, \u00e9voquaient <strong>un projet d\u2019attaque terroriste contre des \u00ab cibles isra\u00e9lites \u00bb<\/strong>. Dans ses derniers \u00e9changes, le jeune strasbourgeois \u00e9crit vouloir <strong>passer \u00e0 l\u2019acte dans les cinq jours<\/strong>, accompagn\u00e9 d\u2019un <strong>selfie avec un couteau \u00e0 la main<\/strong>.<\/p>\n<p>Des \u00e9changes intercept\u00e9s par la Direction g\u00e9n\u00e9rale de la s\u00e9curit\u00e9 int\u00e9rieure (DGSI), qui ont pr\u00e9cipit\u00e9 leur arrestation le 26 novembre dernier.<\/p>\n<p>Jeanne Barseghian d\u00e9nonce \u00ab des d\u00e9faillances syst\u00e9miques \u00bb pour enrayer l\u2019antis\u00e9mitisme<\/p>\n<p>Jeanne Barseghian, maire de Strasbourg,<a href=\"https:\/\/www.instagram.com\/p\/DRwvHjHFaU0\/?hl=fr&amp;img_index=1\" target=\"_blank\" rel=\"noopener\"><strong> a r\u00e9agi ce mardi 2 d\u00e9cembre sur ses r\u00e9seaux sociaux<\/strong> <\/a>suite \u00e0 la r\u00e9v\u00e9lation de cette information. <strong>L\u2019\u00e9dile strasbourgeoise met en garde sur le \u00ab<\/strong><strong>\u00a0danger imminent<\/strong> pour la communaut\u00e9 juive, \u00e0 Strasbourg comme ailleurs \u00bb.<\/p>\n<p>La maire d\u00e9nonce \u00e9galement \u00ab\u00a0<strong>des d\u00e9faillances syst\u00e9miques\u00a0<\/strong>\u00bb pour enrayer l\u2019antis\u00e9mitisme en France.<\/p>\n<p>    <img width=\"573\" height=\"600\" src=\"https:\/\/www.europesays.com\/fr\/wp-content\/uploads\/2025\/12\/img-8916-e1764688339682-573x600.png\" class=\"attachment-image-size-M size-image-size-M\" alt=\"R\u00e9action Barseghian attentat d\u00e9jou\u00e9\" decoding=\"async\" loading=\"lazy\"  \/>         \u00a9 Page Instagram de Jeanne Barseghian \/ Capture d&rsquo;\u00e9cran <\/p>\n<p>En 2025, <strong>20 adolescents ont \u00e9t\u00e9 mis en examen par le Parquet national antiterroriste<\/strong>. On en d\u00e9nombrait deux en 2022.<\/p>\n<p><script async src=\"\/\/www.instagram.com\/embed.js\"><\/script><\/p>\n","protected":false},"excerpt":{"rendered":"Accueil \/ Info locale \/ Projet d\u2019attentat antis\u00e9mite d\u00e9jou\u00e9 : un ado strasbourgeois de 16 ans interpell\u00e9 Info&hellip;\n","protected":false},"author":2,"featured_media":574301,"comment_status":"","ping_status":"","sticky":false,"template":"","format":"standard","meta":{"footnotes":""},"categories":[2820],"tags":[1111,11,5006,5581,1777,674,1011,27,775,12,25,640,58524,62415],"class_list":{"0":"post-574300","1":"post","2":"type-post","3":"status-publish","4":"format-standard","5":"has-post-thumbnail","7":"category-strasbourg","8":"tag-actu","9":"tag-actualites","10":"tag-antisemite","11":"tag-attentat","12":"tag-eu","13":"tag-europe","14":"tag-fr","15":"tag-france","16":"tag-grand-est","17":"tag-news","18":"tag-republique-francaise","19":"tag-strasbourg","20":"tag-strasbourg-actualite","21":"tag-strasbourg-direct"},"share_on_mastodon":{"url":"https:\/\/pubeurope.com\/@fr\/115652977992935552","error":""},"_links":{"self":[{"href":"https:\/\/www.europesays.com\/fr\/wp-json\/wp\/v2\/posts\/574300","targetHints":{"allow":["GET"]}}],"collection":[{"href":"https:\/\/www.europesays.com\/fr\/wp-json\/wp\/v2\/posts"}],"about":[{"href":"https:\/\/www.europesays.com\/fr\/wp-json\/wp\/v2\/types\/post"}],"author":[{"embeddable":true,"href":"https:\/\/www.europesays.com\/fr\/wp-json\/wp\/v2\/users\/2"}],"replies":[{"embeddable":true,"href":"https:\/\/www.europesays.com\/fr\/wp-json\/wp\/v2\/comments?post=574300"}],"version-history":[{"count":0,"href":"https:\/\/www.europesays.com\/fr\/wp-json\/wp\/v2\/posts\/574300\/revisions"}],"wp:featuredmedia":[{"embeddable":true,"href":"https:\/\/www.europesays.com\/fr\/wp-json\/wp\/v2\/media\/574301"}],"wp:attachment":[{"href":"https:\/\/www.europesays.com\/fr\/wp-json\/wp\/v2\/media?parent=574300"}],"wp:term":[{"taxonomy":"category","embeddable":true,"href":"https:\/\/www.europesays.com\/fr\/wp-json\/wp\/v2\/categories?post=574300"},{"taxonomy":"post_tag","embeddable":true,"href":"https:\/\/www.europesays.com\/fr\/wp-json\/wp\/v2\/tags?post=574300"}],"curies":[{"name":"wp","href":"https:\/\/api.w.org\/{rel}","templated":true}]}}