{"id":574304,"date":"2025-12-03T01:13:13","date_gmt":"2025-12-03T01:13:13","guid":{"rendered":"https:\/\/www.europesays.com\/fr\/574304\/"},"modified":"2025-12-03T01:13:13","modified_gmt":"2025-12-03T01:13:13","slug":"previsions-du-mercredi-3-decembre-2025","status":"publish","type":"post","link":"https:\/\/www.europesays.com\/fr\/574304\/","title":{"rendered":"pr\u00e9visions du mercredi 3 d\u00e9cembre 2025"},"content":{"rendered":"<p>\u00c0 Nice, la journ\u00e9e va rester voil\u00e9e \u00e0 cause de nuages qui persistent dans le ciel. On pr\u00e9voit des temp\u00e9ratures avoisinant 9\u00b0C. Un vent de nord-est soufflera l\u00e9g\u00e8rement. Dans la matin\u00e9e, de la bruine l\u00e9g\u00e8re est pr\u00e9vue. L&rsquo;apr\u00e8s-midi, du mauvais temps est \u00e0 pr\u00e9voir. Des pluies \u00e9parses vont tomber. De la pluie tombera dans la soir\u00e9e. Les valeurs tourneront autour des 9\u00b0C. C&rsquo;est un ciel pluvieux que conna\u00eetra la nuit de mercredi \u00e0 jeudi.<\/p>\n<p>Avec des nuages demain, \u00e0 Nice, le ciel sera encore couvert. Un temps plus chaud est \u00e0 pr\u00e9voir \u00e9tant donn\u00e9 que le mercure va conna\u00eetre une augmentation. Il va faire 10\u00b0C en moyenne. Il va pleuvoir le matin. Les maximales iront jusqu&rsquo;\u00e0 9\u00b0C tandis que les minimales seront de 8\u00b0C. Un vent de nord-ouest rafra\u00eechira un peu l&rsquo;atmosph\u00e8re. Demain apr\u00e8s-midi, les perturbations seront toujours au rendez-vous avec des nuages. Il faudra anticiper des perturbations, les Ni\u00e7ois se retrouveront sous des pluies \u00e9parses. Les temp\u00e9ratures s&rsquo;\u00e9chelonneront entre 10 et 11\u00b0C. On pr\u00e9voit une embellie pour cette soir\u00e9e. Le thermom\u00e8tre affichera 9\u00b0C en moyenne. Un vent de nord-est soufflera l\u00e9g\u00e8rement, avec 9 km\/h.<\/p>\n<p>Le temps va s&rsquo;am\u00e9liorer dans les journ\u00e9es suivantes. Un ciel ensoleill\u00e9, pour des temp\u00e9ratures de 10\u00b0C environ, est pr\u00e9vu.<\/p>\n<p><\/p>\n","protected":false},"excerpt":{"rendered":"\u00c0 Nice, la journ\u00e9e va rester voil\u00e9e \u00e0 cause de nuages qui persistent dans le ciel. On pr\u00e9voit&hellip;\n","protected":false},"author":2,"featured_media":574305,"comment_status":"","ping_status":"","sticky":false,"template":"","format":"standard","meta":{"footnotes":""},"categories":[2819],"tags":[1111,11,1777,674,1011,27,12,2401,2119,882,25],"class_list":{"0":"post-574304","1":"post","2":"type-post","3":"status-publish","4":"format-standard","5":"has-post-thumbnail","7":"category-nice","8":"tag-actu","9":"tag-actualites","10":"tag-eu","11":"tag-europe","12":"tag-fr","13":"tag-france","14":"tag-news","15":"tag-nice","16":"tag-previsions-meteo","17":"tag-provence-alpes-cote-dazur","18":"tag-republique-francaise"},"share_on_mastodon":{"url":"","error":""},"_links":{"self":[{"href":"https:\/\/www.europesays.com\/fr\/wp-json\/wp\/v2\/posts\/574304","targetHints":{"allow":["GET"]}}],"collection":[{"href":"https:\/\/www.europesays.com\/fr\/wp-json\/wp\/v2\/posts"}],"about":[{"href":"https:\/\/www.europesays.com\/fr\/wp-json\/wp\/v2\/types\/post"}],"author":[{"embeddable":true,"href":"https:\/\/www.europesays.com\/fr\/wp-json\/wp\/v2\/users\/2"}],"replies":[{"embeddable":true,"href":"https:\/\/www.europesays.com\/fr\/wp-json\/wp\/v2\/comments?post=574304"}],"version-history":[{"count":0,"href":"https:\/\/www.europesays.com\/fr\/wp-json\/wp\/v2\/posts\/574304\/revisions"}],"wp:featuredmedia":[{"embeddable":true,"href":"https:\/\/www.europesays.com\/fr\/wp-json\/wp\/v2\/media\/574305"}],"wp:attachment":[{"href":"https:\/\/www.europesays.com\/fr\/wp-json\/wp\/v2\/media?parent=574304"}],"wp:term":[{"taxonomy":"category","embeddable":true,"href":"https:\/\/www.europesays.com\/fr\/wp-json\/wp\/v2\/categories?post=574304"},{"taxonomy":"post_tag","embeddable":true,"href":"https:\/\/www.europesays.com\/fr\/wp-json\/wp\/v2\/tags?post=574304"}],"curies":[{"name":"wp","href":"https:\/\/api.w.org\/{rel}","templated":true}]}}