{"id":574311,"date":"2025-12-03T01:18:14","date_gmt":"2025-12-03T01:18:14","guid":{"rendered":"https:\/\/www.europesays.com\/fr\/574311\/"},"modified":"2025-12-03T01:18:14","modified_gmt":"2025-12-03T01:18:14","slug":"previsions-du-mercredi-3-decembre-2025-3","status":"publish","type":"post","link":"https:\/\/www.europesays.com\/fr\/574311\/","title":{"rendered":"pr\u00e9visions du mercredi 3 d\u00e9cembre 2025"},"content":{"rendered":"<p>Aujourd&rsquo;hui, \u00e0 Bordeaux, des nuages ne voudront pas laisser leur place au soleil. Des pluies \u00e9parses sont attendues. On pr\u00e9voit des valeurs d&rsquo;environ 9\u00b0C. Les temp\u00e9ratures seront de 7\u00b0C au minimum et de 11\u00b0C au maximum la matin\u00e9e. Une petite brise de sud-ouest soufflera. Toujours de la grisaille l&rsquo;apr\u00e8s-midi. Les nuages vont s&rsquo;attarder. Les valeurs iront de 8 \u00e0 12\u00b0C. Les nuages en pr\u00e9vision le soir, et un ciel encore gris. Il va pleuvoir. Les temp\u00e9ratures seront de 8\u00b0C. Un ciel pluvieux est \u00e0 pr\u00e9voir dans la nuit reliant mercredi et jeudi.<\/p>\n<p>Demain, les valeurs seront comprises entre 7 et 11\u00b0C \u00e0 Bordeaux. Le matin, c&rsquo;est sur un ciel tapiss\u00e9 de nuages qu&rsquo;il faudra compter. De la pluie va tomber sur la ville. Le mercure affichera 8\u00b0C en moyenne. Un vent de sud soufflera un peu, avec 18 km\/h. Il est possible qu&rsquo;il y ait de l\u00e9g\u00e8res averses demain apr\u00e8s-midi. Les temp\u00e9ratures afficheront entre 8 et 11\u00b0C. La soir\u00e9e va rester voil\u00e9e \u00e0 cause de nuages qui se maintiennent dans le ciel. Mauvais temps : on pr\u00e9voit des pluies \u00e9parses. Il fera 7\u00b0C en moyenne. Un vent de sud-ouest soufflera l\u00e9g\u00e8rement.<\/p>\n<p>Pour les jours qui suivent, le temps ne changera pas. Le temps sera pluvieux avec des temp\u00e9ratures avoisinant 11\u00b0C.<\/p>\n<p><\/p>\n","protected":false},"excerpt":{"rendered":"Aujourd&rsquo;hui, \u00e0 Bordeaux, des nuages ne voudront pas laisser leur place au soleil. Des pluies \u00e9parses sont attendues.&hellip;\n","protected":false},"author":2,"featured_media":574312,"comment_status":"","ping_status":"","sticky":false,"template":"","format":"standard","meta":{"footnotes":""},"categories":[2817],"tags":[1111,11,1997,1777,674,1011,27,12,2219,2119,25],"class_list":{"0":"post-574311","1":"post","2":"type-post","3":"status-publish","4":"format-standard","5":"has-post-thumbnail","7":"category-bordeaux","8":"tag-actu","9":"tag-actualites","10":"tag-bordeaux","11":"tag-eu","12":"tag-europe","13":"tag-fr","14":"tag-france","15":"tag-news","16":"tag-nouvelle-aquitaine","17":"tag-previsions-meteo","18":"tag-republique-francaise"},"share_on_mastodon":{"url":"https:\/\/pubeurope.com\/@fr\/115653005019196746","error":""},"_links":{"self":[{"href":"https:\/\/www.europesays.com\/fr\/wp-json\/wp\/v2\/posts\/574311","targetHints":{"allow":["GET"]}}],"collection":[{"href":"https:\/\/www.europesays.com\/fr\/wp-json\/wp\/v2\/posts"}],"about":[{"href":"https:\/\/www.europesays.com\/fr\/wp-json\/wp\/v2\/types\/post"}],"author":[{"embeddable":true,"href":"https:\/\/www.europesays.com\/fr\/wp-json\/wp\/v2\/users\/2"}],"replies":[{"embeddable":true,"href":"https:\/\/www.europesays.com\/fr\/wp-json\/wp\/v2\/comments?post=574311"}],"version-history":[{"count":0,"href":"https:\/\/www.europesays.com\/fr\/wp-json\/wp\/v2\/posts\/574311\/revisions"}],"wp:featuredmedia":[{"embeddable":true,"href":"https:\/\/www.europesays.com\/fr\/wp-json\/wp\/v2\/media\/574312"}],"wp:attachment":[{"href":"https:\/\/www.europesays.com\/fr\/wp-json\/wp\/v2\/media?parent=574311"}],"wp:term":[{"taxonomy":"category","embeddable":true,"href":"https:\/\/www.europesays.com\/fr\/wp-json\/wp\/v2\/categories?post=574311"},{"taxonomy":"post_tag","embeddable":true,"href":"https:\/\/www.europesays.com\/fr\/wp-json\/wp\/v2\/tags?post=574311"}],"curies":[{"name":"wp","href":"https:\/\/api.w.org\/{rel}","templated":true}]}}