{"id":574317,"date":"2025-12-03T01:21:19","date_gmt":"2025-12-03T01:21:19","guid":{"rendered":"https:\/\/www.europesays.com\/fr\/574317\/"},"modified":"2025-12-03T01:21:19","modified_gmt":"2025-12-03T01:21:19","slug":"la-prefecture-du-nord-ordonne-la-restitution-des-armes-blanches","status":"publish","type":"post","link":"https:\/\/www.europesays.com\/fr\/574317\/","title":{"rendered":"La pr\u00e9fecture du Nord ordonne la restitution des armes blanches"},"content":{"rendered":"\n<p>Les d\u00e9tenteurs d\u2019armes blanches ont jusqu\u2019au 7 d\u00e9cembre pour les remettre \u00e0 la gendarmerie la plus proche. <\/p>\n<p>Une restitution obligatoire qui s\u2019inscrit dans le cadre de l\u2019\u00e9volution de la r\u00e9glementation sur les armes blanches \u00e0 destination des particuliers et des commer\u00e7ants. Une remise qui doit s\u2019effectuer en gendarmerie ou en commissariat jusqu\u2019\u00e0 ce dimanche, sous peine en cas d\u2019infraction, de 7 ans d&#8217;emprisonnement et d&rsquo;une amende de 100 000 euros pour les particuliers et de 5 ans de prison et de 75 000 euros d&rsquo;amende pour les commer\u00e7ants, selon les informations communiqu\u00e9es par la pr\u00e9fecture du Nord.\u00a0<\/p>\n<p>Pour consulter la liste des armes blanches concern\u00e9es, c&rsquo;est par ici : <a href=\"https:\/\/www.nord.gouv.fr\/contenu\/telechargement\/103699\/730434\/file\/Annexe%203_Fiche_Armes-blanches-surclassees-oct25.pdf\" rel=\"noopener\" target=\"_blank\">https:\/\/www.nord.gouv.fr\/<\/a><\/p>\n","protected":false},"excerpt":{"rendered":"Les d\u00e9tenteurs d\u2019armes blanches ont jusqu\u2019au 7 d\u00e9cembre pour les remettre \u00e0 la gendarmerie la plus proche. Une&hellip;\n","protected":false},"author":2,"featured_media":574318,"comment_status":"","ping_status":"","sticky":false,"template":"","format":"standard","meta":{"footnotes":""},"categories":[2815],"tags":[1111,11,1777,674,1011,27,811,1307,12,1072,8916,25,809],"class_list":{"0":"post-574317","1":"post","2":"type-post","3":"status-publish","4":"format-standard","5":"has-post-thumbnail","7":"category-lille","8":"tag-actu","9":"tag-actualites","10":"tag-eu","11":"tag-europe","12":"tag-fr","13":"tag-france","14":"tag-hauts-de-france","15":"tag-lille","16":"tag-news","17":"tag-police","18":"tag-prefecture","19":"tag-republique-francaise","20":"tag-violence"},"share_on_mastodon":{"url":"https:\/\/pubeurope.com\/@fr\/115653016555874692","error":""},"_links":{"self":[{"href":"https:\/\/www.europesays.com\/fr\/wp-json\/wp\/v2\/posts\/574317","targetHints":{"allow":["GET"]}}],"collection":[{"href":"https:\/\/www.europesays.com\/fr\/wp-json\/wp\/v2\/posts"}],"about":[{"href":"https:\/\/www.europesays.com\/fr\/wp-json\/wp\/v2\/types\/post"}],"author":[{"embeddable":true,"href":"https:\/\/www.europesays.com\/fr\/wp-json\/wp\/v2\/users\/2"}],"replies":[{"embeddable":true,"href":"https:\/\/www.europesays.com\/fr\/wp-json\/wp\/v2\/comments?post=574317"}],"version-history":[{"count":0,"href":"https:\/\/www.europesays.com\/fr\/wp-json\/wp\/v2\/posts\/574317\/revisions"}],"wp:featuredmedia":[{"embeddable":true,"href":"https:\/\/www.europesays.com\/fr\/wp-json\/wp\/v2\/media\/574318"}],"wp:attachment":[{"href":"https:\/\/www.europesays.com\/fr\/wp-json\/wp\/v2\/media?parent=574317"}],"wp:term":[{"taxonomy":"category","embeddable":true,"href":"https:\/\/www.europesays.com\/fr\/wp-json\/wp\/v2\/categories?post=574317"},{"taxonomy":"post_tag","embeddable":true,"href":"https:\/\/www.europesays.com\/fr\/wp-json\/wp\/v2\/tags?post=574317"}],"curies":[{"name":"wp","href":"https:\/\/api.w.org\/{rel}","templated":true}]}}