{"id":574319,"date":"2025-12-03T01:22:17","date_gmt":"2025-12-03T01:22:17","guid":{"rendered":"https:\/\/www.europesays.com\/fr\/574319\/"},"modified":"2025-12-03T01:22:17","modified_gmt":"2025-12-03T01:22:17","slug":"previsions-du-mercredi-3-decembre-2025-5","status":"publish","type":"post","link":"https:\/\/www.europesays.com\/fr\/574319\/","title":{"rendered":"pr\u00e9visions du mercredi 3 d\u00e9cembre 2025"},"content":{"rendered":"<p>Dans la journ\u00e9e, les temp\u00e9ratures tourneront autour des 7\u00b0C \u00e0 Lille. La ville profitera de quelques \u00e9claircies le matin. Il va faire 6\u00b0C en moyenne. Une petite brise de sud-ouest sera ressentie par les habitants. L&rsquo;apr\u00e8s-midi qui s&rsquo;annonce, promet d&rsquo;\u00eatre beau et ensoleill\u00e9 ! Les temp\u00e9ratures seront de 6\u00b0C au minimum et de 9\u00b0C au maximum. Le soir, on pr\u00e9voit des valeurs d&rsquo;environ 6\u00b0C. Durant la nuit de mercredi \u00e0 jeudi, le ciel sera clair.<\/p>\n<p>Lille, o\u00f9 des nuages subsisteront demain, continuera de guetter le soleil. Le mercure va descendre de quelques degr\u00e9s. Les temp\u00e9ratures afficheront entre 5 et 7\u00b0C. Un vent de sud-est rafra\u00eechira un peu l&rsquo;atmosph\u00e8re. La grisaille ne se disperse toujours pas, il y aura encore de l\u00e9gers nuages le matin. Les valeurs s&rsquo;\u00e9chelonneront de 5 \u00e0 6\u00b0C. L&rsquo;apr\u00e8s-midi va rester maussade \u00e0 cause de nuages qui perdurent dans le ciel. Il faudra emporter son parapluie pour se prot\u00e9ger des pluies \u00e9parses. Les temp\u00e9ratures seront comprises entre 6\u00b0C et 7\u00b0C. Le ciel va s&rsquo;\u00e9claircir au cours de la soir\u00e9e. Les valeurs s&rsquo;\u00e9chelonneront entre 5 et 6\u00b0C.<\/p>\n<p>Vendredi, le temps sera ensoleill\u00e9 tandis qu&rsquo;une d\u00e9gradation est attendue samedi.<\/p>\n<p><\/p>\n","protected":false},"excerpt":{"rendered":"Dans la journ\u00e9e, les temp\u00e9ratures tourneront autour des 7\u00b0C \u00e0 Lille. La ville profitera de quelques \u00e9claircies le&hellip;\n","protected":false},"author":2,"featured_media":574320,"comment_status":"","ping_status":"","sticky":false,"template":"","format":"standard","meta":{"footnotes":""},"categories":[2815],"tags":[1111,11,1777,674,1011,27,811,1307,12,2119,25],"class_list":{"0":"post-574319","1":"post","2":"type-post","3":"status-publish","4":"format-standard","5":"has-post-thumbnail","7":"category-lille","8":"tag-actu","9":"tag-actualites","10":"tag-eu","11":"tag-europe","12":"tag-fr","13":"tag-france","14":"tag-hauts-de-france","15":"tag-lille","16":"tag-news","17":"tag-previsions-meteo","18":"tag-republique-francaise"},"share_on_mastodon":{"url":"https:\/\/pubeurope.com\/@fr\/115653020680379072","error":""},"_links":{"self":[{"href":"https:\/\/www.europesays.com\/fr\/wp-json\/wp\/v2\/posts\/574319","targetHints":{"allow":["GET"]}}],"collection":[{"href":"https:\/\/www.europesays.com\/fr\/wp-json\/wp\/v2\/posts"}],"about":[{"href":"https:\/\/www.europesays.com\/fr\/wp-json\/wp\/v2\/types\/post"}],"author":[{"embeddable":true,"href":"https:\/\/www.europesays.com\/fr\/wp-json\/wp\/v2\/users\/2"}],"replies":[{"embeddable":true,"href":"https:\/\/www.europesays.com\/fr\/wp-json\/wp\/v2\/comments?post=574319"}],"version-history":[{"count":0,"href":"https:\/\/www.europesays.com\/fr\/wp-json\/wp\/v2\/posts\/574319\/revisions"}],"wp:featuredmedia":[{"embeddable":true,"href":"https:\/\/www.europesays.com\/fr\/wp-json\/wp\/v2\/media\/574320"}],"wp:attachment":[{"href":"https:\/\/www.europesays.com\/fr\/wp-json\/wp\/v2\/media?parent=574319"}],"wp:term":[{"taxonomy":"category","embeddable":true,"href":"https:\/\/www.europesays.com\/fr\/wp-json\/wp\/v2\/categories?post=574319"},{"taxonomy":"post_tag","embeddable":true,"href":"https:\/\/www.europesays.com\/fr\/wp-json\/wp\/v2\/tags?post=574319"}],"curies":[{"name":"wp","href":"https:\/\/api.w.org\/{rel}","templated":true}]}}