{"id":574321,"date":"2025-12-03T01:23:34","date_gmt":"2025-12-03T01:23:34","guid":{"rendered":"https:\/\/www.europesays.com\/fr\/574321\/"},"modified":"2025-12-03T01:23:34","modified_gmt":"2025-12-03T01:23:34","slug":"remous-a-marseille-apres-des-propos-de-martine-vassal-dvd-sur-une-alliance-avec-le-rn","status":"publish","type":"post","link":"https:\/\/www.europesays.com\/fr\/574321\/","title":{"rendered":"Remous \u00e0 Marseille apr\u00e8s des propos de Martine Vassal (DVD) sur une alliance avec le RN"},"content":{"rendered":"<p>La classe politique marseillaise est en \u00e9bullition lundi apr\u00e8s des d\u00e9clarations de <a href=\"https:\/\/www.20minutes.fr\/politique\/martine-vassal\/\" class=\"c-link c-link--is-underlined\" target=\"_blank\" rel=\"noopener\">Martine Vassal<\/a> sur le Rassemblement national. La candidate de la droite et du centre pour les municipales esquive une question sur une possible alliance avec le parti d\u2019extr\u00eame droite.<\/p>\n<p>Interrog\u00e9e lundi matin sur Sud Radio, l\u2019actuelle pr\u00e9sidente du d\u00e9partement des <a href=\"https:\/\/www.20minutes.fr\/dossier\/bouches-rhone\" class=\"c-link c-link--is-underlined\" target=\"_blank\" rel=\"noopener\">Bouches-du-Rh\u00f4ne<\/a> et de la m\u00e9tropole Aix-Marseille Provence, estime toutefois que \u00ab\u00a0l\u2019extr\u00eame droite, c\u2019est l\u2019amateurisme complet\u00a0\u00bb. \u00ab\u00a0Ils n\u2019en n\u2019ont rien \u00e0 faire des probl\u00e9matiques locales, ils n\u2019en n\u2019ont rien \u00e0 faire de la deuxi\u00e8me ville de France\u00a0\u00bb, rench\u00e9rit-elle. Quand le journaliste revient \u00e0 la charge sur un possible \u00ab\u00a0accord\u00a0\u00bb pour le <a href=\"https:\/\/www.20minutes.fr\/municipales\/\" class=\"c-link c-link--is-underlined\" target=\"_blank\" rel=\"noopener\">second tour des municipales<\/a> de mars, la r\u00e9ponse est moins cat\u00e9gorique\u00a0: \u00ab\u00a0On verra \u00e0 ce moment-l\u00e0.\u00a0\u00bb<\/p>\n<\/p>\n<p>\u00ab\u00a0Ambigu\u00eft\u00e9\u00a0\u00bb<\/p>\n<p>A droite, comme \u00e0 gauche, les r\u00e9actions ont fus\u00e9. \u00ab\u00a0Je sais \u00e0 pr\u00e9sent que Martine Vassal appellera \u00e0 voter pour moi au second tour\u00a0\u00bb, a estim\u00e9 sur son compte X le d\u00e9put\u00e9 RN Franck Allisio, candidat \u00e0 la mairie de Marseille. Un message que son \u00e9quipe a \u00e9galement relay\u00e9 \u00e0 de nombreux journalistes sur leurs t\u00e9l\u00e9phones. \u00ab\u00a0J\u2019ai honte pour <a href=\"https:\/\/www.20minutes.fr\/marseille\/\" class=\"c-link c-link--is-underlined\" target=\"_blank\" rel=\"noopener\">Marseille<\/a> et pour les Marseillais\u00a0\u00bb, a r\u00e9agi le maire divers gauche Beno\u00eet Payan, estimant que Martine Vassal \u00ab\u00a0est pr\u00eate \u00e0 s\u2019allier au Rassemblement national pour esp\u00e9rer exister et garder sa place.\u00a0\u00bb<\/p>\n<p>Renaissance, qui a adoub\u00e9 mi-novembre la candidature de Martine Vassal, a ni\u00e9 toute \u00ab\u00a0ambigu\u00eft\u00e9\u00a0\u00bb vis-\u00e0-vis du RN et de <a href=\"https:\/\/www.20minutes.fr\/dossier\/extreme_droite\" class=\"c-link c-link--is-underlined\" target=\"_blank\" rel=\"noopener\">l\u2019extr\u00eame droite<\/a>. \u00ab\u00a0Sur les municipales, les choses sont claires\u00a0: aucune discussion, aucun accord, aucune alliance n\u2019a et n\u2019aura lieu avec le Rassemblement national et ses alli\u00e9s\u00a0\u00bb, insiste lundi le parti sur X, y voyant la \u00ab\u00a0condition absolue\u00a0\u00bb de tout soutien aux candidats. \u00ab\u00a0C\u2019est aussi le cas pour Martine Vassal \u00e0 Marseille\u00a0\u00bb. \u00ab\u00a0Avec son programme et ses d\u00e9clarations, on peut se demander pourquoi madame Vassal n\u2019a pas encore pris sa carte au RN\u00a0\u00bb, a ironis\u00e9 le d\u00e9put\u00e9 marseillais LFI S\u00e9bastien Delogu, lui aussi candidat \u00e0 la mairie.<\/p>\n<p>Face \u00e0 l\u2019emballement, Martine Vassal a clarifi\u00e9 son propos sur X. \u00ab\u00a0En aucun cas il n\u2019a \u00e9t\u00e9 question d\u2019une alliance avec les extr\u00eames, que j\u2019ai combattus pendant toute ma vie politique\u00a0!\u00a0\u00bb, a-t-elle \u00e9crit.<\/p>\n<blockquote class=\"twitter-tweet\" align=\"center\" data-lang=\"fr_FR\">\n<p lang=\"fr\" dir=\"ltr\">Je vous invite \u00e0 \u00e9couter mes d\u00e9clarations de ce matin : en aucun cas il n\u2019a \u00e9t\u00e9 question d\u2019une alliance avec les extr\u00eames, que j\u2019ai combattus pendant toute ma vie politique !<\/p>\n<p>Je suis une femme  ! <br \/>Je suis de droite et du centre  ! <br \/>Et je suis responsable.<\/p>\n<p>D\u2019ailleurs, \u00e0 cette\u2026 <a href=\"https:\/\/t.co\/2t2xgCoTWx\">https:\/\/t.co\/2t2xgCoTWx<\/a><\/p>\n<p>\u2014 Martine Vassal (@MartineVassal) <a href=\"https:\/\/twitter.com\/MartineVassal\/status\/1995438595667034504?ref_src=twsrc%5Etfw\" target=\"_blank\" rel=\"noopener\">December 1, 2025<\/a><\/p><\/blockquote>\n<p class=\"mb-m@xs text-l@xs\">En cliquant sur\u00ab J\u2019accepte \u00bb, vous acceptez le d\u00e9p\u00f4t de cookies par des services externes et aurez ainsi acc\u00e8s aux contenus de nos partenaires.<\/p>\n<p class=\"mb-xl@xs text-s@xs\">Plus d\u2019informations sur la page<a href=\"https:\/\/www.20minutes.fr\/gestion-cookies\" class=\"mx-xxs@xs color-ultramarine\" target=\"_blank\" rel=\"noopener\">Politique de gestion des cookies<\/a><\/p>\n<p>J\u2019accepte<\/p>\n<p>Le pr\u00e9sident de la R\u00e9gion Renaud Muselier, baron de la droite locale et d\u00e9l\u00e9gu\u00e9 r\u00e9gional de Renaissance, est \u00e9galement mont\u00e9 au cr\u00e9neau pour la d\u00e9fendre. \u00ab\u00a0J\u2019ai beaucoup de respect et d\u2019estime pour cette femme dont on veut se d\u00e9barrasser\u00a0\u00bb, a-t-il dit.<\/p>\n<p><script async src=\"https:\/\/platform.twitter.com\/widgets.js\" charset=\"utf-8\"><\/script><\/p>\n","protected":false},"excerpt":{"rendered":"La classe politique marseillaise est en \u00e9bullition lundi apr\u00e8s des d\u00e9clarations de Martine Vassal sur le Rassemblement national.&hellip;\n","protected":false},"author":2,"featured_media":574322,"comment_status":"","ping_status":"","sticky":false,"template":"","format":"standard","meta":{"footnotes":""},"categories":[2814],"tags":[1111,11,885,2761,1777,674,1011,27,884,21363,12,883,882,2556,1306,25],"class_list":{"0":"post-574321","1":"post","2":"type-post","3":"status-publish","4":"format-standard","5":"has-post-thumbnail","7":"category-marseille","8":"tag-actu","9":"tag-actualites","10":"tag-bouches-du-rhone","11":"tag-elections-municipales-2026","12":"tag-eu","13":"tag-europe","14":"tag-fr","15":"tag-france","16":"tag-marseille","17":"tag-martine-vassal","18":"tag-news","19":"tag-paca","20":"tag-provence-alpes-cote-dazur","21":"tag-rassemblement-national-rn","22":"tag-regions","23":"tag-republique-francaise"},"share_on_mastodon":{"url":"https:\/\/pubeurope.com\/@fr\/115653024478445213","error":""},"_links":{"self":[{"href":"https:\/\/www.europesays.com\/fr\/wp-json\/wp\/v2\/posts\/574321","targetHints":{"allow":["GET"]}}],"collection":[{"href":"https:\/\/www.europesays.com\/fr\/wp-json\/wp\/v2\/posts"}],"about":[{"href":"https:\/\/www.europesays.com\/fr\/wp-json\/wp\/v2\/types\/post"}],"author":[{"embeddable":true,"href":"https:\/\/www.europesays.com\/fr\/wp-json\/wp\/v2\/users\/2"}],"replies":[{"embeddable":true,"href":"https:\/\/www.europesays.com\/fr\/wp-json\/wp\/v2\/comments?post=574321"}],"version-history":[{"count":0,"href":"https:\/\/www.europesays.com\/fr\/wp-json\/wp\/v2\/posts\/574321\/revisions"}],"wp:featuredmedia":[{"embeddable":true,"href":"https:\/\/www.europesays.com\/fr\/wp-json\/wp\/v2\/media\/574322"}],"wp:attachment":[{"href":"https:\/\/www.europesays.com\/fr\/wp-json\/wp\/v2\/media?parent=574321"}],"wp:term":[{"taxonomy":"category","embeddable":true,"href":"https:\/\/www.europesays.com\/fr\/wp-json\/wp\/v2\/categories?post=574321"},{"taxonomy":"post_tag","embeddable":true,"href":"https:\/\/www.europesays.com\/fr\/wp-json\/wp\/v2\/tags?post=574321"}],"curies":[{"name":"wp","href":"https:\/\/api.w.org\/{rel}","templated":true}]}}