{"id":574323,"date":"2025-12-03T01:24:33","date_gmt":"2025-12-03T01:24:33","guid":{"rendered":"https:\/\/www.europesays.com\/fr\/574323\/"},"modified":"2025-12-03T01:24:33","modified_gmt":"2025-12-03T01:24:33","slug":"municipales-a-marseille-colere-honte-incomprehension-la-candidate-martine-vassal-fait-hurler-le-socle-commun","status":"publish","type":"post","link":"https:\/\/www.europesays.com\/fr\/574323\/","title":{"rendered":"Municipales \u00e0 Marseille\u00a0: \u00ab\u00a0Col\u00e8re, honte, incompr\u00e9hension\u00a0\u00bb&#8230; la candidate Martine Vassal fait hurler le socle commun"},"content":{"rendered":"<p class=\"paragraph text_align_left lp-f-body-02\">Franck Allisio, lui-m\u00eame ancien de l\u2019UMP, s\u2019est aussit\u00f4t f\u00e9licit\u00e9 de la sortie dans les boucles internes du RN. Celui que certains sondages placent au coude-\u00e0-coude avec le maire sortant (soutenu par le PS) Beno\u00eet Payan n\u2019en demandait pas tant pour pouvoir s\u2019installer comme le principal visage de l\u2019opposition et cranter un duel face au maire. Il s\u2019est donc tr\u00e8s vite r\u00e9joui de la sortie de <a href=\"https:\/\/www.leparisien.fr\/elections\/municipales\/municipales-2026-a-marseille-supporter-iconique-de-lom-titi-cest-toi-le-boss-rejoint-la-liste-de-martine-vassal-24-11-2025-HL5IVTR6NFCBHE2AFSNTNYYSSY.php\" target=\"_self\" rel=\"noopener\">Vassal<\/a> sur X : \u00ab Face \u00e0 <a href=\"https:\/\/www.leparisien.fr\/societe\/le-maire-de-marseille-benoit-payan-affirme-avoir-recu-402-menaces-de-mort-depuis-le-mois-de-septembre-19-11-2025-WCTHTBPH6ZGPZPOWD5QV3EJ3SM.php\" target=\"_blank\" rel=\"noreferrer noopener\">Beno\u00eet Payan<\/a> et LFI, je suis le seul candidat du rassemblement. J\u2019en appelle \u00e0 tous les \u00e9lecteurs de droite sinc\u00e8re : pour l\u2019avenir de Marseille et pour tous les Marseillais, nous sommes en position de gagner. \u00bb En priv\u00e9, Franck Allisio adore lister les noms des anciens \u00e9lus de droite qui l\u2019ont rejoint au cours des derniers mois, comme Jean-Baptiste Rivoallan, ancien patron du groupe majoritaire \u00ab vassaliste \u00bb \u00e0 la M\u00e9tropole.<\/p>\n","protected":false},"excerpt":{"rendered":"Franck Allisio, lui-m\u00eame ancien de l\u2019UMP, s\u2019est aussit\u00f4t f\u00e9licit\u00e9 de la sortie dans les boucles internes du RN.&hellip;\n","protected":false},"author":2,"featured_media":574324,"comment_status":"","ping_status":"","sticky":false,"template":"","format":"standard","meta":{"footnotes":""},"categories":[2814],"tags":[1111,11,5949,1777,674,1011,27,884,3554,12,316,882,25],"class_list":{"0":"post-574323","1":"post","2":"type-post","3":"status-publish","4":"format-standard","5":"has-post-thumbnail","7":"category-marseille","8":"tag-actu","9":"tag-actualites","10":"tag-elections","11":"tag-eu","12":"tag-europe","13":"tag-fr","14":"tag-france","15":"tag-marseille","16":"tag-municipales","17":"tag-news","18":"tag-politique","19":"tag-provence-alpes-cote-dazur","20":"tag-republique-francaise"},"share_on_mastodon":{"url":"https:\/\/pubeurope.com\/@fr\/115653028222503451","error":""},"_links":{"self":[{"href":"https:\/\/www.europesays.com\/fr\/wp-json\/wp\/v2\/posts\/574323","targetHints":{"allow":["GET"]}}],"collection":[{"href":"https:\/\/www.europesays.com\/fr\/wp-json\/wp\/v2\/posts"}],"about":[{"href":"https:\/\/www.europesays.com\/fr\/wp-json\/wp\/v2\/types\/post"}],"author":[{"embeddable":true,"href":"https:\/\/www.europesays.com\/fr\/wp-json\/wp\/v2\/users\/2"}],"replies":[{"embeddable":true,"href":"https:\/\/www.europesays.com\/fr\/wp-json\/wp\/v2\/comments?post=574323"}],"version-history":[{"count":0,"href":"https:\/\/www.europesays.com\/fr\/wp-json\/wp\/v2\/posts\/574323\/revisions"}],"wp:featuredmedia":[{"embeddable":true,"href":"https:\/\/www.europesays.com\/fr\/wp-json\/wp\/v2\/media\/574324"}],"wp:attachment":[{"href":"https:\/\/www.europesays.com\/fr\/wp-json\/wp\/v2\/media?parent=574323"}],"wp:term":[{"taxonomy":"category","embeddable":true,"href":"https:\/\/www.europesays.com\/fr\/wp-json\/wp\/v2\/categories?post=574323"},{"taxonomy":"post_tag","embeddable":true,"href":"https:\/\/www.europesays.com\/fr\/wp-json\/wp\/v2\/tags?post=574323"}],"curies":[{"name":"wp","href":"https:\/\/api.w.org\/{rel}","templated":true}]}}