{"id":574330,"date":"2025-12-03T01:30:21","date_gmt":"2025-12-03T01:30:21","guid":{"rendered":"https:\/\/www.europesays.com\/fr\/574330\/"},"modified":"2025-12-03T01:30:21","modified_gmt":"2025-12-03T01:30:21","slug":"pres-de-32-000-manifestants-en-france-selon-le-ministere-de-linterieur-des-dizaines-de-milliers-dapres-la-cgt","status":"publish","type":"post","link":"https:\/\/www.europesays.com\/fr\/574330\/","title":{"rendered":"pr\u00e8s de 32\u00a0000 manifestants en France, selon le minist\u00e8re de l&rsquo;Int\u00e9rieur, \u00ab\u00a0des dizaines de milliers\u00a0\u00bb, d&rsquo;apr\u00e8s la CGT"},"content":{"rendered":"\n<p class=\"c-chapo \">\n  Cet appel \u00e0 la gr\u00e8ve de trois syndicats (la CGT, FSU et Solidaires) a \u00e9t\u00e9 bien moins suivi qu&rsquo;en septembre et en octobre.\n<\/p>\n<p>      lire plus tard<\/p>\n<p id=\"dialog__title\" class=\"dialog__title\">Pour sauvegarder cet article, connectez-vous ou cr\u00e9ez un compte franceinfo<\/p>\n<p class=\"dialog__description\">Sans paiement. Sans abonnement.<\/p>\n<p>        Fermer la fen\u00eatre d\u2019activation des notifications France Info<\/p>\n<p>      cr\u00e9er votre compte<\/p>\n<p>      se connecter<\/p>\n<p>        Fermer la fen\u00eatre de pr\u00e9sentation<\/p>\n<p>    <img loading=\"lazy\" decoding=\"async\" class=\"signature__image lazyload\" width=\"100\" height=\"100\" data- alt=\"\" src=\"https:\/\/www.europesays.com\/fr\/wp-content\/uploads\/2025\/05\/64a68815cd1a7_placeholder-36b69ec8.png\"\/><\/p>\n<p>    Publi\u00e9 le 02\/12\/2025 20:52<\/p>\n<p>      Mis \u00e0 jour le 02\/12\/2025 21:01<\/p>\n<p>        Temps de lecture : 1min<\/p>\n<p>    <img decoding=\"async\"  alt=\"Des manifestants \u00e0 Paris, le 2 d\u00e9cembre 2025. (ERIC BRONCARD \/ HANS LUCAS \/ AFP)\" width=\"432\" height=\"243\" src=\"https:\/\/www.europesays.com\/fr\/wp-content\/uploads\/2025\/12\/080-hl-ebroncard-2978259-692f442f7dfba103971119.jpg\" fetchpriority=\"high\"\/><\/p>\n<p>      Des manifestants \u00e0 Paris, le 2 d\u00e9cembre 2025. (ERIC BRONCARD \/ HANS LUCAS \/ AFP)<\/p>\n<p>En plein d\u00e9bat budg\u00e9taire, <a href=\"https:\/\/www.franceinfo.fr\/economie\/greve\/budget-la-secretaire-generale-de-la-cgt-sophie-binet-appelle-a-se-reveiller-face-a-une-operation-anesthesie-generale-de-la-part-du-gouvernement_7653083.html\" target=\"_blank\" rel=\"noopener\" data-tooltip-url=\"https:\/\/www.franceinfo.fr\/economie\/greve\/budget-la-secretaire-generale-de-la-cgt-sophie-binet-appelle-a-se-reveiller-face-a-une-operation-anesthesie-generale-de-la-part-du-gouvernement_7653083.html\">la mobilisation de ce mardi 2 d\u00e9cembre<\/a> a rassembl\u00e9 31\u00a0900 manifestants, selon les chiffres du minist\u00e8re de l&rsquo;Int\u00e9rieur. La CGT, elle, avance <a href=\"https:\/\/x.com\/lacgtcommunique\/status\/1995906288899781067\" target=\"_blank\" rel=\"noopener\" data-tooltip-url=\"https:\/\/x.com\/lacgtcommunique\/status\/1995906288899781067\">sur X<\/a> que \u00ab\u00a0plus de 150 manifestations et des dizaines de milliers de salari\u00e9s du public et du priv\u00e9 en gr\u00e8ve\u00a0\u00bb.\u00a0<\/p>\n<p>Cet appel \u00e0 la gr\u00e8ve de trois syndicats (la CGT, FSU et Solidaires) a \u00e9t\u00e9 ainsi bien moins suivi qu&rsquo;en septembre et octobre. A Paris, la CGT a d\u00e9compt\u00e9 17\u00a0000 participants. Lors des derni\u00e8res journ\u00e9es de manifestation sur le m\u00eame th\u00e8me, \u00e0 l&rsquo;appel d&rsquo;une intersyndicale plus large, le minist\u00e8re de l&rsquo;Int\u00e9rieur en avait comptabilis\u00e9 55\u00a0000 (le 18 septembre) puis 24\u00a0000 (le 2 octobre).\u00a0<\/p>\n<p>Les syndicats avaient appel\u00e9 \u00e0 manifester contre le doublement des franchises m\u00e9dicales, le gel des pensions de retraites et des prestations sociales ou encore \u00ab\u00a0la violente baisse du budget des h\u00f4pitaux et des Ehpad, de la culture, des associations et des collectivit\u00e9s\u00a0\u00bb.<\/p>\n","protected":false},"excerpt":{"rendered":"Cet appel \u00e0 la gr\u00e8ve de trois syndicats (la CGT, FSU et Solidaires) a \u00e9t\u00e9 bien moins suivi&hellip;\n","protected":false},"author":2,"featured_media":574331,"comment_status":"","ping_status":"","sticky":false,"template":"","format":"standard","meta":{"footnotes":""},"categories":[1888],"tags":[1111,1928,11,1927,1777,674,1011,27,12,1926,626,1925,25],"class_list":{"0":"post-574330","1":"post","2":"type-post","3":"status-publish","4":"format-standard","5":"has-post-thumbnail","7":"category-paris","8":"tag-actu","9":"tag-actu-paris","10":"tag-actualites","11":"tag-actualites-paris","12":"tag-eu","13":"tag-europe","14":"tag-fr","15":"tag-france","16":"tag-news","17":"tag-news-paris","18":"tag-paris","19":"tag-paris-news","20":"tag-republique-francaise"},"share_on_mastodon":{"url":"https:\/\/pubeurope.com\/@fr\/115653052621558758","error":""},"_links":{"self":[{"href":"https:\/\/www.europesays.com\/fr\/wp-json\/wp\/v2\/posts\/574330","targetHints":{"allow":["GET"]}}],"collection":[{"href":"https:\/\/www.europesays.com\/fr\/wp-json\/wp\/v2\/posts"}],"about":[{"href":"https:\/\/www.europesays.com\/fr\/wp-json\/wp\/v2\/types\/post"}],"author":[{"embeddable":true,"href":"https:\/\/www.europesays.com\/fr\/wp-json\/wp\/v2\/users\/2"}],"replies":[{"embeddable":true,"href":"https:\/\/www.europesays.com\/fr\/wp-json\/wp\/v2\/comments?post=574330"}],"version-history":[{"count":0,"href":"https:\/\/www.europesays.com\/fr\/wp-json\/wp\/v2\/posts\/574330\/revisions"}],"wp:featuredmedia":[{"embeddable":true,"href":"https:\/\/www.europesays.com\/fr\/wp-json\/wp\/v2\/media\/574331"}],"wp:attachment":[{"href":"https:\/\/www.europesays.com\/fr\/wp-json\/wp\/v2\/media?parent=574330"}],"wp:term":[{"taxonomy":"category","embeddable":true,"href":"https:\/\/www.europesays.com\/fr\/wp-json\/wp\/v2\/categories?post=574330"},{"taxonomy":"post_tag","embeddable":true,"href":"https:\/\/www.europesays.com\/fr\/wp-json\/wp\/v2\/tags?post=574330"}],"curies":[{"name":"wp","href":"https:\/\/api.w.org\/{rel}","templated":true}]}}