{"id":574332,"date":"2025-12-03T01:31:15","date_gmt":"2025-12-03T01:31:15","guid":{"rendered":"https:\/\/www.europesays.com\/fr\/574332\/"},"modified":"2025-12-03T01:31:15","modified_gmt":"2025-12-03T01:31:15","slug":"previsions-du-mercredi-3-decembre-2025-6","status":"publish","type":"post","link":"https:\/\/www.europesays.com\/fr\/574332\/","title":{"rendered":"pr\u00e9visions du mercredi 3 d\u00e9cembre 2025"},"content":{"rendered":"<p>Aujourd&rsquo;hui, le vent va peu \u00e0 peu chasser les nuages \u00e0 Paris. Il va faire en moyenne 7\u00b0C. Un l\u00e9ger vent de sud-ouest sera ressenti par les habitants. Les Parisiens vont avoir froid le matin : les temp\u00e9ratures ne vont pas d\u00e9passer 8\u00b0C. Le mercure affichera 6\u00b0C en moyenne. Les valeurs seront de 7\u00b0C au minimum et de 9\u00b0C au plus haut l&rsquo;apr\u00e8s-midi. Des \u00e9claircies appara\u00eetront dans la soir\u00e9e. Un ciel l\u00e9g\u00e8rement voil\u00e9 est pr\u00e9vu dans la nuit reliant mercredi et jeudi.<\/p>\n<p>Toujours de la grisaille demain. Les nuages vont s&rsquo;attarder sur Paris. On anticipe des temp\u00e9ratures d&rsquo;environ 7\u00b0C. Un vent de sud-ouest rafra\u00eechira quelque peu l&rsquo;atmosph\u00e8re. On observera la pr\u00e9sence persistante de nuages le matin. Du mauvais temps est \u00e0 pr\u00e9voir. De la pluie va tomber. Les valeurs tourneront autour des 7\u00b0C. Demain apr\u00e8s-midi, des nuages ne voudront pas faire place au soleil. Intemp\u00e9ries : on annonce des pluies \u00e9parses. Les temp\u00e9ratures afficheront entre 7 et 8\u00b0C. Le ciel sera relativement lumineux, avec quelques \u00e9claircies demain soir. Les valeurs seront comprises entre 5\u00b0C et 6\u00b0C.<\/p>\n<p>Le temps sera assez instable les jours qui suivent. Le temps sera ensoleill\u00e9 vendredi mais il conna\u00eetra une d\u00e9gradation samedi.<\/p>\n<p><\/p>\n","protected":false},"excerpt":{"rendered":"Aujourd&rsquo;hui, le vent va peu \u00e0 peu chasser les nuages \u00e0 Paris. Il va faire en moyenne 7\u00b0C.&hellip;\n","protected":false},"author":2,"featured_media":574333,"comment_status":"","ping_status":"","sticky":false,"template":"","format":"standard","meta":{"footnotes":""},"categories":[1888],"tags":[1111,1928,11,1927,1777,674,1011,27,12,1926,626,1925,2119,25],"class_list":{"0":"post-574332","1":"post","2":"type-post","3":"status-publish","4":"format-standard","5":"has-post-thumbnail","7":"category-paris","8":"tag-actu","9":"tag-actu-paris","10":"tag-actualites","11":"tag-actualites-paris","12":"tag-eu","13":"tag-europe","14":"tag-fr","15":"tag-france","16":"tag-news","17":"tag-news-paris","18":"tag-paris","19":"tag-paris-news","20":"tag-previsions-meteo","21":"tag-republique-francaise"},"share_on_mastodon":{"url":"https:\/\/pubeurope.com\/@fr\/115653055831912349","error":""},"_links":{"self":[{"href":"https:\/\/www.europesays.com\/fr\/wp-json\/wp\/v2\/posts\/574332","targetHints":{"allow":["GET"]}}],"collection":[{"href":"https:\/\/www.europesays.com\/fr\/wp-json\/wp\/v2\/posts"}],"about":[{"href":"https:\/\/www.europesays.com\/fr\/wp-json\/wp\/v2\/types\/post"}],"author":[{"embeddable":true,"href":"https:\/\/www.europesays.com\/fr\/wp-json\/wp\/v2\/users\/2"}],"replies":[{"embeddable":true,"href":"https:\/\/www.europesays.com\/fr\/wp-json\/wp\/v2\/comments?post=574332"}],"version-history":[{"count":0,"href":"https:\/\/www.europesays.com\/fr\/wp-json\/wp\/v2\/posts\/574332\/revisions"}],"wp:featuredmedia":[{"embeddable":true,"href":"https:\/\/www.europesays.com\/fr\/wp-json\/wp\/v2\/media\/574333"}],"wp:attachment":[{"href":"https:\/\/www.europesays.com\/fr\/wp-json\/wp\/v2\/media?parent=574332"}],"wp:term":[{"taxonomy":"category","embeddable":true,"href":"https:\/\/www.europesays.com\/fr\/wp-json\/wp\/v2\/categories?post=574332"},{"taxonomy":"post_tag","embeddable":true,"href":"https:\/\/www.europesays.com\/fr\/wp-json\/wp\/v2\/tags?post=574332"}],"curies":[{"name":"wp","href":"https:\/\/api.w.org\/{rel}","templated":true}]}}