{"id":574344,"date":"2025-12-03T01:38:17","date_gmt":"2025-12-03T01:38:17","guid":{"rendered":"https:\/\/www.europesays.com\/fr\/574344\/"},"modified":"2025-12-03T01:38:17","modified_gmt":"2025-12-03T01:38:17","slug":"royaume-uni-royaute-royaume-uni-la-princesse-kate-celebre-lesprit-de-solidarite","status":"publish","type":"post","link":"https:\/\/www.europesays.com\/fr\/574344\/","title":{"rendered":"Royaume-Uni royaut\u00e9. Royaume-Uni: la princesse Kate c\u00e9l\u00e8bre l&rsquo;esprit de solidarit\u00e9"},"content":{"rendered":"<p class=\"paragraph-1-base\">\u00ab\u00a0\u00c0 une \u00e9poque o\u00f9 la vie peut parfois sembler fragment\u00e9e ou incertaine, la p\u00e9riode de No\u00ebl nous rappelle l&rsquo;importance de nous tourner les uns vers les autres avec bienveillance, compr\u00e9hension et espoir\u00a0\u00bb, \u00e9crit-elle dans sa missive.<\/p>\n<p class=\"paragraph-1-base\">Ce concert \u00ab\u00a0offre un moment de solidarit\u00e9 collective, une occasion de c\u00e9l\u00e9brer l&rsquo;esprit de communaut\u00e9 et d&rsquo;entraide, et de rendre hommage aux liens visibles et invisibles qui nous unissent tous\u00a0\u00bb, ajoute-t-elle.<\/p>\n<p class=\"paragraph-1-base\">Kate, 43 ans, avait annonc\u00e9 en mars 2024 souffrir d&rsquo;un cancer, dont la nature n&rsquo;a jamais \u00e9t\u00e9 d\u00e9voil\u00e9e. Dix mois plus tard, en janvier dernier, elle a d\u00e9clar\u00e9 \u00eatre en r\u00e9mission.<\/p>\n<p class=\"paragraph-1-base\">L&rsquo;\u00e9pouse de l&rsquo;h\u00e9ritier au tr\u00f4ne a depuis fait son retour progressivement sur la sc\u00e8ne publique, avec des activit\u00e9s consacr\u00e9es notamment \u00e0 la petite enfance.<\/p>\n<p class=\"paragraph-1-base\">Elle a aussi pris l&rsquo;habitude de diffuser des vid\u00e9os c\u00e9l\u00e9brant le passage d&rsquo;une saison \u00e0 une autre en rendant hommage \u00e0 la nature.<\/p>\n<p class=\"paragraph-1-base\">\u00ab\u00a0En prenant davantage conscience de notre monde int\u00e9rieur et ext\u00e9rieur, nous pouvons trouver clart\u00e9 et sens \u00e0 notre vie\u00a0\u00bb, a-t-elle ainsi d\u00e9clar\u00e9 dans sa vid\u00e9o consacr\u00e9e \u00e0 l&rsquo;automne.<\/p>\n<p class=\"paragraph-1-base after:text-primary after:heading-2-xl after:relative after:top-[2px] after:pl-1 after:!leading-[18px] after:text-primary-300 after:content-[&quot;\u00bb&quot;] dark:after:text-primary-300\">Le 18 novembre, dans son premier discours depuis 2023, prononc\u00e9 devant des hommes d&rsquo;affaires de la City \u00e0 Londres, elle avait appel\u00e9 \u00e0 \u00ab\u00a0valoriser le temps et la tendresse autant que la productivit\u00e9 et la r\u00e9ussite\u00a0\u00bb, affirmant que rechercher \u00ab\u00a0la rentabilit\u00e9 et (apporter) une contribution positive\u00a0\u00bb \u00e0 la soci\u00e9t\u00e9 n&rsquo;\u00e9taient \u00ab\u00a0pas incompatibles\u00a0\u00bb.<\/p>\n","protected":false},"excerpt":{"rendered":"\u00ab\u00a0\u00c0 une \u00e9poque o\u00f9 la vie peut parfois sembler fragment\u00e9e ou incertaine, la p\u00e9riode de No\u00ebl nous rappelle&hellip;\n","protected":false},"author":2,"featured_media":574345,"comment_status":"","ping_status":"","sticky":false,"template":"","format":"standard","meta":{"footnotes":""},"categories":[1588],"tags":[9835,11,101,1697,10777,1777,674,4534,2742,12,15830,473,1853,3400,1851,1850,1852,133],"class_list":{"0":"post-574344","1":"post","2":"type-post","3":"status-publish","4":"format-standard","5":"has-post-thumbnail","7":"category-royaume-uni","8":"tag-activites","9":"tag-actualites","10":"tag-cancer","11":"tag-concert","12":"tag-enfance","13":"tag-eu","14":"tag-europe","15":"tag-londres","16":"tag-nature","17":"tag-news","18":"tag-noel","19":"tag-royaume-uni","20":"tag-royaume-uni-de-grande-bretagne-et-dirlande-du-nord","21":"tag-solidarite","22":"tag-uk","23":"tag-united-kingdom","24":"tag-united-kingdom-of-great-britain-and-northern-ireland","25":"tag-video"},"share_on_mastodon":{"url":"https:\/\/pubeurope.com\/@fr\/115653083392085329","error":""},"_links":{"self":[{"href":"https:\/\/www.europesays.com\/fr\/wp-json\/wp\/v2\/posts\/574344","targetHints":{"allow":["GET"]}}],"collection":[{"href":"https:\/\/www.europesays.com\/fr\/wp-json\/wp\/v2\/posts"}],"about":[{"href":"https:\/\/www.europesays.com\/fr\/wp-json\/wp\/v2\/types\/post"}],"author":[{"embeddable":true,"href":"https:\/\/www.europesays.com\/fr\/wp-json\/wp\/v2\/users\/2"}],"replies":[{"embeddable":true,"href":"https:\/\/www.europesays.com\/fr\/wp-json\/wp\/v2\/comments?post=574344"}],"version-history":[{"count":0,"href":"https:\/\/www.europesays.com\/fr\/wp-json\/wp\/v2\/posts\/574344\/revisions"}],"wp:featuredmedia":[{"embeddable":true,"href":"https:\/\/www.europesays.com\/fr\/wp-json\/wp\/v2\/media\/574345"}],"wp:attachment":[{"href":"https:\/\/www.europesays.com\/fr\/wp-json\/wp\/v2\/media?parent=574344"}],"wp:term":[{"taxonomy":"category","embeddable":true,"href":"https:\/\/www.europesays.com\/fr\/wp-json\/wp\/v2\/categories?post=574344"},{"taxonomy":"post_tag","embeddable":true,"href":"https:\/\/www.europesays.com\/fr\/wp-json\/wp\/v2\/tags?post=574344"}],"curies":[{"name":"wp","href":"https:\/\/api.w.org\/{rel}","templated":true}]}}