{"id":574361,"date":"2025-12-03T01:52:16","date_gmt":"2025-12-03T01:52:16","guid":{"rendered":"https:\/\/www.europesays.com\/fr\/574361\/"},"modified":"2025-12-03T01:52:16","modified_gmt":"2025-12-03T01:52:16","slug":"apres-la-disparition-darkea-bb-hotels-quelle-equipe-professionnelle-aura-le-plus-de-coureurs-bretons-dans-son-effectif-en-2026","status":"publish","type":"post","link":"https:\/\/www.europesays.com\/fr\/574361\/","title":{"rendered":"Apr\u00e8s la disparition d&rsquo;Ark\u00e9a-B&#038;B Hotels, quelle \u00e9quipe professionnelle aura le plus de coureurs bretons dans son effectif en 2026\u00a0?"},"content":{"rendered":"<p>TotalEnergies : 6<\/p>\n<p>En plus de <a href=\"https:\/\/www.letelegramme.fr\/sports\/cyclisme\/tour-de-france\/il-na-jamais-ete-le-meilleur-la-lente-mais-lineaire-progression-de-jordan-jegat-jusquau-top-10-du-tour-de-france-6862061.php\" target=\"_blank\" rel=\"noopener\">Jordan J\u00e9gat<\/a>, Alan Jousseaume et Florian Dauphin, qui seront encore l\u00e0, la formation dirig\u00e9e par Jean-Ren\u00e9 Bernaudeau va ajouter trois Bretons \u00e0 son effectif ! S\u2019ils n\u2019ont pas encore \u00e9t\u00e9 annonc\u00e9s, <a href=\"https:\/\/www.letelegramme.fr\/sports\/cyclisme\/je-suis-quand-meme-dans-un-sale-etat-fauche-par-un-automobiliste-le-coureur-breton-thibaut-guernalec-livre-un-temoignage-glacant-6933295.php\" target=\"_blank\" rel=\"noopener\">Thibault Guernalec<\/a>, Pierre Thierry et <a href=\"https:\/\/www.letelegramme.fr\/sports\/cyclisme\/le-costarmoricain-mathis-le-berre-arkea-b-b-hotels-a-trouve-une-nouvelle-equipe-pour-2026-6894716.php\" target=\"_blank\" rel=\"noopener\">Mathis Le Berre<\/a> vont bien rejoindre la formation vend\u00e9enne en 2026, comme nous <a href=\"https:\/\/www.letelegramme.fr\/sports\/cyclisme\/les-bretons-thibault-guernalec-et-pierre-thierry-vers-une-equipe-francaise-en-2026-6912288.php\" target=\"_blank\" rel=\"noopener\">vous l\u2019annoncions il y a quelques semaines<\/a>. Ils retrouvent tous les trois une \u00e9quipe apr\u00e8s l\u2019arr\u00eat d\u2019Ark\u00e9a-B &amp; B Hotels.<\/p>\n<p>L\u2019\u00e9quipe WorldTour comptera toujours six Bretons dans son effectif la saison prochaine ! D\u00e9j\u00e0 g\u00e9n\u00e9reusement pourvue cette ann\u00e9e, avec Valentin Madouas, David Gaudu, Olivier Le Gac, Brieuc Rolland, Paul Penho\u00ebt et Eddy Le Huitouze, la formation dirig\u00e9e par Marc Madiot et <a href=\"https:\/\/www.letelegramme.fr\/sports\/cyclisme\/thierry-cornec-un-autodidacte-breton-devenu-numero-2-de-la-groupama-fdj-6659687.php\" target=\"_blank\" rel=\"noopener\">le Breton Thierry Cornec<\/a> va simplement remplacer le dernier cit\u00e9, qui a d\u00e9cid\u00e9 <a href=\"https:\/\/www.letelegramme.fr\/sports\/cyclisme\/il-ne-sepanouissait-pas-sur-la-route-non-conserve-a-la-groupama-fdj-eddy-le-huitouze-va-changer-de-discipline-6890860.php\" target=\"_blank\" rel=\"noopener\">de se lancer dans le gravel<\/a>, par le Finist\u00e9rien Ewen Costiou, <a href=\"https:\/\/www.letelegramme.fr\/sports\/cyclisme\/apres-larret-de-lequipe-arkea-bb-hotels-ewen-costiou-rebondit-6912935.php\" target=\"_blank\" rel=\"noopener\">qui arrive d\u2019Ark\u00e9a-B &amp; B Hotels<\/a>. Rajoutez \u00e0 cela les deux Bretons qui \u00e9voluent dans la r\u00e9serve, en troisi\u00e8me division : Eliott Boulet et Maximilian Cushway.<\/p>\n<p>Et ce sera sans compter sur la pl\u00e9iade de directeurs sportifs bretons, avec Yvon Ca\u00ebr, <a href=\"https:\/\/www.letelegramme.fr\/sports\/cyclisme\/tour-de-france\/tour-de-france-guesdon-vaugrenard-lautre-duo-breton-de-groupama-fdj-6623072.php\" target=\"_blank\" rel=\"noopener\">Benoit Vaugrenard et Fr\u00e9d\u00e9ric Guesdon<\/a>. La Groupama-FDJ sera, \u00e0 coup s\u00fbr, la plus bretonne des \u00e9quipes fran\u00e7aises en 2026.<\/p>\n<p>CIC Pro Cycling Academy (Nantes) : 3<\/p>\n<p>Si l\u2019\u00e9quipe Continentale (troisi\u00e8me division) voit le d\u00e9part d\u2019<a href=\"https:\/\/www.letelegramme.fr\/sports\/cyclisme\/pas-conserve-chez-les-professionnels-un-breton-signe-au-vc-rouen-6900658.php\" target=\"_blank\" rel=\"noopener\">Antoine Hue<\/a>, qui retourne chez les amateurs, elle va accueillir deux coureurs de la r\u00e9gion la saison prochaine. En effet, Maxime V\u00e9zie va faire ses d\u00e9buts chez les professionnels, pendant que <a href=\"https:\/\/www.letelegramme.fr\/sports\/cyclisme\/victor-guernalec-restera-chez-les-professionnels-en-2026-6915123.php\" target=\"_blank\" rel=\"noopener\">Victor Guernalec va rejoindre l\u2019\u00e9quipe dirig\u00e9e par Anthony Ravard<\/a> apr\u00e8s la fin d\u2019Ark\u00e9a.<\/p>\n<p>En plus de ces deux-l\u00e0, le Bretillien Axel Mariault \u00e9voluera toujours dans la formation bas\u00e9e en Loire-Atlantique en 2026.<\/p>\n<p>Les autres \u00e9quipes : 1<\/p>\n<p>\u00c0 date, les autres Bretons seront tous les uniques repr\u00e9sentants de leur \u00e9quipe. Alexis Renard sera ainsi chez Cofidis (<a href=\"https:\/\/www.letelegramme.fr\/sports\/cyclisme\/apres-la-fin-darkea-b-b-hotels-le-directeur-sportif-sebastien-hinault-retrouve-une-equipe-pour-la-saison-prochaine-6918644.php\" target=\"_blank\" rel=\"noopener\">avec S\u00e9bastien Hinault comme directeur sportif<\/a>), Killian Verschuren chez Unibet Rose Rockets, <a href=\"https:\/\/www.letelegramme.fr\/sports\/cyclisme\/je-me-suis-retrouve-a-pedaler-au-milieu-des-elephants-ce-coureur-professionnel-breton-sest-offert-un-tour-de-thailande-epique-pendant-lintersaison-6937934.php\" target=\"_blank\" rel=\"noopener\">Baptiste Veistroffer chez Lotto<\/a> (probable fusion avec Intermarch\u00e9), Axel Laurance chez INEOS, <a href=\"https:\/\/www.letelegramme.fr\/sports\/cyclisme\/cest-important-de-donner-je-le-fais-pour-lecole-de-mes-enfants-warren-barguil-cycliste-pro-en-mode-benevole-aux-foulees-du-pont-du-bonhomme-a-kervignac-6933987.php\" target=\"_blank\" rel=\"noopener\">Warren Barguil chez Picnic-PostNL<\/a>, Baptiste Gillet chez Nice M\u00e9tropole, Cl\u00e9ment Alleno chez Burgos Burpellet BH et Pierre-Henry Basset dans la r\u00e9serve d\u2019Astana.<\/p>\n<p>A noter, enfin, qu\u2019il n\u2019y aura aucun Breton chez Decathlon-CMA CGM, ni dans son \u00e9quipe r\u00e9serve.<\/p>\n","protected":false},"excerpt":{"rendered":"TotalEnergies : 6 En plus de Jordan J\u00e9gat, Alan Jousseaume et Florian Dauphin, qui seront encore l\u00e0, la&hellip;\n","protected":false},"author":2,"featured_media":574362,"comment_status":"","ping_status":"","sticky":false,"template":"","format":"standard","meta":{"footnotes":""},"categories":[1411],"tags":[36937,1154,207,3166,1011,27,33242,2427,60,33846],"class_list":{"0":"post-574361","1":"post","2":"type-post","3":"status-publish","4":"format-standard","5":"has-post-thumbnail","7":"category-cyclisme","8":"tag-cofidis","9":"tag-cycling","10":"tag-cyclisme","11":"tag-en-continu-sports","12":"tag-fr","13":"tag-france","14":"tag-groupama-fdj","15":"tag-professionnels","16":"tag-sports","17":"tag-totalenergies"},"share_on_mastodon":{"url":"https:\/\/pubeurope.com\/@fr\/115653138470613407","error":""},"_links":{"self":[{"href":"https:\/\/www.europesays.com\/fr\/wp-json\/wp\/v2\/posts\/574361","targetHints":{"allow":["GET"]}}],"collection":[{"href":"https:\/\/www.europesays.com\/fr\/wp-json\/wp\/v2\/posts"}],"about":[{"href":"https:\/\/www.europesays.com\/fr\/wp-json\/wp\/v2\/types\/post"}],"author":[{"embeddable":true,"href":"https:\/\/www.europesays.com\/fr\/wp-json\/wp\/v2\/users\/2"}],"replies":[{"embeddable":true,"href":"https:\/\/www.europesays.com\/fr\/wp-json\/wp\/v2\/comments?post=574361"}],"version-history":[{"count":0,"href":"https:\/\/www.europesays.com\/fr\/wp-json\/wp\/v2\/posts\/574361\/revisions"}],"wp:featuredmedia":[{"embeddable":true,"href":"https:\/\/www.europesays.com\/fr\/wp-json\/wp\/v2\/media\/574362"}],"wp:attachment":[{"href":"https:\/\/www.europesays.com\/fr\/wp-json\/wp\/v2\/media?parent=574361"}],"wp:term":[{"taxonomy":"category","embeddable":true,"href":"https:\/\/www.europesays.com\/fr\/wp-json\/wp\/v2\/categories?post=574361"},{"taxonomy":"post_tag","embeddable":true,"href":"https:\/\/www.europesays.com\/fr\/wp-json\/wp\/v2\/tags?post=574361"}],"curies":[{"name":"wp","href":"https:\/\/api.w.org\/{rel}","templated":true}]}}