{"id":574363,"date":"2025-12-03T01:53:10","date_gmt":"2025-12-03T01:53:10","guid":{"rendered":"https:\/\/www.europesays.com\/fr\/574363\/"},"modified":"2025-12-03T01:53:10","modified_gmt":"2025-12-03T01:53:10","slug":"psg-om-une-enorme-surprise-annoncee-le10sport","status":"publish","type":"post","link":"https:\/\/www.europesays.com\/fr\/574363\/","title":{"rendered":"PSG &#8211; OM : Une \u00e9norme surprise annonc\u00e9e ! &#8211; Le10Sport"},"content":{"rendered":"<ol>\n<li><a href=\"https:\/\/news.google.com\/rss\/articles\/CBMikgFBVV95cUxOUjhaZ3NqUjhDUlBKTUhYdzczWk5KNFc1akZWVmhzanRVTUhDRHYtYy1RaTRsNV8zd1RCeVdwZ1E2SnZqSmRLdEVnTlY0SjczNkJ0WGtCd0FrVG5SeFNmNG5SSUxRTU9CLXRnaEphc0RjLVk3N05tcHBsbzFZVFRPendjcVJHY1BzczdyaDJfWmJJUQ?oc=5\" target=\"_blank\" rel=\"noopener\">PSG &#8211; OM : Une \u00e9norme surprise annonc\u00e9e !<\/a>&nbsp;&nbsp;Le10Sport<\/li>\n<li><a href=\"https:\/\/news.google.com\/rss\/articles\/CBMilwJBVV95cUxOQ291Nlo2MmV1enppa0p4Z2N6QnVCWlVZdi1pVF8wd3RiNjlCTUJCVjg4SXBubTkxYVpKNmRvUjh4dGM0OHdTdV9MOExyRXFjc1JnUVFmQ0IwY0o0bVFhaEx5YUZia08tZmhHLU1PVUNGV0d0UFYxNWpabWpjUzRwS2FZSEt6UmtQQkZvTUJmbVJNbHB0cF9yYmhsWHFGeFRoT0dieE1jb2EwT0JCcWlya3h3TExscjd4SHFwcUR6dy0zZDE0ejF4Mmh6YjRMd1VqelBGQm1Oam44c0xydVNuODMwRm4wb3R2QzRnYVVCNUNUR1VfdFlLdzB2c09LcjZWcy1kNXdFWEJoQjFTRzN5Z3pZdEU5VEk?oc=5\" target=\"_blank\" rel=\"noopener\">L&rsquo;absence de pression, l&rsquo;atout majeur des outsiders : peut-on envisager que le PSG ne finisse pas champion ?<\/a>&nbsp;&nbsp;L&rsquo;\u00c9quipe<\/li>\n<li><a href=\"https:\/\/news.google.com\/rss\/articles\/CBMimwJBVV95cUxOQ2RVZkZsVVJpay1icm00SUlPcVdsU1hZZUZVcDdCbkNJUVQydHpuQlJBS2dHbE1mdWZDTWpDcng5cThsbDNZb0ZSNnNSSTlYTFR0bFM5Sm5Wdm9YT3Bzd1VfUllqM1dRY204WFZJa0p3cUhjZ1NPRWZWMWpEZGNQLUZDUVJSbmNIQ3BRckJWV0lCYVZfNTlwbkpoUE85eW1Va2pTWkd2S3BTTzR1TGFET0JvMXNoZjdDMjR1YWJXYzgyXzNoMWJqVWpyYV9maVljVW9lVFB6U1JpRW55Yy1GdjhyNmFlV25sMGp1RmFGNUNBVjhmUGJ5UVhlZHozX1VLZnl6WV9QVDh2YUFudi1PdzNoWklQWlMwMFh3?oc=5\" target=\"_blank\" rel=\"noopener\">Un PSG \u00ab\u00a0moins dominateur, sous-performant\u00a0\u00bb, Dugarry veut croire en Lens et Marseille pour le titre de champion<\/a>&nbsp;&nbsp;RMC Sport<\/li>\n<li><a href=\"https:\/\/news.google.com\/rss\/articles\/CBMi8wFBVV95cUxQb0VEYUk4WXRRMnhUTndBN29Bc3dCdHJadVAzYmlFUTNWNlQ5UWV1ZS1uXzBDcWVjcG9QM1EtcE0ycFhZYVdseVZJRFFiTFJGWVZwaEN2T3hTcUpwLVlha1VVRG5INy14YlBHQzc1eURjQXk4NHRoTUJWVGFwbUdfVjJLSmg1b3lFMmhKamJQT0ZCQU1Xc1NiSDBsXy1nZmxKMVhKZ2xVaHBET3BrUjBjUjdGSHl2TEpJODdJVVZROFhuWDZmejFPUkg3WDF5V3JyTEt6V055WmVfbjNNZXVWSWU5dkRlQ3U4LTdjeTFQMTJPWnM?oc=5\" target=\"_blank\" rel=\"noopener\">L1 : en proie \u00e0 l\u2019usure, le PSG d\u00e9tr\u00f4n\u00e9 de sa premi\u00e8re place et forc\u00e9 de se r\u00e9inventer<\/a>&nbsp;&nbsp;Lib\u00e9ration<\/li>\n<li><a href=\"https:\/\/news.google.com\/rss\/articles\/CBMixAFBVV95cUxPQnZmbXBDVHpUNVpfZG5mNlBWTVliSWx4UFFSdDFueEYtMHRMUDJ4clMxYzg1Nlh0MHhxVGlQWVBFbnNXZGwzb3pINkdTV2l1NUVMZHVqVUJ4WFdfRXZha2REdnRzNGY5cjE2c0dEaWdMbFliSmtFY2VKbFhNcmcwMnZjZDJ6cEN6aFNCbTRGRlU1RU9sN1hXOHR1YjZGWjV2alV4Y2tnOW16OFYtZzl3bFVpTXY3S3ZsX1MzMUcyVlhLYXdD?oc=5\" target=\"_blank\" rel=\"noopener\">Ligue 1 : le TFC est neuvi\u00e8me, l&rsquo;OGC Nice en crise, voici les r\u00e9sultats et le classement<\/a>&nbsp;&nbsp;LesViolets.Com<\/li>\n<\/ol>\n","protected":false},"excerpt":{"rendered":"PSG &#8211; OM : Une \u00e9norme surprise annonc\u00e9e !&nbsp;&nbsp;Le10Sport L&rsquo;absence de pression, l&rsquo;atout majeur des outsiders : peut-on&hellip;\n","protected":false},"author":2,"featured_media":574364,"comment_status":"","ping_status":"","sticky":false,"template":"","format":"standard","meta":{"footnotes":""},"categories":[1410],"tags":[63,1011,27,60],"class_list":{"0":"post-574363","1":"post","2":"type-post","3":"status-publish","4":"format-standard","5":"has-post-thumbnail","7":"category-football","8":"tag-football","9":"tag-fr","10":"tag-france","11":"tag-sports"},"share_on_mastodon":{"url":"https:\/\/pubeurope.com\/@fr\/115653142580679012","error":""},"_links":{"self":[{"href":"https:\/\/www.europesays.com\/fr\/wp-json\/wp\/v2\/posts\/574363","targetHints":{"allow":["GET"]}}],"collection":[{"href":"https:\/\/www.europesays.com\/fr\/wp-json\/wp\/v2\/posts"}],"about":[{"href":"https:\/\/www.europesays.com\/fr\/wp-json\/wp\/v2\/types\/post"}],"author":[{"embeddable":true,"href":"https:\/\/www.europesays.com\/fr\/wp-json\/wp\/v2\/users\/2"}],"replies":[{"embeddable":true,"href":"https:\/\/www.europesays.com\/fr\/wp-json\/wp\/v2\/comments?post=574363"}],"version-history":[{"count":0,"href":"https:\/\/www.europesays.com\/fr\/wp-json\/wp\/v2\/posts\/574363\/revisions"}],"wp:featuredmedia":[{"embeddable":true,"href":"https:\/\/www.europesays.com\/fr\/wp-json\/wp\/v2\/media\/574364"}],"wp:attachment":[{"href":"https:\/\/www.europesays.com\/fr\/wp-json\/wp\/v2\/media?parent=574363"}],"wp:term":[{"taxonomy":"category","embeddable":true,"href":"https:\/\/www.europesays.com\/fr\/wp-json\/wp\/v2\/categories?post=574363"},{"taxonomy":"post_tag","embeddable":true,"href":"https:\/\/www.europesays.com\/fr\/wp-json\/wp\/v2\/tags?post=574363"}],"curies":[{"name":"wp","href":"https:\/\/api.w.org\/{rel}","templated":true}]}}