{"id":574369,"date":"2025-12-03T01:57:23","date_gmt":"2025-12-03T01:57:23","guid":{"rendered":"https:\/\/www.europesays.com\/fr\/574369\/"},"modified":"2025-12-03T01:57:23","modified_gmt":"2025-12-03T01:57:23","slug":"macron-la-guerre-de-linformation-est-declaree-en-replay-c-ce-soir","status":"publish","type":"post","link":"https:\/\/www.europesays.com\/fr\/574369\/","title":{"rendered":"Macron : La guerre de l\u2019information est d\u00e9clar\u00e9e ? en replay &#8211; C ce soir"},"content":{"rendered":"<p class=\"kPgwkc gYsEFt\">Quand Emmanuel MACRON riposte aux m\u00e9dias du milliardaire Vincent Bollor\u00e9\u2026 Pour avoir propos\u00e9 un label contre la d\u00e9sinformation, le pr\u00e9sident se voit accus\u00e9 de d\u00e9rive autoritaire et de vouloir censurer certains m\u00e9dias\u2026 Lui, d\u00e9nonce officiellement des fake news\u2026 Alors cette labellisation de l\u2019information est-elle vitale pour la d\u00e9mocratie ou au contraire liberticide ? Nous allons en d\u00e9battre ce mardi 2 d\u00e9cembre 2025 avec nos invit\u00e9s :\u00a0 <\/p>\n<p class=\"kPgwkc gYsEFt\">&#8211; Eug\u00e9nie BASTI\u00c9 Essayiste, journaliste au Figaro, chroniqueuse sur CNews et Europe 1 <\/p>\n<p class=\"kPgwkc gYsEFt\">&#8211; Alexis L\u00c9VRIER Historien de la presse et des m\u00e9dias, ma\u00eetre de conf\u00e9rences \u00e0 l&rsquo;universit\u00e9 de Reims, auteur de \u00ab Jupiter et Mercure Le pouvoir pr\u00e9sidentiel face \u00e0 la presse \u00bb aux \u00e9ditions Les Petits Matins (06.05.21) <\/p>\n<p class=\"kPgwkc gYsEFt\">&#8211; Pierre HASKI Journaliste, chroniqueur G\u00e9opolitique sur France Inter, pr\u00e9sident du conseil d&rsquo;administration de Reporters sans fronti\u00e8res (RSF), parution \u00ab Studio Ghibli. 100 dessins pour la libert\u00e9 de la presse \u00bb par RSF (02.11.25) <\/p>\n<p class=\"kPgwkc gYsEFt\">&#8211; Pierre-Henri TAVOILLOT Philosophe, ma\u00eetre de conf\u00e9rence \u00e0 l\u2019universit\u00e9 Sorbonne-Paris IV, pr\u00e9sident du Coll\u00e8ge de philosophie, auteur de \u00ab Voulons-nous encore vivre ensemble ? Les d\u00e9fis de la convivialit\u00e9 \u00bb aux \u00e9ditions Odile Jacob (06.11.2024) <\/p>\n<p class=\"kPgwkc gYsEFt\">&#8211; Laurent JACOBELLI D\u00e9put\u00e9 RN de Moselle, vice-pr\u00e9sident du groupe RN \u00e0 l&rsquo;Assembl\u00e9e <\/p>\n<p class=\"kPgwkc gYsEFt\">&#8211; Chlo\u00e9 MORIN Politologue, sp\u00e9cialiste de l\u2019analyse de l\u2019opinion et de la communication publique, \u00e9crivaine, autrice de \u00ab La Broyeuse \u00bb aux \u00e9ditions de L\u2019Observatoire (29.01.25) et \u00ab\u00a0D\u00e9salign\u00e9e\u00a0\u00bb aux \u00e9ditions de L&rsquo;Observatoire (05.11.25)<\/p>\n","protected":false},"excerpt":{"rendered":"Quand Emmanuel MACRON riposte aux m\u00e9dias du milliardaire Vincent Bollor\u00e9\u2026 Pour avoir propos\u00e9 un label contre la d\u00e9sinformation,&hellip;\n","protected":false},"author":2,"featured_media":574370,"comment_status":"","ping_status":"","sticky":false,"template":"","format":"standard","meta":{"footnotes":""},"categories":[1356],"tags":[58,59,1011,27,252,1364],"class_list":{"0":"post-574369","1":"post","2":"type-post","3":"status-publish","4":"format-standard","5":"has-post-thumbnail","7":"category-television","8":"tag-divertissement","9":"tag-entertainment","10":"tag-fr","11":"tag-france","12":"tag-television","13":"tag-tv"},"share_on_mastodon":{"url":"https:\/\/pubeurope.com\/@fr\/115653158103441566","error":""},"_links":{"self":[{"href":"https:\/\/www.europesays.com\/fr\/wp-json\/wp\/v2\/posts\/574369","targetHints":{"allow":["GET"]}}],"collection":[{"href":"https:\/\/www.europesays.com\/fr\/wp-json\/wp\/v2\/posts"}],"about":[{"href":"https:\/\/www.europesays.com\/fr\/wp-json\/wp\/v2\/types\/post"}],"author":[{"embeddable":true,"href":"https:\/\/www.europesays.com\/fr\/wp-json\/wp\/v2\/users\/2"}],"replies":[{"embeddable":true,"href":"https:\/\/www.europesays.com\/fr\/wp-json\/wp\/v2\/comments?post=574369"}],"version-history":[{"count":0,"href":"https:\/\/www.europesays.com\/fr\/wp-json\/wp\/v2\/posts\/574369\/revisions"}],"wp:featuredmedia":[{"embeddable":true,"href":"https:\/\/www.europesays.com\/fr\/wp-json\/wp\/v2\/media\/574370"}],"wp:attachment":[{"href":"https:\/\/www.europesays.com\/fr\/wp-json\/wp\/v2\/media?parent=574369"}],"wp:term":[{"taxonomy":"category","embeddable":true,"href":"https:\/\/www.europesays.com\/fr\/wp-json\/wp\/v2\/categories?post=574369"},{"taxonomy":"post_tag","embeddable":true,"href":"https:\/\/www.europesays.com\/fr\/wp-json\/wp\/v2\/tags?post=574369"}],"curies":[{"name":"wp","href":"https:\/\/api.w.org\/{rel}","templated":true}]}}