{"id":574382,"date":"2025-12-03T02:04:20","date_gmt":"2025-12-03T02:04:20","guid":{"rendered":"https:\/\/www.europesays.com\/fr\/574382\/"},"modified":"2025-12-03T02:04:20","modified_gmt":"2025-12-03T02:04:20","slug":"le-patronat-veut-faire-un-milliard-deuros-deconomies-par-an","status":"publish","type":"post","link":"https:\/\/www.europesays.com\/fr\/574382\/","title":{"rendered":"le patronat veut faire un milliard d&rsquo;euros d&rsquo;\u00e9conomies par an"},"content":{"rendered":"<p>\n    Le Medef, la CPME et l\u2019U2P estiment qu\u2019il faudrait faire davantage d\u2019\u00e9conomies sur les ruptures conventionnelles.<\/p>\n<p class=\"fig-paragraph\">Une fois n\u2019est pas coutume, le patronat n\u2019est pas content. Et il le fait savoir au gouvernement. Ce mardi 2 d\u00e9cembre, \u00e0 la veille de la rencontre organis\u00e9e entre S\u00e9bastien Lecornu et le\u00a0<a href=\"http:\/\/www.lefigaro.fr\/conjoncture\/budget-2026-le-president-du-medef-patrick-martin-denonce-un-projet-de-texte-suicidaire-20251120\" data-fig-type=\"NewsFlash\" data-gtm-custom-categorie=\"navigation\" data-gtm-custom-action=\"crossclick\" data-gtm-custom-label=\"Contextuel\" data-gtm-event=\"customEventSPE\" data-fig-domain=\"LEFIGARO\" target=\"_blank\" rel=\"noopener\">pr\u00e9sident du Medef, Patrick Martin<\/a>, et trois jours avant le d\u00e9but de la Conf\u00e9rence sociale sur le travail et les retraites, les trois organisations patronales repr\u00e9sentatives ont envoy\u00e9 un courrier \u00e0 Matignon et au ministre du Travail, Jean-Pierre Farandou.<\/p>\n<p class=\"fig-paragraph\">Les organisations patronales d\u00e9noncent \u00e0 l\u2019unisson le manque d\u2019ambition du gouvernement. Ce dernier souhaite que les n\u00e9gociations sur l\u2019assurance ch\u00f4mage, qui commencent ce mercredi entre les partenaires sociaux, et portent notamment sur l\u2019encadrement des ruptures conventionnelles, aboutissent \u00e0 une \u00e9conomie de 400 millions d\u2019euros. \u00abCet objectif nous semble en-de\u00e7\u00e0 de ce qui est souhaitable\u00bb, estiment les repr\u00e9sentants patronaux qui rappellent que les ruptures conventionnelles co\u00fbtent chaque ann\u00e9e 10 milliards d\u2019euros, au point de devenir le premier poste de d\u00e9pense de l\u2019Unedic.<\/p>\n<p>                                            <a class=\"fig-a11y-skip\" href=\"#fig-a11y-skip-main-inarticle\" data-module=\"a11y-skip\" data-context=\"was @visible\"><br \/>\n    Passer la publicit\u00e9<br \/>\n<\/a>            <\/p>\n<p>                                            \u00abCoup dur pour l\u2019emploi\u00bb<\/p>\n<p class=\"fig-paragraph\">Tout en redisant leur attachement \u00e0 un dispositif \u00abdont l\u2019utilit\u00e9 n\u2019est plus \u00e0 d\u00e9montrer pour nos entreprises\u00bb, les patrons des patrons constatent \u00abcertaines d\u00e9rives dans sa mise en \u0153uvre, (&#8230;) faisant craindre une augmentation des cas d\u2019abus\u00bb. Assez pour les convaincre qu\u2019il faut renforcer \u00able caract\u00e8re incitatif \u00e0 la reprise d\u2019un emploi\u00bb de la rupture conventionnelle. Le patronat demande donc \u00e0 S\u00e9bastien Lecornu de revoir ses ambitions \u00e0 la hausse en diminuant le co\u00fbt annuel de l\u2019assurance ch\u00f4mage de 1 milliard d\u2019euros. Notamment \u00aben revisitant certains param\u00e8tres tels que ceux li\u00e9s \u00e0 l\u2019indemnisation, et sans limiter la r\u00e9flexion au seul sujet des ruptures conventionnelles\u00bb.<\/p>\n<p class=\"fig-body-link\">\n            \u00c0 lire aussi<br \/>\n        <a class=\"fig-body-link__link\" href=\"http:\/\/www.lefigaro.fr\/conjoncture\/assurance-chomage-le-gouvernement-vise-400-millions-d-economies-en-encadrant-les-ruptures-conventionnelles-20251130\" data-fig-type=\"NewsFlash\" data-gtm-custom-categorie=\"navigation\" data-gtm-custom-action=\"crossclick\" data-gtm-custom-label=\"Contextuel\" data-gtm-event=\"customEventSPE\" data-fig-domain=\"LEFIGARO\" target=\"_blank\" rel=\"noopener\"><\/p>\n<p>        Assurance-ch\u00f4mage\u00a0: le gouvernement abandonne sa r\u00e9forme, mais vise 400 millions d\u2019\u00e9conomies en encadrant les ruptures conventionnelles<br \/>\n    <\/a>\n<\/p>\n<p class=\"fig-paragraph\">Quitte \u00e0 prendre la plume, Amir Reza-Tofighi (CPME), Michel Picon (U2P) et Patrick Martin en profitent pour alerter le destinataire du courrier quant \u00e0 certains projets port\u00e9s par le gouvernement qui les chiffonnent. Ainsi de celui qui voudrait r\u00e9duire les all\u00e8gements de charge de 1,5 milliard d\u2019euros. \u00abUne telle mesure constituerait un coup tr\u00e8s dur pour l\u2019emploi, entra\u00eenant une hausse du taux de ch\u00f4mage et une augmentation plus limit\u00e9e des r\u00e9mun\u00e9rations et du pouvoir d\u2019achat\u00bb, pr\u00e9viennent les chefs d\u2019entreprise qui tirent \u00e9galement la sonnette d\u2019alarme sur le sujet de l\u2019apprentissage. \u00abLes baisses de cr\u00e9dits envisag\u00e9es (&#8230;) nous semblent d\u00e9l\u00e9t\u00e8res s\u2019agissant de l\u2019emploi des jeunes et de leur insertion durable sur le march\u00e9 du travail\u00bb, avancent-ils. S\u00e9bastien Lecornu a la nuit devant lui pour trouver de quoi rassurer le Medef.<\/p>\n","protected":false},"excerpt":{"rendered":"Le Medef, la CPME et l\u2019U2P estiment qu\u2019il faudrait faire davantage d\u2019\u00e9conomies sur les ruptures conventionnelles. Une fois&hellip;\n","protected":false},"author":2,"featured_media":574383,"comment_status":"","ping_status":"","sticky":false,"template":"","format":"standard","meta":{"footnotes":""},"categories":[6],"tags":[35,32210,33,34,1011,27,4803,68862],"class_list":{"0":"post-574382","1":"post","2":"type-post","3":"status-publish","4":"format-standard","5":"has-post-thumbnail","7":"category-economie","8":"tag-business","9":"tag-cpme","10":"tag-economie","11":"tag-economy","12":"tag-fr","13":"tag-france","14":"tag-medef","15":"tag-u2p"},"share_on_mastodon":{"url":"https:\/\/pubeurope.com\/@fr\/115653185656483779","error":""},"_links":{"self":[{"href":"https:\/\/www.europesays.com\/fr\/wp-json\/wp\/v2\/posts\/574382","targetHints":{"allow":["GET"]}}],"collection":[{"href":"https:\/\/www.europesays.com\/fr\/wp-json\/wp\/v2\/posts"}],"about":[{"href":"https:\/\/www.europesays.com\/fr\/wp-json\/wp\/v2\/types\/post"}],"author":[{"embeddable":true,"href":"https:\/\/www.europesays.com\/fr\/wp-json\/wp\/v2\/users\/2"}],"replies":[{"embeddable":true,"href":"https:\/\/www.europesays.com\/fr\/wp-json\/wp\/v2\/comments?post=574382"}],"version-history":[{"count":0,"href":"https:\/\/www.europesays.com\/fr\/wp-json\/wp\/v2\/posts\/574382\/revisions"}],"wp:featuredmedia":[{"embeddable":true,"href":"https:\/\/www.europesays.com\/fr\/wp-json\/wp\/v2\/media\/574383"}],"wp:attachment":[{"href":"https:\/\/www.europesays.com\/fr\/wp-json\/wp\/v2\/media?parent=574382"}],"wp:term":[{"taxonomy":"category","embeddable":true,"href":"https:\/\/www.europesays.com\/fr\/wp-json\/wp\/v2\/categories?post=574382"},{"taxonomy":"post_tag","embeddable":true,"href":"https:\/\/www.europesays.com\/fr\/wp-json\/wp\/v2\/tags?post=574382"}],"curies":[{"name":"wp","href":"https:\/\/api.w.org\/{rel}","templated":true}]}}