{"id":574386,"date":"2025-12-03T02:06:13","date_gmt":"2025-12-03T02:06:13","guid":{"rendered":"https:\/\/www.europesays.com\/fr\/574386\/"},"modified":"2025-12-03T02:06:13","modified_gmt":"2025-12-03T02:06:13","slug":"comment-le-narcotrafic-gangrene-lentree-des-jeunes-dans-le-monde-du-travail-liberation","status":"publish","type":"post","link":"https:\/\/www.europesays.com\/fr\/574386\/","title":{"rendered":"comment le narcotrafic gangr\u00e8ne l\u2019entr\u00e9e des jeunes dans le monde du travail \u2013 Lib\u00e9ration"},"content":{"rendered":"<p class=\"sc-cPiKLX AiZTS text-element\">Il y a les assassinats, parfois en pleine rue et en plein jour <a href=\"https:\/\/www.liberation.fr\/societe\/narcobanditisme-mehdi-frere-du-militant-marseillais-amine-kessaci-victime-dun-assassinat-dintimidation-20251114_4GQ47QDWVZHZXKID7UR7WVAV44\/\" target=\"_blank\" rel=\"noreferrer noopener\" title=\"https:\/\/www.liberation.fr\/societe\/narcobanditisme-mehdi-frere-du-militant-marseillais-amine-kessaci-victime-dun-assassinat-dintimidation-20251114_4GQ47QDWVZHZXKID7UR7WVAV44\/\">comme celui de Mehdi Kessaci<\/a>, tu\u00e9 \u00e0 Marseille le 13 novembre pour intimider son grand fr\u00e8re, le militant Amine Kessaci. Il y a \u00e9galement la violence des points de deal et autres \u00abfours\u00bb, celle qui mobilise l\u2019essentiel des effectifs de police antistups. Puis il existe une autre forme de mal, plus pernicieux, qui est la d\u00e9stabilisation globale de la soci\u00e9t\u00e9 par <a href=\"https:\/\/www.liberation.fr\/societe\/police-justice\/on-prend-tout-au-serieux-face-a-la-deflagration-du-narcotrafic-a-marseille-letat-en-operation-deminage-20251128_DJGK3RXG5JCWJBYWFIEXEGH3CY\/\" target=\"_blank\" rel=\"noreferrer noopener\" title=\"https:\/\/www.liberation.fr\/societe\/police-justice\/on-prend-tout-au-serieux-face-a-la-deflagration-du-narcotrafic-a-marseille-letat-en-operation-deminage-20251128_DJGK3RXG5JCWJBYWFIEXEGH3CY\/\">l\u2019influence grandissante du narcotrafic<\/a>. Parmi ces symboles remis en question : l\u2019entr\u00e9e dans le monde du travail. Certains jeunes adultes se bousculent de moins en mois pour d\u00e9poser des CV dans les fast-foods, les supermarch\u00e9s ou les age<\/p>\n","protected":false},"excerpt":{"rendered":"Il y a les assassinats, parfois en pleine rue et en plein jour comme celui de Mehdi Kessaci,&hellip;\n","protected":false},"author":2,"featured_media":574387,"comment_status":"","ping_status":"","sticky":false,"template":"","format":"standard","meta":{"footnotes":""},"categories":[4],"tags":[11,3993,3992,1011,27,8721,12,25],"class_list":{"0":"post-574386","1":"post","2":"type-post","3":"status-publish","4":"format-standard","5":"has-post-thumbnail","7":"category-france","8":"tag-actualites","9":"tag-cocaine","10":"tag-drogues","11":"tag-fr","12":"tag-france","13":"tag-narcotrafic","14":"tag-news","15":"tag-republique-francaise"},"share_on_mastodon":{"url":"https:\/\/pubeurope.com\/@fr\/115653193558933209","error":""},"_links":{"self":[{"href":"https:\/\/www.europesays.com\/fr\/wp-json\/wp\/v2\/posts\/574386","targetHints":{"allow":["GET"]}}],"collection":[{"href":"https:\/\/www.europesays.com\/fr\/wp-json\/wp\/v2\/posts"}],"about":[{"href":"https:\/\/www.europesays.com\/fr\/wp-json\/wp\/v2\/types\/post"}],"author":[{"embeddable":true,"href":"https:\/\/www.europesays.com\/fr\/wp-json\/wp\/v2\/users\/2"}],"replies":[{"embeddable":true,"href":"https:\/\/www.europesays.com\/fr\/wp-json\/wp\/v2\/comments?post=574386"}],"version-history":[{"count":0,"href":"https:\/\/www.europesays.com\/fr\/wp-json\/wp\/v2\/posts\/574386\/revisions"}],"wp:featuredmedia":[{"embeddable":true,"href":"https:\/\/www.europesays.com\/fr\/wp-json\/wp\/v2\/media\/574387"}],"wp:attachment":[{"href":"https:\/\/www.europesays.com\/fr\/wp-json\/wp\/v2\/media?parent=574386"}],"wp:term":[{"taxonomy":"category","embeddable":true,"href":"https:\/\/www.europesays.com\/fr\/wp-json\/wp\/v2\/categories?post=574386"},{"taxonomy":"post_tag","embeddable":true,"href":"https:\/\/www.europesays.com\/fr\/wp-json\/wp\/v2\/tags?post=574386"}],"curies":[{"name":"wp","href":"https:\/\/api.w.org\/{rel}","templated":true}]}}