{"id":574398,"date":"2025-12-03T02:14:11","date_gmt":"2025-12-03T02:14:11","guid":{"rendered":"https:\/\/www.europesays.com\/fr\/574398\/"},"modified":"2025-12-03T02:14:11","modified_gmt":"2025-12-03T02:14:11","slug":"gros-retournement-de-situation-pour-un-joueur-courtise-par-toulon","status":"publish","type":"post","link":"https:\/\/www.europesays.com\/fr\/574398\/","title":{"rendered":"Gros retournement de situation pour un joueur courtis\u00e9 par Toulon ?"},"content":{"rendered":"<p data-start=\"333\" data-end=\"662\">Le march\u00e9 des talonneurs continue de s\u2019agiter\u2026 et Lucas Peyresblanques en est l\u2019un des noms les plus convoit\u00e9s.<\/p>\n<p data-start=\"333\" data-end=\"662\">En fin de contrat au Stade Fran\u00e7ais en juin prochain, le joueur de 26 ans attire les regards, alors que Paris peine \u00e0 boucler sa prolongation. Pendant ce temps, Toulon a repris l\u2019avantage dans un dossier tr\u00e8s disput\u00e9.<\/p>\n<p><strong data-start=\"667\" data-end=\"706\">Un profil qui pla\u00eet \u00e0 tout le monde<\/strong><\/p>\n<p data-start=\"708\" data-end=\"949\">Form\u00e9 \u00e0 Biarritz, Peyresblanques s\u2019est impos\u00e9 comme l\u2019un des talonneurs les plus r\u00e9guliers du Top 14. Solide en m\u00eal\u00e9e, pr\u00e9cieux dans le combat et tr\u00e8s constant dans son activit\u00e9, il coche toutes les cases recherch\u00e9es par les clubs ambitieux.<\/p>\n<p data-start=\"951\" data-end=\"1208\">Bayonne avait d\u2019ailleurs avanc\u00e9 tr\u00e8s fort au d\u00e9but de l\u2019automne. Mais les discussions ont compl\u00e8tement bloqu\u00e9, notamment parce que les Basques ont finalement s\u00e9curis\u00e9 une autre piste : <strong data-start=\"1136\" data-end=\"1157\">Guillaume Cramont<\/strong>, que Toulouse va prolonger puis pr\u00eater \u00e0 l\u2019Aviron.<\/p>\n<p><strong data-start=\"1213\" data-end=\"1265\">Paris veut le garder, mais la n\u00e9gociation patine<\/strong><\/p>\n<p data-start=\"1267\" data-end=\"1494\">Le Stade Fran\u00e7ais a transmis une premi\u00e8re offre de prolongation, mais celle-ci aurait \u00e9t\u00e9 jug\u00e9e insuffisante par le joueur selon <a href=\"https:\/\/www.rugbyscope.fr\/transferts-toulon-reprend-confiance-dans-le-dossier-menant-a-peyresblanques-stade-francais\/\" target=\"_blank\" rel=\"noopener\">Rugby Scope<\/a>. R\u00e9sultat : les \u00e9changes ont ralenti depuis plusieurs jours. Rien n\u2019est cass\u00e9\u2026 mais rien n\u2019avance non plus.<\/p>\n<p data-start=\"1496\" data-end=\"1543\">Et ce flou commence \u00e0 profiter \u00e0 un autre club.<\/p>\n<p><strong data-start=\"1548\" data-end=\"1609\">Toulon passe la seconde et croit d\u00e9sormais en ses chances<\/strong><\/p>\n<p data-start=\"1611\" data-end=\"1878\">Selon les informations de <a href=\"https:\/\/www.rugbyscope.fr\/transferts-toulon-reprend-confiance-dans-le-dossier-menant-a-peyresblanques-stade-francais\/\" target=\"_blank\" rel=\"noopener\">Rugby Scope<\/a>, le <strong data-start=\"1638\" data-end=\"1645\">RCT<\/strong> suit le dossier depuis plusieurs semaines et sent que la situation peut tourner en sa faveur. Les dirigeants toulonnais, qui cherchent un renfort au talon pour la saison prochaine, pourraient finalement obtenir l\u2019accord du Parisien.<\/p>\n<p data-start=\"1880\" data-end=\"2030\">Toulon appara\u00eet m\u00eame aujourd\u2019hui comme <strong data-start=\"1919\" data-end=\"1964\">l\u2019une des destinations les plus cr\u00e9dibles<\/strong> pour accueillir Peyresblanques si Paris ne r\u00e9agit pas rapidement.<\/p>\n<p><strong data-start=\"2035\" data-end=\"2070\">Un dossier qui va encore bouger<\/strong><\/p>\n<p data-start=\"2072\" data-end=\"2313\">Le march\u00e9 des talonneurs est particuli\u00e8rement anim\u00e9 cette saison, et le cas Peyresblanques pourrait faire basculer plusieurs autres mouvements. Reste \u00e0 voir si le Stade Fran\u00e7ais relancera les discussions\u2026 ou si Toulon transformera l\u2019essai.<\/p>\n<p data-start=\"2072\" data-end=\"2313\"><strong>Affaire \u00e0 suivre\u2026<\/strong><\/p>\n","protected":false},"excerpt":{"rendered":"Le march\u00e9 des talonneurs continue de s\u2019agiter\u2026 et Lucas Peyresblanques en est l\u2019un des noms les plus convoit\u00e9s.&hellip;\n","protected":false},"author":2,"featured_media":574399,"comment_status":"","ping_status":"","sticky":false,"template":"","format":"standard","meta":{"footnotes":""},"categories":[9619],"tags":[1111,11,1777,674,1011,27,12,882,25,2310],"class_list":{"0":"post-574398","1":"post","2":"type-post","3":"status-publish","4":"format-standard","5":"has-post-thumbnail","7":"category-toulon","8":"tag-actu","9":"tag-actualites","10":"tag-eu","11":"tag-europe","12":"tag-fr","13":"tag-france","14":"tag-news","15":"tag-provence-alpes-cote-dazur","16":"tag-republique-francaise","17":"tag-toulon"},"share_on_mastodon":{"url":"https:\/\/pubeurope.com\/@fr\/115653224987120837","error":""},"_links":{"self":[{"href":"https:\/\/www.europesays.com\/fr\/wp-json\/wp\/v2\/posts\/574398","targetHints":{"allow":["GET"]}}],"collection":[{"href":"https:\/\/www.europesays.com\/fr\/wp-json\/wp\/v2\/posts"}],"about":[{"href":"https:\/\/www.europesays.com\/fr\/wp-json\/wp\/v2\/types\/post"}],"author":[{"embeddable":true,"href":"https:\/\/www.europesays.com\/fr\/wp-json\/wp\/v2\/users\/2"}],"replies":[{"embeddable":true,"href":"https:\/\/www.europesays.com\/fr\/wp-json\/wp\/v2\/comments?post=574398"}],"version-history":[{"count":0,"href":"https:\/\/www.europesays.com\/fr\/wp-json\/wp\/v2\/posts\/574398\/revisions"}],"wp:featuredmedia":[{"embeddable":true,"href":"https:\/\/www.europesays.com\/fr\/wp-json\/wp\/v2\/media\/574399"}],"wp:attachment":[{"href":"https:\/\/www.europesays.com\/fr\/wp-json\/wp\/v2\/media?parent=574398"}],"wp:term":[{"taxonomy":"category","embeddable":true,"href":"https:\/\/www.europesays.com\/fr\/wp-json\/wp\/v2\/categories?post=574398"},{"taxonomy":"post_tag","embeddable":true,"href":"https:\/\/www.europesays.com\/fr\/wp-json\/wp\/v2\/tags?post=574398"}],"curies":[{"name":"wp","href":"https:\/\/api.w.org\/{rel}","templated":true}]}}