{"id":574400,"date":"2025-12-03T02:15:33","date_gmt":"2025-12-03T02:15:33","guid":{"rendered":"https:\/\/www.europesays.com\/fr\/574400\/"},"modified":"2025-12-03T02:15:33","modified_gmt":"2025-12-03T02:15:33","slug":"carole-delga-la-laicite-au-coeur-de-loccitanie-et-le-pathe-odysseum","status":"publish","type":"post","link":"https:\/\/www.europesays.com\/fr\/574400\/","title":{"rendered":"Carole Delga \u00ab\u00a0La la\u00efcit\u00e9 au c\u0153ur de l\u2019Occitanie\u00a0\u00bb et le Path\u00e9 Odysseum"},"content":{"rendered":"<p>                    Par<br \/>\n        <strong><br \/>\n            <a href=\"https:\/\/actu.fr\/auteur\/metropoop\" title=\"Consulter tous les articles de R\u00e9daction M\u00e9tropolitain\" target=\"_blank\" rel=\"noopener\">R\u00e9daction M\u00e9tropolitain<\/a><br \/>\n                    <\/strong><\/p>\n<p>        Publi\u00e9 le<\/p>\n<p>            2 d\u00e9c. 2025 \u00e0 11h33        <\/p>\n<p>Comme chaque semaine,<strong> l\u2019hebdomadaire M\u00e9tropolitain<\/strong> vous propose un autre regard sur <strong>l\u2019actualit\u00e9 de Montpellier et de l\u2019H\u00e9rault<\/strong>. D\u00e9couvrez le sommaire de notre nouveau num\u00e9ro.<\/p>\n<p>\u00c0 la Une<\/p>\n<p class=\" wall-content\">La pr\u00e9sidente de la R\u00e9gion Occitanie Pyr\u00e9n\u00e9es-M\u00e9diterran\u00e9e et pr\u00e9sidente de R\u00e9gions de France a choisi de placer la la\u00efcit\u00e9 et les valeurs r\u00e9publicaines au c\u0153ur de son action politique. Alors que la France c\u00e9l\u00e8bre les 120 ans de la loi du 9 d\u00e9cembre 1905 sur la s\u00e9paration des \u00c9glises et de l\u2019\u00c9tat, l\u2019Occitanie s\u2019est dot\u00e9e il y a un an, du premier Conseil r\u00e9gional de la la\u00efcit\u00e9 et des valeurs r\u00e9publicaines (CRLVR). \u00c0 l\u2019occasion de l\u2019anniversaire des 120 ans du vote de la loi 1905, la R\u00e9gion a souhait\u00e9 soutenir un Festival de la la\u00efcit\u00e9 riche de 120 \u00e9v\u00e9nements d\u00e9clin\u00e9s partout en Occitanie ainsi qu\u2019un Prix de la la\u00efcit\u00e9 r\u00e9compensant les initiatives locales.<\/p>\n<p class=\" wall-content\">Dans cet entretien, Carole Delga revient sur les urgences qui ont motiv\u00e9 la cr\u00e9ation du CRLVR et sur la n\u00e9cessit\u00e9 de transmettre le principe de la\u00efcit\u00e9 aux jeunes g\u00e9n\u00e9rations. Elle a accept\u00e9 de livrer dans nos pages sa vision de la la\u00efcit\u00e9 pour aujourd\u2019hui et demain : une la\u00efcit\u00e9 de terrain, vivante et protectrice, garante de toutes les libert\u00e9s et digue contre les extr\u00e9mismes.<\/p>\n<p>News.<\/p>\n<p class=\" wall-content\"><strong>Municipales 2026 \u00e0 Montpellier<\/strong> : Entre notre sondage IFOP-M\u00e9tropolitain et le terrain, une campagne \u00e0 plusieurs vitesse<\/p>\n<p class=\" wall-content\"><strong>La vid\u00e9o de la semaine<\/strong> : \u00a0De Montpellier \u00e0 Toronto Le parcours de Rachad Meya, artisan et artiste de l\u2019ombre de l\u2019audiovisuel<\/p>\n<p class=\" wall-content\"><strong>Le Path\u00e9 Odysseum<\/strong> parmi les premiers cin\u00e9mas \u00e0 exp\u00e9rimenter cette nouveaut\u00e9<\/p>\n<p>Vid\u00e9os : en ce moment sur ActuLifestyle.<\/p>\n<p class=\" wall-content\"><strong>Exposition :<\/strong> Glissez-vous dans la peau d\u2019un h\u00e9raultais durant la Seconde Guerre Mondiale<\/p>\n<p>Votre r\u00e9gion, votre actu !<\/p>\n<p>Recevez chaque jour les infos qui comptent pour vous.<\/p>\n<p>\t<a href=\"https:\/\/actu.fr\/newsletter\" class=\"ac-btn ac-btn--corner ac-btn--medium ac-btn--blue800\" target=\"_blank\" rel=\"noopener\">S&rsquo;incrire<\/a><\/p>\n<p class=\" wall-content\"><strong>Essai auto :<\/strong> Lancia Ypsilon HF<\/p>\n<p class=\" wall-content\"><strong>S\u00e9lection caviste :<\/strong> Maison \u00c9douard Brun, l\u2019\u00e9l\u00e9gance du temps et du terroir<\/p>\n<p>\u00c9co.<\/p>\n<p class=\" wall-content\"><strong>Avec le DuoDay<\/strong>, Aquarelia ouvre ses portes \u00e0 l\u2019inclusion<\/p>\n<p>Annonces l\u00e9gales<\/p>\n<p class=\" wall-content\"><strong>O\u00f9 le trouver ?<\/strong><\/p>\n<p class=\" wall-content\">Le magazine M\u00e9tropolitain est disponible gratuitement chaque semaine dans plus de 350 points de passage dans le d\u00e9partement de l\u2019H\u00e9rault. M\u00e9tropolitain est \u00e9galement le seul titre de presse disponible en libre-service au sein des halls d\u2019embarquement des a\u00e9roports de Montpellier et de B\u00e9ziers. Il est bien s\u00fbr possible de s\u2019abonner, afin de le recevoir directement chez soi. Aussi, toutes les semaines, retrouvez en ligne la version digitale, <a href=\"https:\/\/v.calameo.com\/library\/?type=account&amp;id=5794458&amp;rows=1&amp;sortBy=latestPublished&amp;theme=wood&amp;bgColor=&amp;thumbSize=large&amp;showTitle=true&amp;showShadow=true&amp;showGloss=true&amp;showInfo=account&amp;linkTo=view&amp;linkTarget=_blank\" target=\"_blank\" rel=\"noopener\">consultable sur notre site.<\/a><\/p>\n<p class=\" wall-content\">Personnalisez votre actualit\u00e9 en ajoutant vos villes et m\u00e9dias en favori avec <a href=\"https:\/\/moncompte.actu.fr\" title=\"D\u00e9couvez Mon Actu\" rel=\"nofollow noopener\" data-trk=\"{&quot;cta&quot;:{&quot;action&quot;:&quot;https:\\\/\\\/moncompte.actu.fr&quot;,&quot;category&quot;:&quot;mon compte&quot;,&quot;from&quot;:&quot;article footer&quot;,&quot;name&quot;:&quot;Mon actu&quot;,&quot;type&quot;:&quot;cta&quot;}}\" target=\"_blank\">Mon Actu<\/a>.<\/p>\n","protected":false},"excerpt":{"rendered":"Par R\u00e9daction M\u00e9tropolitain Publi\u00e9 le 2 d\u00e9c. 2025 \u00e0 11h33 Comme chaque semaine, l\u2019hebdomadaire M\u00e9tropolitain vous propose un&hellip;\n","protected":false},"author":2,"featured_media":574401,"comment_status":"","ping_status":"","sticky":false,"template":"","format":"standard","meta":{"footnotes":""},"categories":[9599],"tags":[1111,11,650,1777,674,1011,27,2208,3434,12,2680,4020,25,104],"class_list":{"0":"post-574400","1":"post","2":"type-post","3":"status-publish","4":"format-standard","5":"has-post-thumbnail","7":"category-montpellier","8":"tag-actu","9":"tag-actualites","10":"tag-cinema","11":"tag-eu","12":"tag-europe","13":"tag-fr","14":"tag-france","15":"tag-montpellier","16":"tag-municipales-2026","17":"tag-news","18":"tag-occitanie","19":"tag-religion","20":"tag-republique-francaise","21":"tag-societe"},"share_on_mastodon":{"url":"https:\/\/pubeurope.com\/@fr\/115653228849559853","error":""},"_links":{"self":[{"href":"https:\/\/www.europesays.com\/fr\/wp-json\/wp\/v2\/posts\/574400","targetHints":{"allow":["GET"]}}],"collection":[{"href":"https:\/\/www.europesays.com\/fr\/wp-json\/wp\/v2\/posts"}],"about":[{"href":"https:\/\/www.europesays.com\/fr\/wp-json\/wp\/v2\/types\/post"}],"author":[{"embeddable":true,"href":"https:\/\/www.europesays.com\/fr\/wp-json\/wp\/v2\/users\/2"}],"replies":[{"embeddable":true,"href":"https:\/\/www.europesays.com\/fr\/wp-json\/wp\/v2\/comments?post=574400"}],"version-history":[{"count":0,"href":"https:\/\/www.europesays.com\/fr\/wp-json\/wp\/v2\/posts\/574400\/revisions"}],"wp:featuredmedia":[{"embeddable":true,"href":"https:\/\/www.europesays.com\/fr\/wp-json\/wp\/v2\/media\/574401"}],"wp:attachment":[{"href":"https:\/\/www.europesays.com\/fr\/wp-json\/wp\/v2\/media?parent=574400"}],"wp:term":[{"taxonomy":"category","embeddable":true,"href":"https:\/\/www.europesays.com\/fr\/wp-json\/wp\/v2\/categories?post=574400"},{"taxonomy":"post_tag","embeddable":true,"href":"https:\/\/www.europesays.com\/fr\/wp-json\/wp\/v2\/tags?post=574400"}],"curies":[{"name":"wp","href":"https:\/\/api.w.org\/{rel}","templated":true}]}}