{"id":574406,"date":"2025-12-03T02:25:23","date_gmt":"2025-12-03T02:25:23","guid":{"rendered":"https:\/\/www.europesays.com\/fr\/574406\/"},"modified":"2025-12-03T02:25:23","modified_gmt":"2025-12-03T02:25:23","slug":"jai-senti-une-odeur-forte-a-peine-ouverte-cette-pizzeria-bretonne-est-touchee-par","status":"publish","type":"post","link":"https:\/\/www.europesays.com\/fr\/574406\/","title":{"rendered":"\u00ab\u00a0J\u2019ai senti une odeur forte\u00a0\u00bb\u00a0: \u00e0 peine ouverte, cette pizzeria bretonne est touch\u00e9e par"},"content":{"rendered":"<p>Un incendie s\u2019est d\u00e9clar\u00e9 en d\u00e9but d\u2019apr\u00e8s-midi, au sein de l\u2019enseigne Amour de Pizza, boulevard Oscar-Leroux dans le quartier du Blosne, \u00e0 Rennes (Ille-et-Vilaine), mardi 2\u00a0d\u00e9cembre 2025.<\/p>\n<p>\u00ab\u00a0J\u2019ai senti une odeur forte\u00a0\u00bb<\/p>\n<p>Les faits se sont d\u00e9roul\u00e9s peu apr\u00e8s 14\u00a0h, alors que le commerce \u00e9tait ferm\u00e9. Seul un employ\u00e9 se trouvait \u00e0 l\u2019int\u00e9rieur, en arri\u00e8re-boutique, &#8230;<\/p>\n<p>\u00a0<\/p>\n","protected":false},"excerpt":{"rendered":"Un incendie s\u2019est d\u00e9clar\u00e9 en d\u00e9but d\u2019apr\u00e8s-midi, au sein de l\u2019enseigne Amour de Pizza, boulevard Oscar-Leroux dans le&hellip;\n","protected":false},"author":2,"featured_media":574407,"comment_status":"","ping_status":"","sticky":false,"template":"","format":"standard","meta":{"footnotes":""},"categories":[2821],"tags":[1111,11,829,12103,1777,674,9212,1011,27,1310,12,55704,12884,6191,8819,3086,584,25,68863,37342],"class_list":{"0":"post-574406","1":"post","2":"type-post","3":"status-publish","4":"format-standard","5":"has-post-thumbnail","7":"category-rennes","8":"tag-actu","9":"tag-actualites","10":"tag-bretagne","11":"tag-bretonne","12":"tag-eu","13":"tag-europe","14":"tag-forte","15":"tag-fr","16":"tag-france","17":"tag-incendie","18":"tag-news","19":"tag-odeur","20":"tag-ouverte","21":"tag-peine","22":"tag-pizzeria","23":"tag-redon","24":"tag-rennes","25":"tag-republique-francaise","26":"tag-senti","27":"tag-touchee"},"share_on_mastodon":{"url":"https:\/\/pubeurope.com\/@fr\/115653268378011190","error":""},"_links":{"self":[{"href":"https:\/\/www.europesays.com\/fr\/wp-json\/wp\/v2\/posts\/574406","targetHints":{"allow":["GET"]}}],"collection":[{"href":"https:\/\/www.europesays.com\/fr\/wp-json\/wp\/v2\/posts"}],"about":[{"href":"https:\/\/www.europesays.com\/fr\/wp-json\/wp\/v2\/types\/post"}],"author":[{"embeddable":true,"href":"https:\/\/www.europesays.com\/fr\/wp-json\/wp\/v2\/users\/2"}],"replies":[{"embeddable":true,"href":"https:\/\/www.europesays.com\/fr\/wp-json\/wp\/v2\/comments?post=574406"}],"version-history":[{"count":0,"href":"https:\/\/www.europesays.com\/fr\/wp-json\/wp\/v2\/posts\/574406\/revisions"}],"wp:featuredmedia":[{"embeddable":true,"href":"https:\/\/www.europesays.com\/fr\/wp-json\/wp\/v2\/media\/574407"}],"wp:attachment":[{"href":"https:\/\/www.europesays.com\/fr\/wp-json\/wp\/v2\/media?parent=574406"}],"wp:term":[{"taxonomy":"category","embeddable":true,"href":"https:\/\/www.europesays.com\/fr\/wp-json\/wp\/v2\/categories?post=574406"},{"taxonomy":"post_tag","embeddable":true,"href":"https:\/\/www.europesays.com\/fr\/wp-json\/wp\/v2\/tags?post=574406"}],"curies":[{"name":"wp","href":"https:\/\/api.w.org\/{rel}","templated":true}]}}