{"id":574408,"date":"2025-12-03T02:26:20","date_gmt":"2025-12-03T02:26:20","guid":{"rendered":"https:\/\/www.europesays.com\/fr\/574408\/"},"modified":"2025-12-03T02:26:20","modified_gmt":"2025-12-03T02:26:20","slug":"rennes-a-peine-retrouve-levade-du-planetarium-deja-condamne-dans-une-autre-affaire","status":"publish","type":"post","link":"https:\/\/www.europesays.com\/fr\/574408\/","title":{"rendered":"Rennes : A peine retrouv\u00e9, l\u2019\u00e9vad\u00e9 du plan\u00e9tarium d\u00e9j\u00e0 condamn\u00e9 dans une autre affaire"},"content":{"rendered":"<p class=\"mb-4 text-lg md:leading-8 break-words\"><strong>MULTIRECIDIVISTE &#8211; Interpell\u00e9 le 27 novembre apr\u00e8s treize jours de cavale, Emile Siegler a \u00e9t\u00e9 condamn\u00e9 ce mardi \u00e0 trente mois de prison pour son implication dans une s\u00e9rie d\u2019incendies ayant vis\u00e9 une cha\u00eene de magasins de po\u00eales et de chemin\u00e9es<\/strong><\/p>\n<p class=\"mb-4 text-lg md:leading-8 break-words\">Il continue de faire parler de lui m\u00eame apr\u00e8s son interpellation. Le 14 novembre, Emile Siegler, surnomm\u00e9 Gino, avait fait les gros titres <a href=\"https:\/\/www.20minutes.fr\/faits_divers\/4186205-20251117-rennes-detenu-fait-belle-lors-sortie-planetarium?at_medium=RSS%20feed&amp;at_campaign=ynews&amp;utm_source=yahoo&amp;utm_medium=rss&amp;utm_campaign=news_feed&amp;utm_content=in_article_link\" rel=\"nofollow noopener\" target=\"_blank\" data-ylk=\"slk:en s\u2019\u00e9vadant lors d\u2019une sortie au plan\u00e9tarium de Rennes;elm:context_link;itc:0;sec:content-canvas\" class=\"link \">en s\u2019\u00e9vadant lors d\u2019une sortie au plan\u00e9tarium de Rennes<\/a>. D\u00e9j\u00e0 condamn\u00e9 \u00e0 de nombreuses reprises, <a href=\"https:\/\/www.20minutes.fr\/faits_divers\/faits-divers-rennes\/4188389-20251127-rennes-detenu-evade-lors-sortie-planetarium-interpelle-nantes?at_medium=RSS%20feed&amp;at_campaign=ynews&amp;utm_source=yahoo&amp;utm_medium=rss&amp;utm_campaign=news_feed&amp;utm_content=in_article_link\" rel=\"nofollow noopener\" target=\"_blank\" data-ylk=\"slk:le d\u00e9tenu a finalement \u00e9t\u00e9 interpell\u00e9;elm:context_link;itc:0;sec:content-canvas\" class=\"link \">le d\u00e9tenu a finalement \u00e9t\u00e9 interpell\u00e9<\/a> treize jours plus tard sur un terrain de la communaut\u00e9 des gens du voyage \u00e0 Nantes. Apr\u00e8s cette \u00e9vasion, le multir\u00e9cidiviste, qui a pass\u00e9 quinze ann\u00e9es de sa vie en prison, <a href=\"https:\/\/www.20minutes.fr\/faits_divers\/faits-divers-rennes\/4188687-20251129-rennes-detenu-evade-planetarium-juge-lundi?at_medium=RSS%20feed&amp;at_campaign=ynews&amp;utm_source=yahoo&amp;utm_medium=rss&amp;utm_campaign=news_feed&amp;utm_content=in_article_link\" rel=\"nofollow noopener\" target=\"_blank\" data-ylk=\"slk:devait \u00eatre jug\u00e9 ce lundi en comparution imm\u00e9diate;elm:context_link;itc:0;sec:content-canvas\" class=\"link \">devait \u00eatre jug\u00e9 ce lundi en comparution imm\u00e9diate<\/a> devant le tribunal correctionnel de Rennes. Mais \u00e0 sa demande, l\u2019audience a finalement \u00e9t\u00e9 report\u00e9e au 22 janvier.<\/p>\n<p class=\"mb-4 text-lg md:leading-8 break-words\">Quelques heures plus tard, Emile Siegler avait de nouveau rendez-vous avec la justice ce mardi. On lui reprochait cette fois d\u2019\u00eatre impliqu\u00e9 dans une s\u00e9rie d\u2019incendies <a href=\"https:\/\/www.20minutes.fr\/faits_divers\/faits-divers-rennes\/4036625-20230512-bretagne-nouveau-magasin-enseigne-poeles-cie-vise-incendie?at_medium=RSS%20feed&amp;at_campaign=ynews&amp;utm_source=yahoo&amp;utm_medium=rss&amp;utm_campaign=news_feed&amp;utm_content=in_article_link\" rel=\"nofollow noopener\" target=\"_blank\" data-ylk=\"slk:ayant vis\u00e9 une cha\u00eene de magasins de po\u00eales et de chemin\u00e9es;elm:context_link;itc:0;sec:content-canvas\" class=\"link \">ayant vis\u00e9 une cha\u00eene de magasins de po\u00eales et de chemin\u00e9es<\/a> \u00e0 partir de fin 2022 dans l\u2019ouest de la France. Depuis sa cellule, il avait recrut\u00e9 les incendiaires et pilot\u00e9 les actions pour le compte d\u2019un cod\u00e9tenu qui souhaitait se venger apr\u00e8s un litige commercial avec cette cha\u00eene.<\/p>\n<p>\u00ab Pour une fois dans ma vie, je suis innocent \u00bb<\/p>\n<p class=\"mb-4 text-lg md:leading-8 break-words\">Au total, vingt-quatre personnes ont \u00e9t\u00e9 mises en examen dans ce dossier dont le pr\u00e9judice a \u00e9t\u00e9 estim\u00e9 \u00e0 environ cinq millions d\u2019euros. \u00ab Pour une fois dans ma vie, je suis innocent \u00bb, a l\u00e2ch\u00e9 le pr\u00e9venu \u00e0 la barre, rejetant toute la responsabilit\u00e9 sur le commanditaire, qui sera jug\u00e9 ult\u00e9rieurement dans cette affaire devant la cour d\u2019assises. Une d\u00e9fense mise \u00e0 mal quand le tribunal s(&#8230;)<\/p>\n<p class=\"mb-4 text-lg md:leading-8 break-words\"><a href=\"https:\/\/www.20minutes.fr\/justice\/4189295-20251202-rennes-peine-retrouve-evade-planetarium-deja-condamne-autre-affaire?at_medium=RSS%20feed&amp;at_campaign=ynews&amp;utm_source=yahoo&amp;utm_medium=rss&amp;utm_campaign=news_feed&amp;utm_content=read_more_link&quot;\" rel=\"nofollow noopener\" target=\"_blank\" data-ylk=\"slk:Lire la suite sur 20minutes;elm:context_link;itc:0;sec:content-canvas\" class=\"link \">Lire la suite sur 20minutes<\/a><\/p>\n<p>\u00c0 lire aussi :<br \/><a href=\"https:\/\/www.20minutes.fr\/faits_divers\/faits-divers-rennes\/4188389-20251127-rennes-detenu-evade-lors-sortie-planetarium-interpelle-nantes?at_medium=RSS%20feed&amp;at_campaign=ynews&amp;utm_source=yahoo&amp;utm_medium=rss&amp;utm_campaign=news_feed&amp;utm_content=related_content_link\" rel=\"nofollow noopener\" target=\"_blank\" data-ylk=\"slk:Rennes : Le d\u00e9tenu \u00e9vad\u00e9 lors d\u2019une sortie au plan\u00e9tarium interpell\u00e9 \u00e0 Nantes;elm:context_link;itc:0;sec:content-canvas\" class=\"link \">Rennes : Le d\u00e9tenu \u00e9vad\u00e9 lors d\u2019une sortie au plan\u00e9tarium interpell\u00e9 \u00e0 Nantes<\/a><br \/><a href=\"https:\/\/www.20minutes.fr\/faits_divers\/4187728-20251125-rennes-detenu-cavale-apres-sortie-planetarium-deja-evade-trois-fois?at_medium=RSS%20feed&amp;at_campaign=ynews&amp;utm_source=yahoo&amp;utm_medium=rss&amp;utm_campaign=news_feed&amp;utm_content=related_content_link\" rel=\"nofollow noopener\" target=\"_blank\" data-ylk=\"slk:Rennes : Le d\u00e9tenu en cavale apr\u00e8s une sortie au plan\u00e9tarium s\u2019\u00e9tait d\u00e9j\u00e0 \u00e9vad\u00e9 trois fois;elm:context_link;itc:0;sec:content-canvas\" class=\"link \">Rennes : Le d\u00e9tenu en cavale apr\u00e8s une sortie au plan\u00e9tarium s\u2019\u00e9tait d\u00e9j\u00e0 \u00e9vad\u00e9 trois fois<\/a><\/p>\n","protected":false},"excerpt":{"rendered":"MULTIRECIDIVISTE &#8211; Interpell\u00e9 le 27 novembre apr\u00e8s treize jours de cavale, Emile Siegler a \u00e9t\u00e9 condamn\u00e9 ce mardi&hellip;\n","protected":false},"author":2,"featured_media":574409,"comment_status":"","ping_status":"","sticky":false,"template":"","format":"standard","meta":{"footnotes":""},"categories":[2821],"tags":[1111,11,829,68864,68865,1777,674,1011,27,15413,12,41659,584,25],"class_list":{"0":"post-574408","1":"post","2":"type-post","3":"status-publish","4":"format-standard","5":"has-post-thumbnail","7":"category-rennes","8":"tag-actu","9":"tag-actualites","10":"tag-bretagne","11":"tag-chaine-de-magasins","12":"tag-emile-siegler","13":"tag-eu","14":"tag-europe","15":"tag-fr","16":"tag-france","17":"tag-louest-de-la-france","18":"tag-news","19":"tag-planetarium","20":"tag-rennes","21":"tag-republique-francaise"},"share_on_mastodon":{"url":"https:\/\/pubeurope.com\/@fr\/115653272728751836","error":""},"_links":{"self":[{"href":"https:\/\/www.europesays.com\/fr\/wp-json\/wp\/v2\/posts\/574408","targetHints":{"allow":["GET"]}}],"collection":[{"href":"https:\/\/www.europesays.com\/fr\/wp-json\/wp\/v2\/posts"}],"about":[{"href":"https:\/\/www.europesays.com\/fr\/wp-json\/wp\/v2\/types\/post"}],"author":[{"embeddable":true,"href":"https:\/\/www.europesays.com\/fr\/wp-json\/wp\/v2\/users\/2"}],"replies":[{"embeddable":true,"href":"https:\/\/www.europesays.com\/fr\/wp-json\/wp\/v2\/comments?post=574408"}],"version-history":[{"count":0,"href":"https:\/\/www.europesays.com\/fr\/wp-json\/wp\/v2\/posts\/574408\/revisions"}],"wp:featuredmedia":[{"embeddable":true,"href":"https:\/\/www.europesays.com\/fr\/wp-json\/wp\/v2\/media\/574409"}],"wp:attachment":[{"href":"https:\/\/www.europesays.com\/fr\/wp-json\/wp\/v2\/media?parent=574408"}],"wp:term":[{"taxonomy":"category","embeddable":true,"href":"https:\/\/www.europesays.com\/fr\/wp-json\/wp\/v2\/categories?post=574408"},{"taxonomy":"post_tag","embeddable":true,"href":"https:\/\/www.europesays.com\/fr\/wp-json\/wp\/v2\/tags?post=574408"}],"curies":[{"name":"wp","href":"https:\/\/api.w.org\/{rel}","templated":true}]}}