{"id":574410,"date":"2025-12-03T02:27:34","date_gmt":"2025-12-03T02:27:34","guid":{"rendered":"https:\/\/www.europesays.com\/fr\/574410\/"},"modified":"2025-12-03T02:27:34","modified_gmt":"2025-12-03T02:27:34","slug":"immersion-aux-studios-du-rhin-qui-font-vibrer-laudiovisuel-strasbourgeois","status":"publish","type":"post","link":"https:\/\/www.europesays.com\/fr\/574410\/","title":{"rendered":"immersion aux Studios du Rhin, qui font vibrer l\u2019audiovisuel strasbourgeois"},"content":{"rendered":"<p><strong>Envie de d\u00e9couvrir un espace de travail stimulant, cr\u00e9atif et nich\u00e9 dans un repaire strasbourgeois d\u00e9di\u00e9 \u00e0 l\u2019audiovisuel ? On vous emm\u00e8ne d\u00e9couvrir les Studios du Rhin, qui regroupent de nombreuses entreprises sp\u00e9cialis\u00e9es dans le milieu, et qui proposent un espace de coworking \u00e0 tomber pour les cr\u00e9atifs\/ves en qu\u00eate d\u2019un eldorado pour travailler. <\/strong><\/p>\n<p><strong>Les Studios du Rhin, c\u2019est un cocon nich\u00e9 au Port du Rhin<\/strong>\u00a0qui accueille <strong>de nombreuses entreprises sp\u00e9cialis\u00e9es dans le milieu de l\u2019audiovisuel, du cin\u00e9ma et de la postproduction<\/strong> (doublage, montage, \u00e9talonnage). C\u2019est aussi <strong>un lieu de travail dynamique, avec un espace de coworking<\/strong> accueillant toute l\u2019ann\u00e9e les cr\u00e9atifs\/ves qui ont besoin d\u2019un endroit o\u00f9 travailler.<\/p>\n<p>Enfin, c\u2019est un espace o\u00f9 faire la f\u00eate comme il se doit, avec <strong>une grande salle toute \u00e9quip\u00e9e d\u00e9di\u00e9e<\/strong>\u00a0: bref, <strong>un lieu multifonctions,<\/strong> une p\u00e9pite \u00e0 conna\u00eetre absolument pour des projets innovants ou festifs. On vous fait visiter !<\/p>\n<p>    <img width=\"800\" height=\"534\" src=\"https:\/\/www.europesays.com\/fr\/wp-content\/uploads\/2025\/12\/studios-du-rhin-8-800x534.jpg\" class=\"attachment-image-size-L size-image-size-L\" alt=\"Studios du rhin (8)\" decoding=\"async\" loading=\"lazy\"  \/>         \u00a9 Marie Goehner-David \/ Pokaa <\/p>\n<p>D\u2019Innervision aux Studios du Rhin, 20 ann\u00e9es de projets<\/p>\n<p>Le point de d\u00e9part de l\u2019aventure, c\u2019est <strong>Luc Tharin et sa soci\u00e9t\u00e9 de postproduction Innervision<\/strong> (dont on vous parlera bient\u00f4t !). \u00c0 la base, les locaux situ\u00e9s rue du Rhin-Napol\u00e9on \u00e9taient connus sous le nom de MAPS, et \u00e9taient <strong>un lieu de r\u00e9p\u00e9tition pour tous les groupes locaux qui passaient par l\u00e0 <\/strong>\u2013 on en voit encore quelques traces discr\u00e8tes aujourd\u2019hui.<\/p>\n<p>    <img width=\"800\" height=\"535\" src=\"https:\/\/www.europesays.com\/fr\/wp-content\/uploads\/2025\/12\/studios-du-rhin-44-800x535.jpg\" class=\"attachment-image-size-L size-image-size-L\" alt=\"Studios du rhin (44)\" decoding=\"async\" loading=\"lazy\"  \/>         Luc Tharin. \u00a9 Marie Goehner-David \/ Pokaa <\/p>\n<p>    <img width=\"800\" height=\"533\" src=\"https:\/\/www.europesays.com\/fr\/wp-content\/uploads\/2025\/12\/studios-du-rhin-33-800x533.jpg\" class=\"attachment-image-size-L size-image-size-L\" alt=\"Studios du rhin (33)\" decoding=\"async\" loading=\"lazy\"  \/>         \u00a9 Marie Goehner-David \/ Pokaa <\/p>\n<p>C\u2019est dans ces murs qu\u2019Innervision s\u2019installe et cohabite <strong>\u00e0 partir de 2006,<\/strong> mais le b\u00e2timent d\u00e9grad\u00e9 limite la possibilit\u00e9 de s\u2019agrandir, ou de proposer d\u2019autres locaux pour des partenaires. C\u2019est ainsi <strong>qu\u2019en 2019, Luc rach\u00e8te le b\u00e2timent en association, et se lance dans un projet de r\u00e9novation et de r\u00e9habilitation compl\u00e8te de ce dernier, pour en faire une v\u00e9ritable plateforme audiovisuelle.<\/strong><\/p>\n<p>Le b\u00e2timent remis \u00e0 neuf est <strong>pens\u00e9 comme un tiers-lieu, dans le sens d\u2019une mise en commun d\u2019espaces, de moyens et d\u2019accueil du public. <\/strong>Il voit le jour en 2021, avec des installations adapt\u00e9es aux <strong>entreprises audiovisuelles ou de la cr\u00e9ation<\/strong> qui souhaiteraient s\u2019y installer.<\/p>\n<p>                <img width=\"667\" height=\"500\" src=\"https:\/\/www.europesays.com\/fr\/wp-content\/uploads\/2025\/12\/studios-du-rhin-48-667x500.jpg\" class=\"attachment-gallery size-gallery\" alt=\"Studios du rhin (48)\" data-full-url=\"https:\/\/pokaa.fr\/wp-content\/uploads\/2025\/11\/30\/studios-du-rhin-48.jpg\" decoding=\"async\" loading=\"lazy\"  \/>            <\/p>\n<p>                <img width=\"375\" height=\"500\" src=\"https:\/\/www.europesays.com\/fr\/wp-content\/uploads\/2025\/12\/studios-du-rhin-50-375x500.jpg\" class=\"attachment-gallery size-gallery\" alt=\"Studios du rhin (50)\" data-full-url=\"https:\/\/pokaa.fr\/wp-content\/uploads\/2025\/11\/30\/studios-du-rhin-50.jpg\" decoding=\"async\" loading=\"lazy\"  \/>            <\/p>\n<p>                <img width=\"375\" height=\"500\" src=\"https:\/\/www.europesays.com\/fr\/wp-content\/uploads\/2025\/12\/studios-du-rhin-49-375x500.jpg\" class=\"attachment-gallery size-gallery\" alt=\"Studios du rhin (49)\" data-full-url=\"https:\/\/pokaa.fr\/wp-content\/uploads\/2025\/11\/30\/studios-du-rhin-49.jpg\" decoding=\"async\" loading=\"lazy\"  \/>            <\/p>\n<p>                <img width=\"750\" height=\"500\" src=\"https:\/\/www.europesays.com\/fr\/wp-content\/uploads\/2025\/12\/studios-du-rhin-45-750x500.jpg\" class=\"attachment-gallery size-gallery\" alt=\"Studios du rhin (45)\" data-full-url=\"https:\/\/pokaa.fr\/wp-content\/uploads\/2025\/11\/30\/studios-du-rhin-45.jpg\" decoding=\"async\" loading=\"lazy\"  \/>            <\/p>\n<p>                    \u00a9 Studios du Rhin \/ Documents remis<\/p>\n<p>Travailler dans un lieu cr\u00e9atif, stimulant et tout \u00e9quip\u00e9<\/p>\n<p>Ainsi, <strong>le lieu rassemble plusieurs structures du milieu de l\u2019audiovisuel.<\/strong> Animation 2D, 3D, production et postproduction se c\u00f4toient dans un espace qui permet de <strong>travailler sur un projet de A \u00e0 Z, avec toutes les personnes comp\u00e9tentes au m\u00eame endroit. <\/strong><\/p>\n<p><strong>Le coworking accueille aussi des professionnel(le)s de tous horizons cr\u00e9atifs,<\/strong> le tout dans un cadre lumineux. Architectes, motion designers, programmeurs\/ses travaillent par exemple d\u00e9j\u00e0 sur place, <strong>et il reste quelques spots libres si vous voulez en profiter\u00a0!<\/strong><\/p>\n<p>                <img width=\"750\" height=\"500\" src=\"https:\/\/www.europesays.com\/fr\/wp-content\/uploads\/2025\/12\/studios-du-rhin-13-750x500.jpg\" class=\"attachment-gallery size-gallery\" alt=\"Studios du rhin (13)\" data-full-url=\"https:\/\/pokaa.fr\/wp-content\/uploads\/2025\/11\/30\/studios-du-rhin-13.jpg\" decoding=\"async\" loading=\"lazy\"  \/>            <\/p>\n<p>                <img width=\"750\" height=\"500\" src=\"https:\/\/www.europesays.com\/fr\/wp-content\/uploads\/2025\/12\/studios-du-rhin-11-750x500.jpg\" class=\"attachment-gallery size-gallery\" alt=\"Studios du rhin (11)\" data-full-url=\"https:\/\/pokaa.fr\/wp-content\/uploads\/2025\/11\/30\/studios-du-rhin-11.jpg\" decoding=\"async\" loading=\"lazy\"  \/>            <\/p>\n<p>                <img width=\"750\" height=\"500\" src=\"https:\/\/www.europesays.com\/fr\/wp-content\/uploads\/2025\/12\/studios-du-rhin-9-750x500.jpg\" class=\"attachment-gallery size-gallery\" alt=\"Studios du rhin (9)\" data-full-url=\"https:\/\/pokaa.fr\/wp-content\/uploads\/2025\/11\/30\/studios-du-rhin-9.jpg\" decoding=\"async\" loading=\"lazy\"  \/>            <\/p>\n<p>                <img width=\"750\" height=\"500\" src=\"https:\/\/www.europesays.com\/fr\/wp-content\/uploads\/2025\/12\/studios-du-rhin-1-750x500.jpg\" class=\"attachment-gallery size-gallery\" alt=\"Studios du rhin (1)\" data-full-url=\"https:\/\/pokaa.fr\/wp-content\/uploads\/2025\/11\/30\/studios-du-rhin-1.jpg\" decoding=\"async\" loading=\"lazy\"  \/>            <\/p>\n<p>                <img width=\"750\" height=\"500\" src=\"https:\/\/www.europesays.com\/fr\/wp-content\/uploads\/2025\/12\/studios-du-rhin-6-750x500.jpg\" class=\"attachment-gallery size-gallery\" alt=\"Studios du rhin (6)\" data-full-url=\"https:\/\/pokaa.fr\/wp-content\/uploads\/2025\/11\/30\/studios-du-rhin-6.jpg\" decoding=\"async\" loading=\"lazy\"  \/>            <\/p>\n<p>                <img width=\"750\" height=\"500\" src=\"https:\/\/www.europesays.com\/fr\/wp-content\/uploads\/2025\/12\/studios-du-rhin-51-750x500.jpg\" class=\"attachment-gallery size-gallery\" alt=\"Studios du rhin (51)\" data-full-url=\"https:\/\/pokaa.fr\/wp-content\/uploads\/2025\/11\/30\/studios-du-rhin-51.jpg\" decoding=\"async\" loading=\"lazy\"  \/>            <\/p>\n<p>                    \u00a9 Marie Goehner-David \/ Pokaa<\/p>\n<p>    <img width=\"800\" height=\"450\" src=\"https:\/\/www.europesays.com\/fr\/wp-content\/uploads\/2025\/12\/studios-du-rhin-36-800x450.jpg\" class=\"attachment-image-size-L size-image-size-L\" alt=\"Studios du rhin (36)\" decoding=\"async\" loading=\"lazy\"  \/>         \u00a9 Marie Goehner-David \/ Pokaa <\/p>\n<p>L\u2019ambiance est aussi chaleureuse que studieuse, avec des bureaux ferm\u00e9s, une salle de r\u00e9union, une cuisine, un acc\u00e8s badge 24h\/24 s\u00e9curis\u00e9, mais aussi du mobilier ergonomique, des bureaux assis\/debout, et surtout, beaucoup de plantes.<\/p>\n<p>Luc nous explique : <strong>\u00ab Cette partie du b\u00e2timent se veut \u00eatre un v\u00e9ritable plateau innovant, dans lequel on se donne les meilleures conditions possibles pour cr\u00e9er, le tout dans la rigueur et la bonne humeur !\u00a0\u00bb<\/strong><\/p>\n<p>                <img width=\"750\" height=\"500\" src=\"https:\/\/www.europesays.com\/fr\/wp-content\/uploads\/2025\/12\/studios-du-rhin-28-750x500.jpg\" class=\"attachment-gallery size-gallery\" alt=\"Studios du rhin (28)\" data-full-url=\"https:\/\/pokaa.fr\/wp-content\/uploads\/2025\/11\/30\/studios-du-rhin-28.jpg\" decoding=\"async\" loading=\"lazy\"  \/>            <\/p>\n<p>                <img width=\"750\" height=\"500\" src=\"https:\/\/www.europesays.com\/fr\/wp-content\/uploads\/2025\/12\/studios-du-rhin-25-750x500.jpg\" class=\"attachment-gallery size-gallery\" alt=\"Studios du rhin (25)\" data-full-url=\"https:\/\/pokaa.fr\/wp-content\/uploads\/2025\/11\/30\/studios-du-rhin-25.jpg\" decoding=\"async\" loading=\"lazy\"  \/>            <\/p>\n<p>                <img width=\"750\" height=\"500\" src=\"https:\/\/www.europesays.com\/fr\/wp-content\/uploads\/2025\/12\/studios-du-rhin-20-750x500.jpg\" class=\"attachment-gallery size-gallery\" alt=\"Studios du rhin (20)\" data-full-url=\"https:\/\/pokaa.fr\/wp-content\/uploads\/2025\/11\/30\/studios-du-rhin-20.jpg\" decoding=\"async\" loading=\"lazy\"  \/>            <\/p>\n<p>                <img width=\"750\" height=\"500\" src=\"https:\/\/www.europesays.com\/fr\/wp-content\/uploads\/2025\/12\/studios-du-rhin-17-750x500.jpg\" class=\"attachment-gallery size-gallery\" alt=\"Studios du rhin (17)\" data-full-url=\"https:\/\/pokaa.fr\/wp-content\/uploads\/2025\/11\/30\/studios-du-rhin-17.jpg\" decoding=\"async\" loading=\"lazy\"  \/>            <\/p>\n<p>                <img width=\"750\" height=\"500\" src=\"https:\/\/www.europesays.com\/fr\/wp-content\/uploads\/2025\/12\/studios-du-rhin-10-750x500.jpg\" class=\"attachment-gallery size-gallery\" alt=\"Studios du rhin (10)\" data-full-url=\"https:\/\/pokaa.fr\/wp-content\/uploads\/2025\/11\/30\/studios-du-rhin-10.jpg\" decoding=\"async\" loading=\"lazy\"  \/>            <\/p>\n<p>                    \u00a9 Marie Goehner-David \/ Pokaa<\/p>\n<p>Festivals, soir\u00e9es et \u00e9v\u00e9nements en tous genres<\/p>\n<p>En plus d\u2019un espace d\u00e9di\u00e9 au travail en coworking et \u00e0 la cr\u00e9ation, les Studios du Rhin disposent aussi d\u2019une salle toute \u00e9quip\u00e9e pour l\u2019\u00e9v\u00e9nementiel, avec un espace ext\u00e9rieur pour les beaux jours. Luc poursuit : \u00ab On est dans une zone tranquille, concr\u00e8tement c\u2019est <strong>un espace de libert\u00e9 pour faire la f\u00eate comme il se doit.<\/strong><strong>\u00a0<\/strong>\u00bb Le lieu a par exemple accueilli les trois derni\u00e8res \u00e9ditions du festival de musique \u00e9lectro <strong>Merci Beaucoup<\/strong> ou encore <strong>Contre-temps<\/strong>, la cinqui\u00e8me \u00e9dition de <strong>l\u2019Expo de la Bi\u00e8re<\/strong>, mais \u00e9galement <strong>des \u00e9v\u00e9nements priv\u00e9s, ou corporate.<\/strong><\/p>\n<p>Sur le parquet ont d\u00e9fil\u00e9 des noms comme Ikea, Atlantic, Sage, E. Leclerc, Alsace Destination Tourisme, CUS Habitat, le Port Autonome de Strasbourg\u2026 <strong>La salle hyper \u00e9quip\u00e9e propose en effet une excellente acoustique, ainsi que des moyens de captation et de retransmission<\/strong> \u2013 on est dans un hub audiovisuel apr\u00e8s tout.<\/p>\n<p>                <img width=\"750\" height=\"500\" src=\"https:\/\/www.europesays.com\/fr\/wp-content\/uploads\/2025\/12\/studios-du-rhin-46-750x500.jpg\" class=\"attachment-gallery size-gallery\" alt=\"Studios du rhin (46)\" data-full-url=\"https:\/\/pokaa.fr\/wp-content\/uploads\/2025\/11\/30\/studios-du-rhin-46.jpg\" decoding=\"async\" loading=\"lazy\"  \/>            <\/p>\n<p>                <img width=\"750\" height=\"500\" src=\"https:\/\/www.europesays.com\/fr\/wp-content\/uploads\/2025\/12\/studios-du-rhin-47-750x500.jpg\" class=\"attachment-gallery size-gallery\" alt=\"Studios du rhin (47)\" data-full-url=\"https:\/\/pokaa.fr\/wp-content\/uploads\/2025\/11\/30\/studios-du-rhin-47.jpg\" decoding=\"async\" loading=\"lazy\"  \/>            <\/p>\n<p>                    \u00a9 Studios du Rhin \/ Documents remis<\/p>\n<p>Sans oublier les <strong>\u00ab shifts \u00bb, soit l\u2019afterwork audiovisuel et du cin\u00e9ma r\u00e9guli\u00e8rement organis\u00e9<\/strong>, qui rencontre un joli succ\u00e8s. On note la visite de diverses personnalit\u00e9s telles que <strong>Thibaut de Longeville<\/strong> (r\u00e9alisateur de la s\u00e9rie Arte DJ Mehdi Made in France), ou <strong>Ron Dyens<\/strong> (producteur du film oscaris\u00e9 Flow).<\/p>\n<p>Le reste du temps, le lieu se pr\u00eate aussi \u00e0 l\u2019organisation de <strong>formations<\/strong>. Pendant notre visite, on assiste <strong>\u00e0 un cours de doublage avec l\u2019organisme MERAS,<\/strong> qui propose de travailler le doublage documentaire, ainsi que le doublage labial de fiction.<\/p>\n<p>                <img width=\"888\" height=\"500\" src=\"https:\/\/www.europesays.com\/fr\/wp-content\/uploads\/2025\/12\/studios-du-rhin-39-888x500.jpg\" class=\"attachment-gallery size-gallery\" alt=\"Studios du rhin (39)\" data-full-url=\"https:\/\/pokaa.fr\/wp-content\/uploads\/2025\/11\/30\/studios-du-rhin-39.jpg\" decoding=\"async\" loading=\"lazy\"  \/>            <\/p>\n<p>                <img width=\"888\" height=\"500\" src=\"https:\/\/www.europesays.com\/fr\/wp-content\/uploads\/2025\/12\/studios-du-rhin-40-888x500.jpg\" class=\"attachment-gallery size-gallery\" alt=\"Studios du rhin (40)\" data-full-url=\"https:\/\/pokaa.fr\/wp-content\/uploads\/2025\/11\/30\/studios-du-rhin-40.jpg\" decoding=\"async\" loading=\"lazy\"  \/>            <\/p>\n<p>                <img width=\"888\" height=\"500\" src=\"https:\/\/www.europesays.com\/fr\/wp-content\/uploads\/2025\/12\/studios-du-rhin-41-888x500.jpg\" class=\"attachment-gallery size-gallery\" alt=\"Studios du rhin (41)\" data-full-url=\"https:\/\/pokaa.fr\/wp-content\/uploads\/2025\/11\/30\/studios-du-rhin-41.jpg\" decoding=\"async\" loading=\"lazy\"  \/>            <\/p>\n<p>                    \u00a9 Marie Goehner-David \/ Pokaa<\/p>\n<p>Bref : pour les cr\u00e9atifs\/ves en qu\u00eate d\u2019un lieu de travail optimal, ou pour les associations et soci\u00e9t\u00e9s qui souhaitent organiser leurs \u00e9v\u00e8nements ou des sessions de formation<strong>, les espaces des Studios du Rhin vous ouvrent grand les bras. Pour plus d\u2019infos, <a href=\"https:\/\/www.facebook.com\/StudiosDuRhin\/\" target=\"_blank\" rel=\"noopener\">c\u2019est par l\u00e0<\/a>\u00a0!<\/strong><\/p>\n<p>    <img width=\"800\" height=\"533\" src=\"https:\/\/www.europesays.com\/fr\/wp-content\/uploads\/2025\/12\/studios-du-rhin-18-800x533.jpg\" class=\"attachment-image-size-L size-image-size-L\" alt=\"Studios du rhin (18)\" decoding=\"async\" loading=\"lazy\"  \/>         \u00a9 Marie Goehner-David \/ Pokaa <\/p>\n<p>            Les Studios du Rhin<\/p>\n<p>            Quoi ?<br \/>\n            Espace \u00e9v\u00e9nementiel \/ Hub audiovisuel \/ coworking        <\/p>\n<p>            o\u00f9 ?<br \/>\n            2 rue du Rhin-Napol\u00e9on, \u00e0 Strasbourg        <\/p>\n<p>                Plus d&rsquo;infos ?<\/p>\n<p><a href=\"https:\/\/www.facebook.com\/StudiosDuRhin\/\" target=\"_blank\" rel=\"noopener\">Page Facebook des Studios du Rhin<\/a><\/p>\n<p><a href=\"https:\/\/www.instagram.com\/studiosdurhin\/?hl=fr\" target=\"_blank\" rel=\"noopener\">Page Instagram des Studios du Rhin<\/a><\/p>\n<p>    <img width=\"800\" height=\"533\" src=\"https:\/\/www.europesays.com\/fr\/wp-content\/uploads\/2025\/12\/studios-du-rhin-22-800x533.jpg\" class=\"attachment-image-size-L size-image-size-L\" alt=\"Studios du rhin (22)\" decoding=\"async\" loading=\"lazy\"  \/>         \u00a9 Marie Goehner-David \/ Pokaa <\/p>\n<p><script async src=\"\/\/www.instagram.com\/embed.js\"><\/script><\/p>\n","protected":false},"excerpt":{"rendered":"Envie de d\u00e9couvrir un espace de travail stimulant, cr\u00e9atif et nich\u00e9 dans un repaire strasbourgeois d\u00e9di\u00e9 \u00e0 l\u2019audiovisuel&hellip;\n","protected":false},"author":2,"featured_media":574411,"comment_status":"","ping_status":"","sticky":false,"template":"","format":"standard","meta":{"footnotes":""},"categories":[2820],"tags":[1111,11,21374,1777,674,1011,27,775,12,28134,25,640,23829],"class_list":{"0":"post-574410","1":"post","2":"type-post","3":"status-publish","4":"format-standard","5":"has-post-thumbnail","7":"category-strasbourg","8":"tag-actu","9":"tag-actualites","10":"tag-coworking","11":"tag-eu","12":"tag-europe","13":"tag-fr","14":"tag-france","15":"tag-grand-est","16":"tag-news","17":"tag-port-du-rhin","18":"tag-republique-francaise","19":"tag-strasbourg","20":"tag-studios-du-rhin"},"share_on_mastodon":{"url":"https:\/\/pubeurope.com\/@fr\/115653281400708792","error":""},"_links":{"self":[{"href":"https:\/\/www.europesays.com\/fr\/wp-json\/wp\/v2\/posts\/574410","targetHints":{"allow":["GET"]}}],"collection":[{"href":"https:\/\/www.europesays.com\/fr\/wp-json\/wp\/v2\/posts"}],"about":[{"href":"https:\/\/www.europesays.com\/fr\/wp-json\/wp\/v2\/types\/post"}],"author":[{"embeddable":true,"href":"https:\/\/www.europesays.com\/fr\/wp-json\/wp\/v2\/users\/2"}],"replies":[{"embeddable":true,"href":"https:\/\/www.europesays.com\/fr\/wp-json\/wp\/v2\/comments?post=574410"}],"version-history":[{"count":0,"href":"https:\/\/www.europesays.com\/fr\/wp-json\/wp\/v2\/posts\/574410\/revisions"}],"wp:featuredmedia":[{"embeddable":true,"href":"https:\/\/www.europesays.com\/fr\/wp-json\/wp\/v2\/media\/574411"}],"wp:attachment":[{"href":"https:\/\/www.europesays.com\/fr\/wp-json\/wp\/v2\/media?parent=574410"}],"wp:term":[{"taxonomy":"category","embeddable":true,"href":"https:\/\/www.europesays.com\/fr\/wp-json\/wp\/v2\/categories?post=574410"},{"taxonomy":"post_tag","embeddable":true,"href":"https:\/\/www.europesays.com\/fr\/wp-json\/wp\/v2\/tags?post=574410"}],"curies":[{"name":"wp","href":"https:\/\/api.w.org\/{rel}","templated":true}]}}