{"id":574412,"date":"2025-12-03T02:30:01","date_gmt":"2025-12-03T02:30:01","guid":{"rendered":"https:\/\/www.europesays.com\/fr\/574412\/"},"modified":"2025-12-03T02:30:01","modified_gmt":"2025-12-03T02:30:01","slug":"retour-en-photos-sur-les-rockeurs-ont-du-coeur-strasbourg","status":"publish","type":"post","link":"https:\/\/www.europesays.com\/fr\/574412\/","title":{"rendered":"retour en photos sur les \u00ab Rockeurs ont du c\u0153ur Strasbourg \u00bb"},"content":{"rendered":"<p><strong>Ce jeudi 27 novembre, la P\u00e9niche M\u00e9canique accueillait la toute premi\u00e8re \u00e9dition des \u00ab Rockeurs ont du c\u0153ur \u00bb \u00e0 Strasbourg. <\/strong><strong>Une soir\u00e9e caritative coordonn\u00e9e par le CRMA de Haguenau et sous un format assez exceptionnel puisque trois groupes locaux ont jou\u00e9 b\u00e9n\u00e9volement pour la bonne cause : Caesaria, Burning Birds et Mad Kitten. Une centaine de jouets ont \u00e9t\u00e9 r\u00e9colt\u00e9s et seront distribu\u00e9s par l\u2019association Les Petites Roues, qui accompagne des familles en situation d\u2019extr\u00eame pr\u00e9carit\u00e9. <\/strong><strong>On \u00e9tait sur place et on en a pas loup\u00e9 une note !\u00a0<\/strong><\/p>\n","protected":false},"excerpt":{"rendered":"Ce jeudi 27 novembre, la P\u00e9niche M\u00e9canique accueillait la toute premi\u00e8re \u00e9dition des \u00ab Rockeurs ont du c\u0153ur&hellip;\n","protected":false},"author":2,"featured_media":574413,"comment_status":"","ping_status":"","sticky":false,"template":"","format":"standard","meta":{"footnotes":""},"categories":[2820],"tags":[1111,11,4077,20166,1697,1777,674,1011,27,775,66215,66216,12,25,3400,640],"class_list":{"0":"post-574412","1":"post","2":"type-post","3":"status-publish","4":"format-standard","5":"has-post-thumbnail","7":"category-strasbourg","8":"tag-actu","9":"tag-actualites","10":"tag-association","11":"tag-caritatif","12":"tag-concert","13":"tag-eu","14":"tag-europe","15":"tag-fr","16":"tag-france","17":"tag-grand-est","18":"tag-les-petites-roues","19":"tag-les-rockeurs-ont-du-coeur","20":"tag-news","21":"tag-republique-francaise","22":"tag-solidarite","23":"tag-strasbourg"},"share_on_mastodon":{"url":"https:\/\/pubeurope.com\/@fr\/115653288631499957","error":""},"_links":{"self":[{"href":"https:\/\/www.europesays.com\/fr\/wp-json\/wp\/v2\/posts\/574412","targetHints":{"allow":["GET"]}}],"collection":[{"href":"https:\/\/www.europesays.com\/fr\/wp-json\/wp\/v2\/posts"}],"about":[{"href":"https:\/\/www.europesays.com\/fr\/wp-json\/wp\/v2\/types\/post"}],"author":[{"embeddable":true,"href":"https:\/\/www.europesays.com\/fr\/wp-json\/wp\/v2\/users\/2"}],"replies":[{"embeddable":true,"href":"https:\/\/www.europesays.com\/fr\/wp-json\/wp\/v2\/comments?post=574412"}],"version-history":[{"count":0,"href":"https:\/\/www.europesays.com\/fr\/wp-json\/wp\/v2\/posts\/574412\/revisions"}],"wp:featuredmedia":[{"embeddable":true,"href":"https:\/\/www.europesays.com\/fr\/wp-json\/wp\/v2\/media\/574413"}],"wp:attachment":[{"href":"https:\/\/www.europesays.com\/fr\/wp-json\/wp\/v2\/media?parent=574412"}],"wp:term":[{"taxonomy":"category","embeddable":true,"href":"https:\/\/www.europesays.com\/fr\/wp-json\/wp\/v2\/categories?post=574412"},{"taxonomy":"post_tag","embeddable":true,"href":"https:\/\/www.europesays.com\/fr\/wp-json\/wp\/v2\/tags?post=574412"}],"curies":[{"name":"wp","href":"https:\/\/api.w.org\/{rel}","templated":true}]}}