{"id":574416,"date":"2025-12-03T02:33:23","date_gmt":"2025-12-03T02:33:23","guid":{"rendered":"https:\/\/www.europesays.com\/fr\/574416\/"},"modified":"2025-12-03T02:33:23","modified_gmt":"2025-12-03T02:33:23","slug":"info-nice-matin-lentraineur-franck-haise-est-proche-dun-accord-avec-ses-dirigeants-pour-quitter-logc-nice-son-depart-pourrait-etre-acte-ce-mercredi-03-decembre","status":"publish","type":"post","link":"https:\/\/www.europesays.com\/fr\/574416\/","title":{"rendered":"INFO Nice-Matin. L\u2019entra\u00eeneur Franck Haise est proche d\u2019un accord avec ses dirigeants pour quitter l\u2019OGC Nice. Son d\u00e9part pourrait \u00eatre act\u00e9 ce mercredi 03\u00a0d\u00e9cembre"},"content":{"rendered":"<p class=\"fs-5 \">Arriv\u00e9 \u00e0 Nice \u00e0 l\u2019\u00e9t\u00e9 2024, Franck Haise devrait <strong>annoncer \u00e0 ses joueurs<\/strong>, ce mercredi 03\u00a0d\u00e9cembre au matin, qu\u2019il quitte l\u2019OGC Nice.<\/p>\n<p class=\"fs-5 \">Cela fait un petit moment d\u00e9j\u00e0 que<strong> l\u2019entra\u00eeneur ni\u00e7ois songeait \u00e0 s\u2019en aller.<\/strong><\/p>\n<p class=\"fs-5 \">Apr\u00e8s les lourds revers contre l\u2019OM (1-5) puis Porto (3-0), Franck Haise avait r\u00e9v\u00e9l\u00e9 avoir propos\u00e9 \u00e0 <strong>son pr\u00e9sident Fabrice Bocquet, avec qui il ne s\u2019entend plus<\/strong>, d\u2019\u00eatre l\u2019\u00e9lectrochoc pour se sortir de la crise de r\u00e9sultats dans laquelle \u00e9tait plong\u00e9 le club (6 d\u00e9faites cons\u00e9cutives).<\/p>\n<p>            <img src=\"https:\/\/www.europesays.com\/fr\/wp-content\/uploads\/2025\/12\/c51af4d_ftp-1-rw55ubqf0rbv-rf25120201.jpg\"   loading=\"lazy\" decoding=\"async\" alt=\"\u00a9Maxime Bacqui\u00e9\/Radio France\/Maxppp - Maxime Bacqui\u00e9 \/ Radio France \/ Maxppp,  Nice 30\/11\/2025&#10;Apr\u00e8s une nouvelle d\u00e9faite \u00e0 Lorient (3-1) dimanche soir, environ 400 supporters de l'OGC Nice attendaient le bus du club au centre d'entrainement vers 23h pour interpeller les joueurs, r\u00e9clamer la d\u00e9mission de Florian Maurice et acclamer Franck Haise. R\u00e9cit d'une descente devenue in\u00e9vitable.\" class=\"img-fluid position-absolute w-100 object-fit-cover rounded-2\" width=\"600\" height=\"400\"\/><\/p>\n<p>                                                                                Un accord financier en discussion<\/p>\n<p class=\"fs-5 \"><strong>Sa proposition d\u2019\u00eatre limog\u00e9<\/strong>, alors que son contrat a \u00e9t\u00e9 prolong\u00e9 cet \u00e9t\u00e9 jusqu\u2019en 2029, n\u2019avait logiquement pas \u00e9t\u00e9 retenue par l\u2019\u00e9tat-major ni\u00e7ois.<\/p>\n<p class=\"fs-5 \">Les d\u00e9bordements de dimanche, apr\u00e8s le revers \u00e0 Lorient, lors de <strong>la descente de 400 supporters au centre d\u2019entra\u00eenement<\/strong>, qui ont conduit aux<strong> plaintes d\u00e9pos\u00e9es par Terem Moffi et J\u00e9r\u00e9mie Boga<\/strong> pour des coups re\u00e7us et sur lesquels la justice devra faire toute la lumi\u00e8re, ont visiblement chang\u00e9 la donne.<\/p>\n<p class=\"fs-5 \">Franck Haise a fait part de sa volont\u00e9 de quitter le club et ses dirigeants ont cette fois accept\u00e9. <strong>Un accord financier<\/strong> devrait, selon nos informations, rapidement \u00eatre trouv\u00e9.<\/p>\n<p class=\"fs-5 \">L<strong>e directeur du centre de formation Julien Sabl\u00e9 pourrait \u00eatre une solution pour assurer l\u2019int\u00e9rim<\/strong> sur le banc contre Angers dimanche, dans un match qui sera tr\u00e8s important pour ramener de la s\u00e9r\u00e9nit\u00e9 au sein du club.<\/p>\n<p class=\"fs-5 \">Lors de sa premi\u00e8re saison, Franck Haise avait conduit l\u2019OGC Nice \u00e0 une tr\u00e8s belle quatri\u00e8me place.<\/p>\n<p class=\"fs-5 \">Son deuxi\u00e8me chapitre ni\u00e7ois est bien plus compliqu\u00e9 avec une <strong>dixi\u00e8me place en Ligue 1<\/strong>\u00a0et un z\u00e9ro point\u00e9 en Ligue Europa.<\/p>\n","protected":false},"excerpt":{"rendered":"Arriv\u00e9 \u00e0 Nice \u00e0 l\u2019\u00e9t\u00e9 2024, Franck Haise devrait annoncer \u00e0 ses joueurs, ce mercredi 03\u00a0d\u00e9cembre au matin,&hellip;\n","protected":false},"author":2,"featured_media":574417,"comment_status":"","ping_status":"","sticky":false,"template":"","format":"standard","meta":{"footnotes":""},"categories":[2819],"tags":[1111,11,1777,674,1011,27,12,2401,54521,882,25],"class_list":{"0":"post-574416","1":"post","2":"type-post","3":"status-publish","4":"format-standard","5":"has-post-thumbnail","7":"category-nice","8":"tag-actu","9":"tag-actualites","10":"tag-eu","11":"tag-europe","12":"tag-fr","13":"tag-france","14":"tag-news","15":"tag-nice","16":"tag-ogcnice","17":"tag-provence-alpes-cote-dazur","18":"tag-republique-francaise"},"share_on_mastodon":{"url":"https:\/\/pubeurope.com\/@fr\/115653300748288938","error":""},"_links":{"self":[{"href":"https:\/\/www.europesays.com\/fr\/wp-json\/wp\/v2\/posts\/574416","targetHints":{"allow":["GET"]}}],"collection":[{"href":"https:\/\/www.europesays.com\/fr\/wp-json\/wp\/v2\/posts"}],"about":[{"href":"https:\/\/www.europesays.com\/fr\/wp-json\/wp\/v2\/types\/post"}],"author":[{"embeddable":true,"href":"https:\/\/www.europesays.com\/fr\/wp-json\/wp\/v2\/users\/2"}],"replies":[{"embeddable":true,"href":"https:\/\/www.europesays.com\/fr\/wp-json\/wp\/v2\/comments?post=574416"}],"version-history":[{"count":0,"href":"https:\/\/www.europesays.com\/fr\/wp-json\/wp\/v2\/posts\/574416\/revisions"}],"wp:featuredmedia":[{"embeddable":true,"href":"https:\/\/www.europesays.com\/fr\/wp-json\/wp\/v2\/media\/574417"}],"wp:attachment":[{"href":"https:\/\/www.europesays.com\/fr\/wp-json\/wp\/v2\/media?parent=574416"}],"wp:term":[{"taxonomy":"category","embeddable":true,"href":"https:\/\/www.europesays.com\/fr\/wp-json\/wp\/v2\/categories?post=574416"},{"taxonomy":"post_tag","embeddable":true,"href":"https:\/\/www.europesays.com\/fr\/wp-json\/wp\/v2\/tags?post=574416"}],"curies":[{"name":"wp","href":"https:\/\/api.w.org\/{rel}","templated":true}]}}