{"id":574418,"date":"2025-12-03T02:34:30","date_gmt":"2025-12-03T02:34:30","guid":{"rendered":"https:\/\/www.europesays.com\/fr\/574418\/"},"modified":"2025-12-03T02:34:30","modified_gmt":"2025-12-03T02:34:30","slug":"centre-de-retention-administrative-a-nantes-une-consultation-publique-sur-le-projet","status":"publish","type":"post","link":"https:\/\/www.europesays.com\/fr\/574418\/","title":{"rendered":"Centre de r\u00e9tention administrative \u00e0 Nantes\u00a0: une consultation publique sur le projet"},"content":{"rendered":"<p>La consultation est ouverte depuis le 1er d\u00e9cembre 2025. Jusqu\u2019au 5 janvier 2026, 17 heures, tout le monde peut venir prendre connaissance du dossier. La pr\u00e9fecture de Loire-Atlantique a ouvert une consultation publique en vue de la qualification du projet de Centre de r\u00e9tention administration de Nantes en projet d\u2019int\u00e9r\u00eat g\u00e9n\u00e9ral.<\/p>\n<p>Il sera possible de le consulter aux jours et heures d\u2019ouverture de la pr\u00e9fecture de la Loire-Atlantique, \u00e0 Nantes. Cela se fait uniquement sur rendez-vous par courriel (pref-dup-foncier@loire-atlantique.gouv.fr). Le dossier est aussi disponible en ligne via le registre d\u00e9mat\u00e9rialis\u00e9 (www.registre-dematerialise.fr\/6897). Le public peut consigner ses observations et propositions, pr\u00e9cisent les services de l\u2019\u00c9tat.<\/p>\n<p><a href=\"https:\/\/rennes.maville.com\/actu\/actudet_-l-installation-du-local-de-retention-administrative-au-commissariat-central-de-nantes-repoussee-_8-7014622_actu.Htm\" target=\"_blank\" rel=\"noopener\"> <strong>LIRE AUSSI.<\/strong> L\u2019installation du local de r\u00e9tention administrative au commissariat central de Nantes repouss\u00e9e<\/a><\/p>\n<p>Mobilisation \u00ab massive \u00bb<\/p>\n<p>Cette consultation ne r\u00e9pond pas \u00e0 une exigence d\u00e9mocratique r\u00e9elle de l\u2019\u00c9tat, mais \u00e0 une \u00e9tape n\u00e9cessaire pour mener \u00e0 bien son projet de construction, tranche le collectif Col\u00e8re Nantes &#8211; CRA ni ici ni ailleurs.<\/p>\n<p>Selon le collectif, l\u2019implantation du projet sur le Champ-de-Man\u0153uvre affectera des zones humides de t\u00eate de bassin-versant. La destruction et la compensation de telles zones naturelles prot\u00e9g\u00e9es ne sont possibles que si le projet est qualifi\u00e9 d\u2019int\u00e9r\u00eat g\u00e9n\u00e9ral.<\/p>\n<p>Les opposants au projet veulent faire entendre une autre voix sur l\u2019enfermement des personnes \u00e9trang\u00e8res. M\u00eame si rien n\u2019oblige la pr\u00e9fecture \u00e0 suivre les observations, ils appellent \u00e0 y participer le plus massivement possible.<\/p>\n<p>\u00a0<\/p>\n","protected":false},"excerpt":{"rendered":"La consultation est ouverte depuis le 1er d\u00e9cembre 2025. Jusqu\u2019au 5 janvier 2026, 17 heures, tout le monde&hellip;\n","protected":false},"author":2,"featured_media":574419,"comment_status":"","ping_status":"","sticky":false,"template":"","format":"standard","meta":{"footnotes":""},"categories":[2818],"tags":[1111,11,6639,3335,10064,1777,674,1011,27,766,12,2636,1095,12299,25,6638],"class_list":{"0":"post-574418","1":"post","2":"type-post","3":"status-publish","4":"format-standard","5":"has-post-thumbnail","7":"category-nantes","8":"tag-actu","9":"tag-actualites","10":"tag-administrative","11":"tag-centre","12":"tag-consultation","13":"tag-eu","14":"tag-europe","15":"tag-fr","16":"tag-france","17":"tag-nantes","18":"tag-news","19":"tag-pays-de-la-loire","20":"tag-projet","21":"tag-publique","22":"tag-republique-francaise","23":"tag-retention"},"share_on_mastodon":{"url":"https:\/\/pubeurope.com\/@fr\/115653303558568813","error":""},"_links":{"self":[{"href":"https:\/\/www.europesays.com\/fr\/wp-json\/wp\/v2\/posts\/574418","targetHints":{"allow":["GET"]}}],"collection":[{"href":"https:\/\/www.europesays.com\/fr\/wp-json\/wp\/v2\/posts"}],"about":[{"href":"https:\/\/www.europesays.com\/fr\/wp-json\/wp\/v2\/types\/post"}],"author":[{"embeddable":true,"href":"https:\/\/www.europesays.com\/fr\/wp-json\/wp\/v2\/users\/2"}],"replies":[{"embeddable":true,"href":"https:\/\/www.europesays.com\/fr\/wp-json\/wp\/v2\/comments?post=574418"}],"version-history":[{"count":0,"href":"https:\/\/www.europesays.com\/fr\/wp-json\/wp\/v2\/posts\/574418\/revisions"}],"wp:featuredmedia":[{"embeddable":true,"href":"https:\/\/www.europesays.com\/fr\/wp-json\/wp\/v2\/media\/574419"}],"wp:attachment":[{"href":"https:\/\/www.europesays.com\/fr\/wp-json\/wp\/v2\/media?parent=574418"}],"wp:term":[{"taxonomy":"category","embeddable":true,"href":"https:\/\/www.europesays.com\/fr\/wp-json\/wp\/v2\/categories?post=574418"},{"taxonomy":"post_tag","embeddable":true,"href":"https:\/\/www.europesays.com\/fr\/wp-json\/wp\/v2\/tags?post=574418"}],"curies":[{"name":"wp","href":"https:\/\/api.w.org\/{rel}","templated":true}]}}