{"id":574420,"date":"2025-12-03T02:36:20","date_gmt":"2025-12-03T02:36:20","guid":{"rendered":"https:\/\/www.europesays.com\/fr\/574420\/"},"modified":"2025-12-03T02:36:20","modified_gmt":"2025-12-03T02:36:20","slug":"un-mercato-de-folie-pour-eviter-la-ligue-2-nantes-est-bouillant","status":"publish","type":"post","link":"https:\/\/www.europesays.com\/fr\/574420\/","title":{"rendered":"Un mercato de folie pour \u00e9viter la Ligue 2, Nantes est bouillant"},"content":{"rendered":"<p><b>16e de Ligue 2 apr\u00e8s sa lourde d\u00e9faite 0-3 \u00e0 Lyon dimanche soir, Nantes vit une saison cauchemardesque. Les Canaris attendent le mercato hivernal avec impatience, car ils seront actifs.<\/b><\/p>\n<p>Avec deux petites victoires en l\u2019espace de 14 journ\u00e9es, on ne peut pas dire que Luis Castro ait r\u00e9ussi ses d\u00e9buts sur le banc du FC Nantes. La situation est difficile pour l\u2019ancien entra\u00eeneur de Dunkerque, arriv\u00e9 en Loire-Atlantique cet \u00e9t\u00e9. <a href=\"https:\/\/www.foot01.com\/nantes\/nantes-kita-attend-noel-pour-virer-luis-castro\" target=\"_self\" rel=\"noopener\">Pas officiellement menac\u00e9 pour l\u2019instant<\/a>, le coach portugais sera sur le banc pour les deux derniers matchs de 2025 en <a href=\"https:\/\/www.foot01.com\/ligue1\" title=\"Ligue 1\" target=\"_blank\" rel=\"noopener\">Ligue 1<\/a>, contre Lens puis \u00e0 Angers. Un point sur son avenir sera fait \u00e0 No\u00ebl, comme indiqu\u00e9 par L\u2019Equipe ces derniers jours.<\/p>\n<p>Le quotidien national nous apprend par ailleurs que le mercato de janvier sera celui de tous les changements au FC Nantes. En effet, conscient des limites de l\u2019effectif et du danger que repr\u00e9sente une rel\u00e9gation en Ligue 2 \u00e0 la fin de la saison, Waldemar Kita souhaite profiter de la fen\u00eatre du mercato hivernal pour renforcer son effectif, indique L\u2019Equipe. \u00ab\u00a0Cela devrait concerner chaque ligne, en particulier le milieu, car il manque sans doute un profil box-to-box, et les joueurs offensifs manquent clairement de soutien. Ainsi que l&rsquo;attaque, la 17e de L1, seulement, avec aucun joueur \u00e0 plus de deux buts\u00a0\u00bb pr\u00e9cise le quotidien national, pour qui des recrues devraient donc arriver dans toutes les lignes.<\/p>\n<p>Nantes sera tr\u00e8s actif au mercato cet hiver<\/p>\n<p>Dans le sens des d\u00e9bats, Hong, Camara et Ladho pourraient eux faire leurs valises. Autant dire que le mois de janvier sera tr\u00e8s anim\u00e9 \u00e0 Nantes pour rattraper un mercato estival globalement rat\u00e9, bien que tr\u00e8s r\u00e9mun\u00e9rateur gr\u00e2ce notamment aux d\u00e9parts de Z\u00e9z\u00e9 en Arabie Saoudite et de Simon au Paris FC. Reste maintenant \u00e0 voir quel type de joueur Nantes arrivera \u00e0 recruter en pleine saison et si Luis Castro sera toujours aux commandes apr\u00e8s No\u00ebl. Cela d\u00e9pend en partie des r\u00e9sultats que l\u2019entra\u00eeneur de 45 ans parviendra \u00e0 d\u00e9crocher contre Lens et Angers lors des deux derniers matchs de l\u2019ann\u00e9e civile 2025.<\/p>\n","protected":false},"excerpt":{"rendered":"16e de Ligue 2 apr\u00e8s sa lourde d\u00e9faite 0-3 \u00e0 Lyon dimanche soir, Nantes vit une saison cauchemardesque.&hellip;\n","protected":false},"author":2,"featured_media":574421,"comment_status":"","ping_status":"","sticky":false,"template":"","format":"standard","meta":{"footnotes":""},"categories":[2818],"tags":[1111,11,1777,674,462,1011,27,66,766,12,2636,25],"class_list":{"0":"post-574420","1":"post","2":"type-post","3":"status-publish","4":"format-standard","5":"has-post-thumbnail","7":"category-nantes","8":"tag-actu","9":"tag-actualites","10":"tag-eu","11":"tag-europe","12":"tag-fc-nantes","13":"tag-fr","14":"tag-france","15":"tag-ligue-1","16":"tag-nantes","17":"tag-news","18":"tag-pays-de-la-loire","19":"tag-republique-francaise"},"share_on_mastodon":{"url":"https:\/\/pubeurope.com\/@fr\/115653311420040410","error":""},"_links":{"self":[{"href":"https:\/\/www.europesays.com\/fr\/wp-json\/wp\/v2\/posts\/574420","targetHints":{"allow":["GET"]}}],"collection":[{"href":"https:\/\/www.europesays.com\/fr\/wp-json\/wp\/v2\/posts"}],"about":[{"href":"https:\/\/www.europesays.com\/fr\/wp-json\/wp\/v2\/types\/post"}],"author":[{"embeddable":true,"href":"https:\/\/www.europesays.com\/fr\/wp-json\/wp\/v2\/users\/2"}],"replies":[{"embeddable":true,"href":"https:\/\/www.europesays.com\/fr\/wp-json\/wp\/v2\/comments?post=574420"}],"version-history":[{"count":0,"href":"https:\/\/www.europesays.com\/fr\/wp-json\/wp\/v2\/posts\/574420\/revisions"}],"wp:featuredmedia":[{"embeddable":true,"href":"https:\/\/www.europesays.com\/fr\/wp-json\/wp\/v2\/media\/574421"}],"wp:attachment":[{"href":"https:\/\/www.europesays.com\/fr\/wp-json\/wp\/v2\/media?parent=574420"}],"wp:term":[{"taxonomy":"category","embeddable":true,"href":"https:\/\/www.europesays.com\/fr\/wp-json\/wp\/v2\/categories?post=574420"},{"taxonomy":"post_tag","embeddable":true,"href":"https:\/\/www.europesays.com\/fr\/wp-json\/wp\/v2\/tags?post=574420"}],"curies":[{"name":"wp","href":"https:\/\/api.w.org\/{rel}","templated":true}]}}