{"id":574422,"date":"2025-12-03T02:38:33","date_gmt":"2025-12-03T02:38:33","guid":{"rendered":"https:\/\/www.europesays.com\/fr\/574422\/"},"modified":"2025-12-03T02:38:33","modified_gmt":"2025-12-03T02:38:33","slug":"leconomie-du-3e-trimestre-marque-une-fragilite-persistante","status":"publish","type":"post","link":"https:\/\/www.europesays.com\/fr\/574422\/","title":{"rendered":"L&rsquo;\u00e9conomie du 3e trimestre marque une fragilit\u00e9 persistante"},"content":{"rendered":"<p>\n\t\t\t\t\t\t\t\t\tLes chiffres de l&rsquo;\u00e9conomie sur la m\u00e9tropole bordelaise notent une situation contrast\u00e9e. Illustration : Plac\u00e9co avec IA\n\t\t\t\t\t\t\t\t<\/p>\n<p>Les chiffres du barom\u00e8tre de l&rsquo;\u00e9conomie de Bordeaux M\u00e9tropole montrent en cette fin d&rsquo;ann\u00e9e plusieurs axes de r\u00e9silience, malgr\u00e9 une fragilit\u00e9 persistante dans plusieurs secteurs. Chiffres et tendances cl\u00e9s.<\/p>\n<p>Le barom\u00e8tre \u00e9conomique de Bordeaux M\u00e9tropole du troisi\u00e8me trimestre (T3) 2025 note que  l&rsquo;\u00e9conomie m\u00e9tropolitaine est r\u00e9siliente, capable de retrouver des points d\u2019appui malgr\u00e9 un ralentissement conjoncturel. Cette r\u00e9silience est notamment soutenue par l\u2019activit\u00e9 saisonni\u00e8re et le dynamisme de l\u2019int\u00e9rim, qui enregistre une hausse marqu\u00e9e de 5,5% sur ce dernier trimestre, \u00e0 l&rsquo;image des pr\u00e9c\u00e9dents. N\u00e9anmoins, des fragilit\u00e9s persistent, particuli\u00e8rement dans les secteurs de l\u2019industrie et du b\u00e2timent, tandis que le ralentissement des offres d\u2019emploi dans plusieurs domaines invite \u00e0 maintenir une vigilance particuli\u00e8re.  <\/p>\n<p>Dynamiques sectorielles et sant\u00e9 du tertiaire<\/p>\n<p>L&rsquo;analyse des grands secteurs d\u2019activit\u00e9 au T3 2025 r\u00e9v\u00e8le des trajectoires tr\u00e8s contrast\u00e9es. Le secteur des services (hors commerce et h\u00f4tellerie-restauration) confirme sa robustesse en tant que pilier de l\u2019\u00e9conomie m\u00e9tropolitaine, avec une progression de l\u2019emploi salari\u00e9 de 0,6% et un solde de cr\u00e9ations d\u2019entreprises largement positif. Cependant, ce secteur enregistre une baisse tr\u00e8s significative des offres d&#8217;emploi (-54%). Le secteur de l\u2019h\u00f4tellerie-restauration conna\u00eet une nette reprise, port\u00e9e par la saison estivale, avec une croissance de l\u2019emploi salari\u00e9 de 3,1% et un solde entrepreneurial exc\u00e9dentaire d\u00fb \u00e0 une forte baisse des fermetures (-50%). Le commerce b\u00e9n\u00e9ficie d\u2019une dynamique plus favorable (+1,4% d\u2019emploi salari\u00e9), bien que la confiance des dirigeants du secteur des services pour la conjoncture nationale reste faible (autour de 16%).<\/p>\n<p><img decoding=\"async\" src=\"https:\/\/www.europesays.com\/fr\/wp-content\/uploads\/2025\/12\/mini.png\" style=\"width: 100%;\"\/><\/p>\n<p>\u00c0 l\u2019oppos\u00e9, l\u2019industrie et le b\u00e2timent et travaux publics (BTP) restent fragiles. Dans l\u2019industrie, l\u2019emploi salari\u00e9 recule de 0,7%, les offres d\u2019emploi chutent de 16% et les cr\u00e9ations d\u2019entreprises diminuent de 27%. Le moral des dirigeants industriels est faible (12% de confiance nationale). Le BTP affiche \u00e9galement un recul de l\u2019emploi salari\u00e9 (-0,5%) et une chute des cr\u00e9ations d&rsquo;entreprises (-32%), avec une confiance nationale parmi les plus basses (11%).<\/p>\n<p>Investissements, implantations et immobilier d\u2019entreprise<\/p>\n<p>Le T3 2025 se caract\u00e9rise par un ralentissement des annonces d\u2019implantations exog\u00e8nes par rapport aux trimestres pr\u00e9c\u00e9dents, mais il est marqu\u00e9 par des annonces structurantes. Huit d\u00e9cisions d\u2019implantations ont \u00e9t\u00e9 enregistr\u00e9es, repr\u00e9sentant 160 emplois annonc\u00e9s \u00e0 trois ans, incluant des entreprises comme Olva M\u00e9dical (sant\u00e9), Alth\u00e9a Group (conseil \/ ing\u00e9nierie) et Ariovis (num\u00e9rique \/ t\u00e9l\u00e9coms). Les investissements priv\u00e9s atteignent 80 millions d\u2019euros au cours du trimestre, dont 5 millions d&rsquo;euros provenant de lev\u00e9es de fonds de startups. Ces initiatives soutiennent notamment l\u2019\u00e9conomie verte, comme Dionymer, qui pr\u00e9voit <a href=\"https:\/\/placeco.fr\/gironde\/strategie\/article\/bioplastique-dionymer-en-ordre-de-bataille-pour-preparer-la-phase-industrielle-8980\" target=\"_blank\" rel=\"noopener\">un plan de recrutement massif<\/a> visant 30 salari\u00e9s en 2026 pour la construction d&rsquo;une usine de biopolym\u00e8res. De m\u00eame, Seaturns a finalis\u00e9 une lev\u00e9e de fonds de 2,45 millions d&rsquo;euros pour <a href=\"https:\/\/www.placeco.fr\/nouvelle-aquitaine\/strategie\/article\/seaturns-cap-sur-lenergie-grandeur-nature-8847\" target=\"_blank\" rel=\"noopener\">le d\u00e9ploiement d\u2019un prototype<\/a> de syst\u00e8me houlomoteur d\u2019ici la fin de l\u2019\u00e9t\u00e9 2025. Un programme pluriannuel du CHU de Bordeaux constitue une avanc\u00e9e majeure dans les investissements publics, repr\u00e9sentant 1,8 milliard d\u2019euros jusqu\u2019en 2037, dont 600 millions d&rsquo;euros seront concentr\u00e9s sur l&rsquo;h\u00f4pital Pellegrin.  <\/p>\n<p>Le march\u00e9 immobilier d\u2019entreprise reste soutenu. La demande plac\u00e9e (transactions) en bureaux atteint 90.500m\u00b2, soit une augmentation de 1% sur un an. L\u2019offre disponible \u00e0 un an est significative (278.500m\u00b2 pour les bureaux, 115.500m\u00b2 pour les entrep\u00f4ts, et 279.500m\u00b2 pour les locaux d\u2019activit\u00e9s). Les valeurs locatives se maintiennent, avec un loyer \u00ab\u00a0prime\u00a0\u00bb pour les bureaux atteignant 320 \u20ac\/m\u00b2\/an \u00e0 Bordeaux et un loyer moyen dans le neuf de 246 \u20ac\/m\u00b2\/an. Pour les entrep\u00f4ts neufs, les valeurs varient entre 56 et 97 \u20ac\/m\u00b2\/an  <\/p>\n<p>\u261e Le barom\u00e8tre \u00e9conomique de Bordeaux M\u00e9tropole est \u00e9labor\u00e9 en partenariat avec Invest in Bordeaux, la CCI Bordeaux Gironde, France Travail, l\u2019A\u2019urba, l\u2019URSSAF.  <\/p>\n","protected":false},"excerpt":{"rendered":"Les chiffres de l&rsquo;\u00e9conomie sur la m\u00e9tropole bordelaise notent une situation contrast\u00e9e. Illustration : Plac\u00e9co avec IA Les&hellip;\n","protected":false},"author":2,"featured_media":574423,"comment_status":"","ping_status":"","sticky":false,"template":"","format":"standard","meta":{"footnotes":""},"categories":[2817],"tags":[1111,11,1997,1777,674,1011,27,12,2219,5645,25],"class_list":{"0":"post-574422","1":"post","2":"type-post","3":"status-publish","4":"format-standard","5":"has-post-thumbnail","7":"category-bordeaux","8":"tag-actu","9":"tag-actualites","10":"tag-bordeaux","11":"tag-eu","12":"tag-europe","13":"tag-fr","14":"tag-france","15":"tag-news","16":"tag-nouvelle-aquitaine","17":"tag-placco-placeco","18":"tag-republique-francaise"},"share_on_mastodon":{"url":"https:\/\/pubeurope.com\/@fr\/115653319232734307","error":""},"_links":{"self":[{"href":"https:\/\/www.europesays.com\/fr\/wp-json\/wp\/v2\/posts\/574422","targetHints":{"allow":["GET"]}}],"collection":[{"href":"https:\/\/www.europesays.com\/fr\/wp-json\/wp\/v2\/posts"}],"about":[{"href":"https:\/\/www.europesays.com\/fr\/wp-json\/wp\/v2\/types\/post"}],"author":[{"embeddable":true,"href":"https:\/\/www.europesays.com\/fr\/wp-json\/wp\/v2\/users\/2"}],"replies":[{"embeddable":true,"href":"https:\/\/www.europesays.com\/fr\/wp-json\/wp\/v2\/comments?post=574422"}],"version-history":[{"count":0,"href":"https:\/\/www.europesays.com\/fr\/wp-json\/wp\/v2\/posts\/574422\/revisions"}],"wp:featuredmedia":[{"embeddable":true,"href":"https:\/\/www.europesays.com\/fr\/wp-json\/wp\/v2\/media\/574423"}],"wp:attachment":[{"href":"https:\/\/www.europesays.com\/fr\/wp-json\/wp\/v2\/media?parent=574422"}],"wp:term":[{"taxonomy":"category","embeddable":true,"href":"https:\/\/www.europesays.com\/fr\/wp-json\/wp\/v2\/categories?post=574422"},{"taxonomy":"post_tag","embeddable":true,"href":"https:\/\/www.europesays.com\/fr\/wp-json\/wp\/v2\/tags?post=574422"}],"curies":[{"name":"wp","href":"https:\/\/api.w.org\/{rel}","templated":true}]}}