{"id":574424,"date":"2025-12-03T02:42:18","date_gmt":"2025-12-03T02:42:18","guid":{"rendered":"https:\/\/www.europesays.com\/fr\/574424\/"},"modified":"2025-12-03T02:42:18","modified_gmt":"2025-12-03T02:42:18","slug":"agenda-le-prochain-csa-de-lacademie-de-bordeaux-2","status":"publish","type":"post","link":"https:\/\/www.europesays.com\/fr\/574424\/","title":{"rendered":"[Agenda] le prochain CSA de l&rsquo;acad\u00e9mie de Bordeaux"},"content":{"rendered":"<p>            Ordre du jour<\/p>\n<p data-start=\"725\" data-end=\"760\">\u00c0 l\u2019ordre du jour de cette s\u00e9ance :<\/p>\n<ul data-start=\"762\" data-end=\"1270\">\n<li data-start=\"762\" data-end=\"859\">\n<p data-start=\"764\" data-end=\"859\">Carte des formations professionnelles (pr\u00e9-baccalaur\u00e9at et post-baccalaur\u00e9at)<\/p>\n<\/li>\n<li data-start=\"860\" data-end=\"940\">\n<p data-start=\"862\" data-end=\"940\">Carte des enseignements de sp\u00e9cialit\u00e9 et optionnels en lyc\u00e9e<\/p>\n<\/li>\n<li data-start=\"941\" data-end=\"1022\">\n<p data-start=\"943\" data-end=\"1022\">Carte des langues (langues vivantes \u00e9trang\u00e8res et r\u00e9gionales)<\/p>\n<\/li>\n<li data-start=\"1023\" data-end=\"1080\">\n<p data-start=\"1025\" data-end=\"1080\">Carte des classes \u00e0 horaires am\u00e9nag\u00e9s<\/p>\n<\/li>\n<li data-start=\"1081\" data-end=\"1139\">\n<p data-start=\"1083\" data-end=\"1139\">Carte des sections sportives scolaires<\/p>\n<\/li>\n<li data-start=\"1140\" data-end=\"1217\">\n<p data-start=\"1142\" data-end=\"1217\">Rattachement comptable du coll\u00e8ge Le Taillan-M\u00e9doc<\/p>\n<\/li>\n<li data-start=\"1218\" data-end=\"1270\">\n<p data-start=\"1220\" data-end=\"1270\">Revalorisation des m\u00e9decins<\/p>\n<\/li>\n<\/ul>\n<p data-start=\"1272\" data-end=\"1474\">Cet ordre du jour t\u00e9moigne des enjeux majeurs en mati\u00e8re d\u2019offre de formation, de sp\u00e9cialit\u00e9s, de langues, ainsi que des dispositifs d\u2019organisation sp\u00e9cifiques (horaires am\u00e9nag\u00e9s, sections sportives).<\/p>\n<p>Pourquoi ces th\u00e8mes sont centraux<\/p>\n<ul data-start=\"1515\" data-end=\"2647\">\n<li data-start=\"1515\" data-end=\"1693\">\n<p data-start=\"1517\" data-end=\"1693\">La <strong data-start=\"1520\" data-end=\"1561\">carte des formations professionnelles<\/strong> d\u00e9termine les orientations en mati\u00e8re de fili\u00e8res pr\u00e9- et post-baccalaur\u00e9at \u2014 un enjeu cl\u00e9 pour l\u2019acc\u00e8s \u00e0 la formation pour tous.<\/p>\n<\/li>\n<li data-start=\"1694\" data-end=\"1867\">\n<p data-start=\"1696\" data-end=\"1867\">La <strong data-start=\"1699\" data-end=\"1754\">carte des enseignements de sp\u00e9cialit\u00e9 et optionnels<\/strong> en lyc\u00e9e conditionne le choix des \u00e9l\u00e8ves et la diversit\u00e9 des parcours propos\u00e9s dans l\u2019enseignement secondaire.<\/p>\n<\/li>\n<li data-start=\"1868\" data-end=\"2055\">\n<p data-start=\"1870\" data-end=\"2055\">La <strong data-start=\"1873\" data-end=\"1894\">carte des langues<\/strong> (vivantes et r\u00e9gionales) est essentielle pour garantir l\u2019ouverture culturelle et le respect de la diversit\u00e9 linguistique, enjeu important dans notre acad\u00e9mie.<\/p>\n<\/li>\n<li data-start=\"2056\" data-end=\"2282\">\n<p data-start=\"2058\" data-end=\"2282\">Les <strong data-start=\"2062\" data-end=\"2093\">classes \u00e0 horaires am\u00e9nag\u00e9s<\/strong> et <strong data-start=\"2097\" data-end=\"2129\">sections sportives scolaires<\/strong> participent \u00e0 offrir des parcours adapt\u00e9s et diversifi\u00e9s, en particulier pour les \u00e9l\u00e8ves engag\u00e9s dans le sport ou ayant des contraintes particuli\u00e8res.<\/p>\n<\/li>\n<li data-start=\"2446\" data-end=\"2647\">\n<p data-start=\"2448\" data-end=\"2647\">Enfin, la <strong data-start=\"2458\" data-end=\"2489\">revalorisation des m\u00e9decins<\/strong> de l\u2019\u00e9ducation \u2014 m\u00eame \u00e0 l\u2019ordre du jour \u00e0 titre informatif \u2014 peut avoir des cons\u00e9quences concr\u00e8tes sur le suivi m\u00e9dical et la sant\u00e9 des agents et des \u00e9l\u00e8ves.<\/p>\n<\/li>\n<\/ul>\n<p>L\u2019engagement d\u2019UNSA \u00c9ducation<\/p>\n<p data-start=\"671\" data-end=\"748\">La <a href=\"https:\/\/www.unsa-education.com\/articles-regional-\/video-lunsa-education-de-lacademie-de-bordeaux\/\" target=\"_blank\" rel=\"noopener\">d\u00e9l\u00e9gation de l\u2019UNSA \u00c9ducation au CSA acad\u00e9mique 2025-2026<\/a> se compose de :<\/p>\n<ul>\n<li data-start=\"771\" data-end=\"785\">Franck HIALE<\/li>\n<li data-start=\"771\" data-end=\"785\">Patricia ESCAPIL<\/li>\n<li data-start=\"771\" data-end=\"785\">Sandrine BRANA VELU<\/li>\n<li data-start=\"771\" data-end=\"785\">Jean-Luc DUFAU<\/li>\n<li data-start=\"771\" data-end=\"785\">Marie PERPERE<\/li>\n<li data-start=\"771\" data-end=\"785\">Sandrine BOZEC<\/li>\n<\/ul>\n<p data-start=\"908\" data-end=\"1166\">L\u2019UNSA \u00c9ducation consid\u00e8re cette s\u00e9ance comme un moment d\u00e9terminant pour l\u2019avenir de l\u2019offre de formation, des conditions de travail, et de l\u2019\u00e9galit\u00e9 des chances dans l\u2019acad\u00e9mie de Bordeaux. Nous serons attentifs \u00e0 la repr\u00e9sentation des besoins des personnels, \u00e0 la qualit\u00e9 des enseignements offerts, ainsi qu\u2019\u00e0 la prise en compte des r\u00e9alit\u00e9s locales.<\/p>\n<p data-start=\"1168\" data-end=\"1368\">N\u2019h\u00e9sitez pas \u00e0 nous contacter.<\/p>\n<p data-start=\"1370\" data-end=\"1478\">\ud83d\udccd <strong data-start=\"1373\" data-end=\"1418\">CSA de l\u2019acad\u00e9mie de Bordeaux \u2013 16 d\u00e9cembre 2025<\/strong><br data-start=\"1418\" data-end=\"1421\"\/>\ud83d\udcde Contact UNSA \u00c9ducation : Franck HIALE \u2013 06 89 34 86 83 <a href=\"https:\/\/www.unsa-education.com\/articles-regional-\/agenda-le-prochain-csa-de-lacademie-de-bordeaux-2\/mailto:bordeaux@unsa-education.org\" target=\"_blank\" rel=\"noopener\">bordeaux@unsa-education.org<\/a><\/p>\n","protected":false},"excerpt":{"rendered":"Ordre du jour \u00c0 l\u2019ordre du jour de cette s\u00e9ance : Carte des formations professionnelles (pr\u00e9-baccalaur\u00e9at et post-baccalaur\u00e9at)&hellip;\n","protected":false},"author":2,"featured_media":574425,"comment_status":"","ping_status":"","sticky":false,"template":"","format":"standard","meta":{"footnotes":""},"categories":[2817],"tags":[1111,11,1997,1777,674,1011,27,12,2219,25],"class_list":{"0":"post-574424","1":"post","2":"type-post","3":"status-publish","4":"format-standard","5":"has-post-thumbnail","7":"category-bordeaux","8":"tag-actu","9":"tag-actualites","10":"tag-bordeaux","11":"tag-eu","12":"tag-europe","13":"tag-fr","14":"tag-france","15":"tag-news","16":"tag-nouvelle-aquitaine","17":"tag-republique-francaise"},"share_on_mastodon":{"url":"https:\/\/pubeurope.com\/@fr\/115653335073642551","error":""},"_links":{"self":[{"href":"https:\/\/www.europesays.com\/fr\/wp-json\/wp\/v2\/posts\/574424","targetHints":{"allow":["GET"]}}],"collection":[{"href":"https:\/\/www.europesays.com\/fr\/wp-json\/wp\/v2\/posts"}],"about":[{"href":"https:\/\/www.europesays.com\/fr\/wp-json\/wp\/v2\/types\/post"}],"author":[{"embeddable":true,"href":"https:\/\/www.europesays.com\/fr\/wp-json\/wp\/v2\/users\/2"}],"replies":[{"embeddable":true,"href":"https:\/\/www.europesays.com\/fr\/wp-json\/wp\/v2\/comments?post=574424"}],"version-history":[{"count":0,"href":"https:\/\/www.europesays.com\/fr\/wp-json\/wp\/v2\/posts\/574424\/revisions"}],"wp:featuredmedia":[{"embeddable":true,"href":"https:\/\/www.europesays.com\/fr\/wp-json\/wp\/v2\/media\/574425"}],"wp:attachment":[{"href":"https:\/\/www.europesays.com\/fr\/wp-json\/wp\/v2\/media?parent=574424"}],"wp:term":[{"taxonomy":"category","embeddable":true,"href":"https:\/\/www.europesays.com\/fr\/wp-json\/wp\/v2\/categories?post=574424"},{"taxonomy":"post_tag","embeddable":true,"href":"https:\/\/www.europesays.com\/fr\/wp-json\/wp\/v2\/tags?post=574424"}],"curies":[{"name":"wp","href":"https:\/\/api.w.org\/{rel}","templated":true}]}}